{"id":5142,"date":"2011-06-22T02:14:51","date_gmt":"2011-06-22T02:14:51","guid":{"rendered":"http:\/\/www.hoymercedes.com.ar\/principal\/?p=5142"},"modified":"2015-04-16T22:03:36","modified_gmt":"2015-04-17T01:03:36","slug":"educacion-itau-cultural-y-educ-ar-invitan-a-participar-del-concurso-de-cuento-breve-digital-categoria-estudiantes","status":"publish","type":"post","link":"https:\/\/www.hoymercedes.com.ar\/principal\/2011\/06\/22\/educacion-itau-cultural-y-educ-ar-invitan-a-participar-del-concurso-de-cuento-breve-digital-categoria-estudiantes\/","title":{"rendered":"Educaci\u00f3n: Ita\u00fa Cultural y Educ.ar invitan a participar del Concurso de Cuento Breve Digital &#8211; Categor\u00eda Estudiantes"},"content":{"rendered":"<p>Promocionar la lectura, incentivar el uso de las TICs en la escuela y estimular la escritura, son los objetivos de este concurso para estudiantes secundarios que presentan Ita\u00fa y Educ.ar.<\/p>\n<p>Buenos Aires, Junio de 2011 &#8211; El Concurso de Cuento Breve digital para escritores j\u00f3venes emergentes presentado en la 37\u00ba Feria Internacional del Libro, fue declarado de Inter\u00e9s Cultural por la Secretar\u00eda de Cultura de la Naci\u00f3n Es por eso que por un mes a partir del 21 de junio estar\u00e1 abierta la categor\u00eda para estudiantes de entre 16 y 18 a\u00f1os de todas las escuelas secundarias del pa\u00eds.<\/p>\n<p>Esta iniciativa busca promocionar la lectura y el acceso a narraciones en formato digital, creando un espacio de est\u00edmulo para que los estudiantes generen producciones literarias.<\/p>\n<p>La categor\u00eda Estudiantes de este concurso literario fue declarada de Inter\u00e9s Educativo seg\u00fan la Resoluci\u00f3n 249\/11 del Ministerio de Educaci\u00f3n de la Naci\u00f3n y cuenta con el auspicio de Educ.ar, portal oficial del Ministerio de Educaci\u00f3n.<\/p>\n<p>Se conformar\u00e1 un Comit\u00e9 de Lectura y un Jurado de Selecci\u00f3n conformado por prestigiosos profesionales de la educaci\u00f3n y la literatura, que escoger\u00e1n 5 obras que resultar\u00e1n finalistas. El mismo Jurado de Premiaci\u00f3n del Concurso Principal Griselda Gambaro, Luis Gusm\u00e1n y Mar\u00eda Rosa Lojo, todos de reconocida trayectoria en el \u00e1mbito literario nacional, seleccionar\u00e1n la obra de la Categor\u00eda Estudiantes que resultar\u00e1 ganadora. El ganador recibir\u00e1 un dispositivo m\u00f3vil de lectura y su escuela un proyector y pantalla para el establecimiento.<\/p>\n<p>Luego de esta instancia final, se publicar\u00e1 el cuento seleccionado de la Categor\u00eda Estudiantes en la Antolog\u00eda, junto a los ganadores del Premio Ita\u00fa Cultural al Cuento Breve Digital. La Antolog\u00eda ser\u00e1 de descarga gratuita para todos los p\u00fablicos, durante el primer a\u00f1o.<\/p>\n<p>Para conocer las bases del concurso y subir su obra, los interesados podr\u00e1n acceder a partir del 12 de junio a www.premioitau.com.ar\/cuentoest, donde tambi\u00e9n figuran las bases y condiciones.<\/p>\n<p>Para consultas sobre el concurso, ir a \u00abContacto\u00bb en el sitio. Para recibir materiales para difusi\u00f3n del concurso en escuelas, escribir a itaucultural@itau.com.ar<\/p>\n<p><span style=\"color: #888888;\">Fuente: Ministerio de Educaci\u00f3n<\/span><\/p>\n<p>&nbsp;<\/p>\n","protected":false},"excerpt":{"rendered":"<p>Promocionar la lectura, incentivar el uso de las TICs en la escuela y estimular la escritura, son los objetivos de &#8230; <a title=\"Educaci\u00f3n: Ita\u00fa Cultural y Educ.ar invitan a participar del Concurso de Cuento Breve Digital &#8211; Categor\u00eda Estudiantes\" class=\"read-more\" href=\"https:\/\/www.hoymercedes.com.ar\/principal\/2011\/06\/22\/educacion-itau-cultural-y-educ-ar-invitan-a-participar-del-concurso-de-cuento-breve-digital-categoria-estudiantes\/\" aria-label=\"Leer m\u00e1s sobre Educaci\u00f3n: Ita\u00fa Cultural y Educ.ar invitan a participar del Concurso de Cuento Breve Digital &#8211; Categor\u00eda Estudiantes\">Leer m\u00e1s<\/a><\/p>\n","protected":false},"author":1,"featured_media":1797,"comment_status":"open","ping_status":"open","sticky":false,"template":"","format":"standard","meta":{"_monsterinsights_skip_tracking":false,"_monsterinsights_sitenote_active":false,"_monsterinsights_sitenote_note":"","_monsterinsights_sitenote_category":0,"jetpack_post_was_ever_published":false,"_jetpack_newsletter_access":"","_jetpack_dont_email_post_to_subs":false,"_jetpack_newsletter_tier_id":0,"_jetpack_memberships_contains_paywalled_content":false,"_jetpack_memberships_contains_paid_content":false,"footnotes":"","jetpack_publicize_message":"","jetpack_publicize_feature_enabled":true,"jetpack_social_post_already_shared":false,"jetpack_social_options":{"image_generator_settings":{"template":"highway","default_image_id":0,"font":"","enabled":false},"version":2},"_wpas_customize_per_network":false},"categories":[23],"tags":[47,941],"class_list":["post-5142","post","type-post","status-publish","format-standard","has-post-thumbnail","hentry","category-educacion","tag-educacion-2","tag-premio-itau","generate-columns","tablet-grid-50","mobile-grid-100","grid-parent","grid-50"],"jetpack_publicize_connections":[],"jetpack_featured_media_url":"https:\/\/www.hoymercedes.com.ar\/principal\/wp-content\/uploads\/2011\/01\/educ.ar_.escalum-2.jpg","wps_subtitle":"Formaci\u00f3n y capacitaci\u00f3n ","jetpack_sharing_enabled":true,"_links":{"self":[{"href":"https:\/\/www.hoymercedes.com.ar\/principal\/wp-json\/wp\/v2\/posts\/5142","targetHints":{"allow":["GET"]}}],"collection":[{"href":"https:\/\/www.hoymercedes.com.ar\/principal\/wp-json\/wp\/v2\/posts"}],"about":[{"href":"https:\/\/www.hoymercedes.com.ar\/principal\/wp-json\/wp\/v2\/types\/post"}],"author":[{"embeddable":true,"href":"https:\/\/www.hoymercedes.com.ar\/principal\/wp-json\/wp\/v2\/users\/1"}],"replies":[{"embeddable":true,"href":"https:\/\/www.hoymercedes.com.ar\/principal\/wp-json\/wp\/v2\/comments?post=5142"}],"version-history":[{"count":0,"href":"https:\/\/www.hoymercedes.com.ar\/principal\/wp-json\/wp\/v2\/posts\/5142\/revisions"}],"wp:featuredmedia":[{"embeddable":true,"href":"https:\/\/www.hoymercedes.com.ar\/principal\/wp-json\/wp\/v2\/media\/1797"}],"wp:attachment":[{"href":"https:\/\/www.hoymercedes.com.ar\/principal\/wp-json\/wp\/v2\/media?parent=5142"}],"wp:term":[{"taxonomy":"category","embeddable":true,"href":"https:\/\/www.hoymercedes.com.ar\/principal\/wp-json\/wp\/v2\/categories?post=5142"},{"taxonomy":"post_tag","embeddable":true,"href":"https:\/\/www.hoymercedes.com.ar\/principal\/wp-json\/wp\/v2\/tags?post=5142"}],"curies":[{"name":"wp","href":"https:\/\/api.w.org\/{rel}","templated":true}]}}