{"id":51422,"date":"2016-06-18T16:32:41","date_gmt":"2016-06-18T19:32:41","guid":{"rendered":"http:\/\/www.hoymercedes.com.ar\/principal\/?p=51422"},"modified":"2016-06-18T11:01:54","modified_gmt":"2016-06-18T14:01:54","slug":"asamblea-de-cicop-para-que-confirmen-nombramientos","status":"publish","type":"post","link":"https:\/\/www.hoymercedes.com.ar\/principal\/2016\/06\/18\/asamblea-de-cicop-para-que-confirmen-nombramientos\/","title":{"rendered":"Asamblea de CICOP para que confirmen nombramientos"},"content":{"rendered":"<p>La Asociaci\u00f3n de Profesionales de la Salud de la Provincia de Buenos Aires sigue brindando su apoyo a sus seccionales municipales, sean del interior de la provincia como del conurbano bonaerense.\u00a0Es por eso que este \u00a0jueves 16 de junio el gremio se hizo presente en la asamblea conjunta \u00a0de trabajadores y comunidad, el centro de atenci\u00f3n primaria N\u00b0 10 de Jos\u00e9 Le\u00f3n Suarez.<\/p>\n<p><img loading=\"lazy\" decoding=\"async\" data-attachment-id=\"51423\" data-permalink=\"https:\/\/www.hoymercedes.com.ar\/principal\/2016\/06\/18\/asamblea-de-cicop-para-que-confirmen-nombramientos\/18-cicop-asamblea\/#main\" data-orig-file=\"https:\/\/www.hoymercedes.com.ar\/principal\/wp-content\/uploads\/2016\/06\/18-cicop-asamblea.jpg\" data-orig-size=\"448,336\" data-comments-opened=\"1\" data-image-meta=\"{&quot;aperture&quot;:&quot;0&quot;,&quot;credit&quot;:&quot;&quot;,&quot;camera&quot;:&quot;&quot;,&quot;caption&quot;:&quot;&quot;,&quot;created_timestamp&quot;:&quot;0&quot;,&quot;copyright&quot;:&quot;&quot;,&quot;focal_length&quot;:&quot;0&quot;,&quot;iso&quot;:&quot;0&quot;,&quot;shutter_speed&quot;:&quot;0&quot;,&quot;title&quot;:&quot;&quot;,&quot;orientation&quot;:&quot;0&quot;}\" data-image-title=\"18 cicop asamblea\" data-image-description=\"\" data-image-caption=\"\" data-large-file=\"https:\/\/www.hoymercedes.com.ar\/principal\/wp-content\/uploads\/2016\/06\/18-cicop-asamblea.jpg\" class=\"aligncenter size-full wp-image-51423\" src=\"https:\/\/www.hoymercedes.com.ar\/principal\/wp-content\/uploads\/2016\/06\/18-cicop-asamblea.jpg\" alt=\"18 cicop asamblea\" width=\"448\" height=\"336\" srcset=\"https:\/\/www.hoymercedes.com.ar\/principal\/wp-content\/uploads\/2016\/06\/18-cicop-asamblea.jpg 448w, https:\/\/www.hoymercedes.com.ar\/principal\/wp-content\/uploads\/2016\/06\/18-cicop-asamblea-150x113.jpg 150w\" sizes=\"auto, (max-width: 448px) 100vw, 448px\" \/><\/p>\n<p>All\u00ed CICOP manifest\u00f3 su apoyo y solidaridad \u00a0a todos los profesionales que all\u00ed trabajan en pos de la comunidad. Dicho conflicto se produce por el nombramiento del nuevo director de la sala donde estaban reunidos.<\/p>\n<p>El Centro de Atenci\u00f3n N\u00aa 10 de Jos\u00e9 Leon Su\u00e1rez, estableci\u00f3 que sean los vecinos los que elijan en Asamblea al director.\u00a0Esta metodolog\u00eda de elecci\u00f3n est\u00e1 sumamente legitimada, y se ha convertido en un derecho ganado, logrando sostenerla durante los\u00a0\u00faltimos tres cambios de direcci\u00f3n.<\/p>\n<p>En estos momentos dicho cargo se encuentra nuevamente en transici\u00f3n. La directora actual ha presentado la renuncia, y como ya es costumbre, desde la salita convocaron a asamblea para que se presentaran las distintas propuestas y pudi\u00e9ramos decidir qui\u00e9n ocupar\u00eda ese rol.<\/p>\n<p>La propuesta elegida en asamblea fue presentada a la municipalidad acompa\u00f1ada por las firmas de miembros del equipo y de integrantes de la comunidad. En simult\u00e1neo, la Secretar\u00eda de Salud de la municipalidad de J. L. Su\u00e1rez entrevist\u00f3 a la persona que le puso su nombre al proyecto.<\/p>\n<p>Sin embargo, desde la municipalidad, a trav\u00e9s del Secretario de Salud Diego Capurro y el Subsecretario Claudio Bloch, han comunicado que han designado unilateralmente a otra persona para el cargo de direcci\u00f3n.. Lo que transmiten es que no acuerdan con nuestro m\u00e9todo de elecci\u00f3n.<\/p>\n<p>De esta manera, demuestran que lo que les preocupa no es si la persona que tomar\u00e1 el cargo es id\u00f3nea o no, sino que quieren robarnos la capacidad la decisi\u00f3n. No toleran que este tipo de decisiones sean tomadas por vecinos del barrio. Por el contrario, buscan quitar el derecho a decidir.<\/p>\n<p>\u00abDesde el CAPS N\u00b010 seguimos firmes en nuestra decisi\u00f3n, y no estamos dispuestos a relegar los modos de tomar decisiones que hemos sabido construir a lo largo de muchos a\u00f1os de trabajo. Nos encontramos en estado de asamblea permanente y convocamos a quienes deseen solidarizarse con este proceso a participar de nuestras asambleas que tienen lugar todos los jueves a las 11:30 hs\u00bb, cuentan desde Jos\u00e9 Le\u00f3n Su\u00e1rez.<\/p>\n<p>Fuente: CICOP Mercedes<\/p>\n","protected":false},"excerpt":{"rendered":"<p>La Asociaci\u00f3n de Profesionales de la Salud de la Provincia de Buenos Aires sigue brindando su apoyo a sus seccionales &#8230; <a title=\"Asamblea de CICOP para que confirmen nombramientos\" class=\"read-more\" href=\"https:\/\/www.hoymercedes.com.ar\/principal\/2016\/06\/18\/asamblea-de-cicop-para-que-confirmen-nombramientos\/\" aria-label=\"Leer m\u00e1s sobre Asamblea de CICOP para que confirmen nombramientos\">Leer m\u00e1s<\/a><\/p>\n","protected":false},"author":1,"featured_media":51423,"comment_status":"open","ping_status":"open","sticky":false,"template":"","format":"standard","meta":{"_monsterinsights_skip_tracking":false,"_monsterinsights_sitenote_active":false,"_monsterinsights_sitenote_note":"","_monsterinsights_sitenote_category":0,"jetpack_post_was_ever_published":false,"_jetpack_newsletter_access":"","_jetpack_dont_email_post_to_subs":false,"_jetpack_newsletter_tier_id":0,"_jetpack_memberships_contains_paywalled_content":false,"_jetpack_memberships_contains_paid_content":false,"footnotes":"","jetpack_publicize_message":"","jetpack_publicize_feature_enabled":true,"jetpack_social_post_already_shared":true,"jetpack_social_options":{"image_generator_settings":{"template":"highway","default_image_id":0,"font":"","enabled":false},"version":2},"_wpas_customize_per_network":false},"categories":[5485],"tags":[8702,6439,134,1443],"class_list":["post-51422","post","type-post","status-publish","format-standard","has-post-thumbnail","hentry","category-comunidad","tag-asamblea","tag-cicop","tag-salud","tag-sindicatos","generate-columns","tablet-grid-50","mobile-grid-100","grid-parent","grid-50"],"jetpack_publicize_connections":[],"jetpack_featured_media_url":"https:\/\/www.hoymercedes.com.ar\/principal\/wp-content\/uploads\/2016\/06\/18-cicop-asamblea.jpg","wps_subtitle":"D\u00edas atr\u00e1s","jetpack_sharing_enabled":true,"_links":{"self":[{"href":"https:\/\/www.hoymercedes.com.ar\/principal\/wp-json\/wp\/v2\/posts\/51422","targetHints":{"allow":["GET"]}}],"collection":[{"href":"https:\/\/www.hoymercedes.com.ar\/principal\/wp-json\/wp\/v2\/posts"}],"about":[{"href":"https:\/\/www.hoymercedes.com.ar\/principal\/wp-json\/wp\/v2\/types\/post"}],"author":[{"embeddable":true,"href":"https:\/\/www.hoymercedes.com.ar\/principal\/wp-json\/wp\/v2\/users\/1"}],"replies":[{"embeddable":true,"href":"https:\/\/www.hoymercedes.com.ar\/principal\/wp-json\/wp\/v2\/comments?post=51422"}],"version-history":[{"count":0,"href":"https:\/\/www.hoymercedes.com.ar\/principal\/wp-json\/wp\/v2\/posts\/51422\/revisions"}],"wp:featuredmedia":[{"embeddable":true,"href":"https:\/\/www.hoymercedes.com.ar\/principal\/wp-json\/wp\/v2\/media\/51423"}],"wp:attachment":[{"href":"https:\/\/www.hoymercedes.com.ar\/principal\/wp-json\/wp\/v2\/media?parent=51422"}],"wp:term":[{"taxonomy":"category","embeddable":true,"href":"https:\/\/www.hoymercedes.com.ar\/principal\/wp-json\/wp\/v2\/categories?post=51422"},{"taxonomy":"post_tag","embeddable":true,"href":"https:\/\/www.hoymercedes.com.ar\/principal\/wp-json\/wp\/v2\/tags?post=51422"}],"curies":[{"name":"wp","href":"https:\/\/api.w.org\/{rel}","templated":true}]}}