{"id":51483,"date":"2016-06-20T20:25:18","date_gmt":"2016-06-20T23:25:18","guid":{"rendered":"http:\/\/www.hoymercedes.com.ar\/principal\/?p=51483"},"modified":"2016-06-20T14:28:48","modified_gmt":"2016-06-20T17:28:48","slug":"por-lertora-a-gimnasia-se-le-sumo-belgrano-y-newells","status":"publish","type":"post","link":"https:\/\/www.hoymercedes.com.ar\/principal\/2016\/06\/20\/por-lertora-a-gimnasia-se-le-sumo-belgrano-y-newells\/","title":{"rendered":"Por L\u00e9rtora, a Gimnasia se le sum\u00f3 Belgrano y Newell\u00b4s"},"content":{"rendered":"<p><em><strong>Por Ariel Musante \/ Federico L\u00e9rtora quedar\u00e1 libre de Arsenal de Sarand\u00ed en diez d\u00edas, cuando finalice su contrato. Ya con la seguridad de que no continuar\u00e1 y con el pase en su poder, podr\u00e1 dialogar mano a mano con los clubes que lo pretendan. Ahora suena como refuerzo en C\u00f3rdoba y Rosario.<\/strong><\/em><\/p>\n<p><img loading=\"lazy\" decoding=\"async\" data-attachment-id=\"51484\" data-permalink=\"https:\/\/www.hoymercedes.com.ar\/principal\/2016\/06\/20\/por-lertora-a-gimnasia-se-le-sumo-belgrano-y-newells\/20-lertora-vs-boca-1\/#main\" data-orig-file=\"https:\/\/www.hoymercedes.com.ar\/principal\/wp-content\/uploads\/2016\/06\/20-Lertora-Vs-Boca-1.jpg\" data-orig-size=\"448,297\" data-comments-opened=\"1\" data-image-meta=\"{&quot;aperture&quot;:&quot;0&quot;,&quot;credit&quot;:&quot;&quot;,&quot;camera&quot;:&quot;&quot;,&quot;caption&quot;:&quot;&quot;,&quot;created_timestamp&quot;:&quot;0&quot;,&quot;copyright&quot;:&quot;&quot;,&quot;focal_length&quot;:&quot;0&quot;,&quot;iso&quot;:&quot;0&quot;,&quot;shutter_speed&quot;:&quot;0&quot;,&quot;title&quot;:&quot;&quot;,&quot;orientation&quot;:&quot;0&quot;}\" data-image-title=\"20 Lertora Vs Boca (1)\" data-image-description=\"\" data-image-caption=\"\" data-large-file=\"https:\/\/www.hoymercedes.com.ar\/principal\/wp-content\/uploads\/2016\/06\/20-Lertora-Vs-Boca-1.jpg\" class=\"aligncenter size-full wp-image-51484\" src=\"https:\/\/www.hoymercedes.com.ar\/principal\/wp-content\/uploads\/2016\/06\/20-Lertora-Vs-Boca-1.jpg\" alt=\"20 Lertora Vs Boca (1)\" width=\"448\" height=\"297\" srcset=\"https:\/\/www.hoymercedes.com.ar\/principal\/wp-content\/uploads\/2016\/06\/20-Lertora-Vs-Boca-1.jpg 448w, https:\/\/www.hoymercedes.com.ar\/principal\/wp-content\/uploads\/2016\/06\/20-Lertora-Vs-Boca-1-150x99.jpg 150w, https:\/\/www.hoymercedes.com.ar\/principal\/wp-content\/uploads\/2016\/06\/20-Lertora-Vs-Boca-1-300x200.jpg 300w\" sizes=\"auto, (max-width: 448px) 100vw, 448px\" \/><\/p>\n<p>El ex Ferro y Godoy Cruz Federico L\u00e9rtora ya no jugar\u00e1 en Arsenal de Sarand\u00ed, y cuando parec\u00eda que ten\u00eda todo encaminado para jugar en El Bosque platense, se sumaron sonderos del Barrio Alberdi de C\u00f3rdoba y del Parque de la Independencia de Rosario.<\/p>\n<p>Son d\u00edas intensos para Belgrano en el armado del plantel para el segundo semestre. Y m\u00e1s all\u00e1 del anhelo de repatriar a Mat\u00edas Su\u00e1rez, hay otros puestos para cubrir. Y para el mediocampo, uno de los apuntados ser\u00eda Federico L\u00e9rtora.<\/p>\n<p>El volante, de 25 a\u00f1os y apodado el Le\u00f3n, qued\u00f3 libre de Arsenal. Se inici\u00f3 en Ferro y pas\u00f3 por Godoy Cruz. Consultado sobre la posibilidad de sumarse a Belgrano, manifest\u00f3 que est\u00e1 interesado.<\/p>\n<p>Curiosamente, a principio de a\u00f1o se lo mencion\u00f3 como posible refuerzo de Talleres para suplir a Pablo Gui\u00f1az\u00fa, quien se lesion\u00f3 apenas se incorpor\u00f3. Adem\u00e1s, manejar\u00eda una oferta de Newell&#8217;s tambi\u00e9n.<\/p>\n","protected":false},"excerpt":{"rendered":"<p>Por Ariel Musante \/ Federico L\u00e9rtora quedar\u00e1 libre de Arsenal de Sarand\u00ed en diez d\u00edas, cuando finalice su contrato. Ya &#8230; <a title=\"Por L\u00e9rtora, a Gimnasia se le sum\u00f3 Belgrano y Newell\u00b4s\" class=\"read-more\" href=\"https:\/\/www.hoymercedes.com.ar\/principal\/2016\/06\/20\/por-lertora-a-gimnasia-se-le-sumo-belgrano-y-newells\/\" aria-label=\"Leer m\u00e1s sobre Por L\u00e9rtora, a Gimnasia se le sum\u00f3 Belgrano y Newell\u00b4s\">Leer m\u00e1s<\/a><\/p>\n","protected":false},"author":1,"featured_media":51484,"comment_status":"open","ping_status":"open","sticky":false,"template":"","format":"standard","meta":{"_monsterinsights_skip_tracking":false,"_monsterinsights_sitenote_active":false,"_monsterinsights_sitenote_note":"","_monsterinsights_sitenote_category":0,"jetpack_post_was_ever_published":false,"_jetpack_newsletter_access":"","_jetpack_dont_email_post_to_subs":false,"_jetpack_newsletter_tier_id":0,"_jetpack_memberships_contains_paywalled_content":false,"_jetpack_memberships_contains_paid_content":false,"footnotes":"","jetpack_publicize_message":"","jetpack_publicize_feature_enabled":true,"jetpack_social_post_already_shared":true,"jetpack_social_options":{"image_generator_settings":{"template":"highway","default_image_id":0,"font":"","enabled":false},"version":2},"_wpas_customize_per_network":false},"categories":[21],"tags":[204,1003,8896,8733],"class_list":["post-51483","post","type-post","status-publish","format-standard","has-post-thumbnail","hentry","category-deportes","tag-deportes-2","tag-futbol","tag-lertora","tag-musante","generate-columns","tablet-grid-50","mobile-grid-100","grid-parent","grid-50"],"jetpack_publicize_connections":[],"jetpack_featured_media_url":"https:\/\/www.hoymercedes.com.ar\/principal\/wp-content\/uploads\/2016\/06\/20-Lertora-Vs-Boca-1.jpg","wps_subtitle":"Mercado de pases","jetpack_sharing_enabled":true,"_links":{"self":[{"href":"https:\/\/www.hoymercedes.com.ar\/principal\/wp-json\/wp\/v2\/posts\/51483","targetHints":{"allow":["GET"]}}],"collection":[{"href":"https:\/\/www.hoymercedes.com.ar\/principal\/wp-json\/wp\/v2\/posts"}],"about":[{"href":"https:\/\/www.hoymercedes.com.ar\/principal\/wp-json\/wp\/v2\/types\/post"}],"author":[{"embeddable":true,"href":"https:\/\/www.hoymercedes.com.ar\/principal\/wp-json\/wp\/v2\/users\/1"}],"replies":[{"embeddable":true,"href":"https:\/\/www.hoymercedes.com.ar\/principal\/wp-json\/wp\/v2\/comments?post=51483"}],"version-history":[{"count":0,"href":"https:\/\/www.hoymercedes.com.ar\/principal\/wp-json\/wp\/v2\/posts\/51483\/revisions"}],"wp:featuredmedia":[{"embeddable":true,"href":"https:\/\/www.hoymercedes.com.ar\/principal\/wp-json\/wp\/v2\/media\/51484"}],"wp:attachment":[{"href":"https:\/\/www.hoymercedes.com.ar\/principal\/wp-json\/wp\/v2\/media?parent=51483"}],"wp:term":[{"taxonomy":"category","embeddable":true,"href":"https:\/\/www.hoymercedes.com.ar\/principal\/wp-json\/wp\/v2\/categories?post=51483"},{"taxonomy":"post_tag","embeddable":true,"href":"https:\/\/www.hoymercedes.com.ar\/principal\/wp-json\/wp\/v2\/tags?post=51483"}],"curies":[{"name":"wp","href":"https:\/\/api.w.org\/{rel}","templated":true}]}}