{"id":5149,"date":"2011-06-22T15:35:55","date_gmt":"2011-06-22T15:35:55","guid":{"rendered":"http:\/\/www.hoymercedes.com.ar\/principal\/?p=5149"},"modified":"2011-06-22T15:35:55","modified_gmt":"2011-06-22T15:35:55","slug":"se-dieron-a-conocer-los-nombres-de-la-lista-de-juan-carlos-benitez","status":"publish","type":"post","link":"https:\/\/www.hoymercedes.com.ar\/principal\/2011\/06\/22\/se-dieron-a-conocer-los-nombres-de-la-lista-de-juan-carlos-benitez\/","title":{"rendered":"Se dieron a conocer los nombres de la lista de Juan Carlos Ben\u00edtez"},"content":{"rendered":"<p>Un importante referente de Unidad y Lealtad confirmo de manera oficial la presentaci\u00f3n ante las autoridades de la Junta Electoral de toda la documentaci\u00f3n necesaria para que bajo la cobertura del Frente Popular que postula como candidato a presidente de la Naci\u00f3n al Dr. Eduardo Duhalde y encabezados en nuestra ciudad por el actual Concejal Juan Carlos Ben\u00edtez como candidato a Intendente  pueda participar de las internas abiertas, simult\u00e1neas y obligatorias del 14 de agosto en el Partido de Mercedes.<\/p>\n<p>De acuerdo a lo informado la lista de Concejales ha sido presentada de la siguiente manera:<\/p>\n<p>Alejandro Molle<\/p>\n<p>L\u00eda Matilde Dulevich<\/p>\n<p>Sabrina Clarisa Vi\u00f1ales<\/p>\n<p>Jos\u00e9 Mar\u00eda Comesa\u00f1a (h)<\/p>\n<p>Juan Manuel Bories<\/p>\n<p>Norma Oviedo<\/p>\n<p><strong>Candidatos a Consejeros Escolares<\/strong><\/p>\n<p>Elida Sainz<\/p>\n<p>Jorge Tilli<\/p>\n<p><strong>Apoderados<\/strong><\/p>\n<p>Ra\u00fal Ju\u00e1rez-Hugo Estevena y Ram\u00f3n Bereterbide<\/p>\n<p>&nbsp;<\/p>\n<p>Por su parte al ser consultado acerca de la presentaci\u00f3n oficial sostuvo \u201ca \u00faltima hora de lunes procedimos a certificar las firmas de la totalidad de nuestros candidatos controlando cada n\u00famero de documento para no cometer ning\u00fan error junto a quien estuvo a cargo de hacer dicha certificaci\u00f3n el Escribano Mariano Castelucci y a lo largo de la jornada de este martes hemos  viajado para efectuar la presentaci\u00f3n correspondiente ante las autoridades electorales\u201d para concluir sus declaraciones expresando \u201ca\u00fan no tenemos definido si estaremos haciendo alg\u00fan acto especial para presentar nuestra lista, yo creo que los nombres que estamos dando van a ser conocidos r\u00e1pidamente por la poblaci\u00f3n a trav\u00e9s de los informes que todos los medios period\u00edsticos locales hacen respecto a las elecciones del 14 de agosto, de cualquier manera vuelvo a reiterar que aun no hemos adoptado una posici\u00f3n definitiva. Algo que seguramente haremos en los pr\u00f3ximos d\u00edas\u201d.<\/p>\n<p>Para esta elecci\u00f3n Unidad y Lealtad integrar\u00e1 en nuestra ciudad el Frente Popular junto a la Agrupaci\u00f3n Herederos de Per\u00f3n, Volver a Creer y UATRE que como se sabe desde el primer momento se mantuvo junto el ex presidente y gobernador bonaerense Eduardo Duhalde como principal soporte del peronismo disidente.<\/p>\n","protected":false},"excerpt":{"rendered":"<p>Un importante referente de Unidad y Lealtad confirmo de manera oficial la presentaci\u00f3n ante las autoridades de la Junta Electoral &#8230; <a title=\"Se dieron a conocer los nombres de la lista de Juan Carlos Ben\u00edtez\" class=\"read-more\" href=\"https:\/\/www.hoymercedes.com.ar\/principal\/2011\/06\/22\/se-dieron-a-conocer-los-nombres-de-la-lista-de-juan-carlos-benitez\/\" aria-label=\"Leer m\u00e1s sobre Se dieron a conocer los nombres de la lista de Juan Carlos Ben\u00edtez\">Leer m\u00e1s<\/a><\/p>\n","protected":false},"author":1,"featured_media":0,"comment_status":"open","ping_status":"open","sticky":false,"template":"","format":"standard","meta":{"_monsterinsights_skip_tracking":false,"_monsterinsights_sitenote_active":false,"_monsterinsights_sitenote_note":"","_monsterinsights_sitenote_category":0,"jetpack_post_was_ever_published":false,"_jetpack_newsletter_access":"","_jetpack_dont_email_post_to_subs":false,"_jetpack_newsletter_tier_id":0,"_jetpack_memberships_contains_paywalled_content":false,"_jetpack_memberships_contains_paid_content":false,"footnotes":"","jetpack_publicize_message":"","jetpack_publicize_feature_enabled":true,"jetpack_social_post_already_shared":false,"jetpack_social_options":{"image_generator_settings":{"template":"highway","default_image_id":0,"font":"","enabled":false},"version":2},"_wpas_customize_per_network":false},"categories":[5],"tags":[469,910,943],"class_list":["post-5149","post","type-post","status-publish","format-standard","hentry","category-politica","tag-benitez","tag-molle","tag-movimiento-popular","generate-columns","tablet-grid-50","mobile-grid-100","grid-parent","grid-50"],"jetpack_publicize_connections":[],"jetpack_featured_media_url":"","wps_subtitle":"","jetpack_sharing_enabled":true,"_links":{"self":[{"href":"https:\/\/www.hoymercedes.com.ar\/principal\/wp-json\/wp\/v2\/posts\/5149","targetHints":{"allow":["GET"]}}],"collection":[{"href":"https:\/\/www.hoymercedes.com.ar\/principal\/wp-json\/wp\/v2\/posts"}],"about":[{"href":"https:\/\/www.hoymercedes.com.ar\/principal\/wp-json\/wp\/v2\/types\/post"}],"author":[{"embeddable":true,"href":"https:\/\/www.hoymercedes.com.ar\/principal\/wp-json\/wp\/v2\/users\/1"}],"replies":[{"embeddable":true,"href":"https:\/\/www.hoymercedes.com.ar\/principal\/wp-json\/wp\/v2\/comments?post=5149"}],"version-history":[{"count":0,"href":"https:\/\/www.hoymercedes.com.ar\/principal\/wp-json\/wp\/v2\/posts\/5149\/revisions"}],"wp:attachment":[{"href":"https:\/\/www.hoymercedes.com.ar\/principal\/wp-json\/wp\/v2\/media?parent=5149"}],"wp:term":[{"taxonomy":"category","embeddable":true,"href":"https:\/\/www.hoymercedes.com.ar\/principal\/wp-json\/wp\/v2\/categories?post=5149"},{"taxonomy":"post_tag","embeddable":true,"href":"https:\/\/www.hoymercedes.com.ar\/principal\/wp-json\/wp\/v2\/tags?post=5149"}],"curies":[{"name":"wp","href":"https:\/\/api.w.org\/{rel}","templated":true}]}}