{"id":5152,"date":"2011-06-22T15:46:48","date_gmt":"2011-06-22T15:46:48","guid":{"rendered":"http:\/\/www.hoymercedes.com.ar\/principal\/?p=5152"},"modified":"2011-06-22T15:46:48","modified_gmt":"2011-06-22T15:46:48","slug":"realizaron-subasta-del-futbol-solidario","status":"publish","type":"post","link":"https:\/\/www.hoymercedes.com.ar\/principal\/2011\/06\/22\/realizaron-subasta-del-futbol-solidario\/","title":{"rendered":"Realizaron subasta del f\u00fatbol solidario"},"content":{"rendered":"<p style=\"text-align: center;\"><a href=\"https:\/\/www.hoymercedes.com.ar\/principal\/wp-content\/uploads\/2011\/06\/subastafutbolsolidario.jpg\"><img loading=\"lazy\" decoding=\"async\" data-attachment-id=\"5154\" data-permalink=\"https:\/\/www.hoymercedes.com.ar\/principal\/2011\/06\/22\/realizaron-subasta-del-futbol-solidario\/subastafutbolsolidario\/#main\" data-orig-file=\"https:\/\/www.hoymercedes.com.ar\/principal\/wp-content\/uploads\/2011\/06\/subastafutbolsolidario.jpg\" data-orig-size=\"600,310\" data-comments-opened=\"1\" data-image-meta=\"{&quot;aperture&quot;:&quot;2.8&quot;,&quot;credit&quot;:&quot;&quot;,&quot;camera&quot;:&quot;DMC-FS7&quot;,&quot;caption&quot;:&quot;&quot;,&quot;created_timestamp&quot;:&quot;1308695311&quot;,&quot;copyright&quot;:&quot;&quot;,&quot;focal_length&quot;:&quot;5.5&quot;,&quot;iso&quot;:&quot;320&quot;,&quot;shutter_speed&quot;:&quot;0.033333333333333&quot;,&quot;title&quot;:&quot;&quot;}\" data-image-title=\"subastafutbolsolidario\" data-image-description=\"\" data-image-caption=\"\" data-large-file=\"https:\/\/www.hoymercedes.com.ar\/principal\/wp-content\/uploads\/2011\/06\/subastafutbolsolidario.jpg\" class=\"size-full wp-image-5154 aligncenter\" title=\"subastafutbolsolidario\" src=\"https:\/\/www.hoymercedes.com.ar\/principal\/wp-content\/uploads\/2011\/06\/subastafutbolsolidario.jpg\" alt=\"\" width=\"600\" height=\"310\" \/><\/a><\/p>\n<p>Estuvieron presentes: Lucas Biglia, Emanuel Culio, Fernando Moner, Lucas Castroman, Mariano Elizondo, Carlos Selva y Pablo Vera De Bonis entre otros. En la subasta especial se recaudaron m\u00e1s de 14 mil pesos destinados al Hospital.<\/p>\n<p>Como estaba anunciado presentaron oficialmente la 4\u00ba edici\u00f3n del F\u00fatbol Solidario, en esta oportunidad el evento fue en el Sal\u00f3n Indira. All\u00ed estuvieron presentes integrantes de las cuatro instituciones que participan (Bomberos Voluntario, Hospital, CEPT N\u00ba 4 y Fundaci\u00f3n LUCAS) y los jugadores Lucas Biglia, Emanuel Culio y Lucas Castroman<\/p>\n<p>Adem\u00e1s los organizadores Mariano Elizondo, Fernando Moner y Pablo Vera De Bonis; adem\u00e1s desde el plano institucional estuvo presente el Intendente, Carlos Selva y dem\u00e1s concejales tanto del oficialismo, como as\u00ed tambi\u00e9n de la oposici\u00f3n.<\/p>\n<p>Durante la presentaci\u00f3n, tuvo lugar una subasta especial a cargo de Diego Mar\u00fa destinada al Hospital Blas L. Dubarry, en esta ocasi\u00f3n recaudaron m\u00e1s de 14 mil pesos.<\/p>\n<p style=\"text-align: center;\"><a href=\"https:\/\/www.hoymercedes.com.ar\/principal\/wp-content\/uploads\/2011\/06\/subastaIIfutbolsolidario.jpg\"><img loading=\"lazy\" decoding=\"async\" data-attachment-id=\"5155\" data-permalink=\"https:\/\/www.hoymercedes.com.ar\/principal\/2011\/06\/22\/realizaron-subasta-del-futbol-solidario\/subastaiifutbolsolidario\/#main\" data-orig-file=\"https:\/\/www.hoymercedes.com.ar\/principal\/wp-content\/uploads\/2011\/06\/subastaIIfutbolsolidario.jpg\" data-orig-size=\"600,243\" data-comments-opened=\"1\" data-image-meta=\"{&quot;aperture&quot;:&quot;2.8&quot;,&quot;credit&quot;:&quot;&quot;,&quot;camera&quot;:&quot;DMC-FS7&quot;,&quot;caption&quot;:&quot;&quot;,&quot;created_timestamp&quot;:&quot;1308692782&quot;,&quot;copyright&quot;:&quot;&quot;,&quot;focal_length&quot;:&quot;5.5&quot;,&quot;iso&quot;:&quot;640&quot;,&quot;shutter_speed&quot;:&quot;0.033333333333333&quot;,&quot;title&quot;:&quot;&quot;}\" data-image-title=\"subastaIIfutbolsolidario\" data-image-description=\"\" data-image-caption=\"\" data-large-file=\"https:\/\/www.hoymercedes.com.ar\/principal\/wp-content\/uploads\/2011\/06\/subastaIIfutbolsolidario.jpg\" class=\"size-full wp-image-5155 aligncenter\" title=\"subastaIIfutbolsolidario\" src=\"https:\/\/www.hoymercedes.com.ar\/principal\/wp-content\/uploads\/2011\/06\/subastaIIfutbolsolidario.jpg\" alt=\"\" width=\"600\" height=\"243\" srcset=\"https:\/\/www.hoymercedes.com.ar\/principal\/wp-content\/uploads\/2011\/06\/subastaIIfutbolsolidario.jpg 600w, https:\/\/www.hoymercedes.com.ar\/principal\/wp-content\/uploads\/2011\/06\/subastaIIfutbolsolidario-300x121.jpg 300w\" sizes=\"auto, (max-width: 600px) 100vw, 600px\" \/><\/a><\/p>\n","protected":false},"excerpt":{"rendered":"<p>Estuvieron presentes: Lucas Biglia, Emanuel Culio, Fernando Moner, Lucas Castroman, Mariano Elizondo, Carlos Selva y Pablo Vera De Bonis entre &#8230; <a title=\"Realizaron subasta del f\u00fatbol solidario\" class=\"read-more\" href=\"https:\/\/www.hoymercedes.com.ar\/principal\/2011\/06\/22\/realizaron-subasta-del-futbol-solidario\/\" aria-label=\"Leer m\u00e1s sobre Realizaron subasta del f\u00fatbol solidario\">Leer m\u00e1s<\/a><\/p>\n","protected":false},"author":1,"featured_media":0,"comment_status":"open","ping_status":"open","sticky":false,"template":"","format":"standard","meta":{"_monsterinsights_skip_tracking":false,"_monsterinsights_sitenote_active":false,"_monsterinsights_sitenote_note":"","_monsterinsights_sitenote_category":0,"jetpack_post_was_ever_published":false,"_jetpack_newsletter_access":"","_jetpack_dont_email_post_to_subs":false,"_jetpack_newsletter_tier_id":0,"_jetpack_memberships_contains_paywalled_content":false,"_jetpack_memberships_contains_paid_content":false,"footnotes":"","jetpack_publicize_message":"","jetpack_publicize_feature_enabled":true,"jetpack_social_post_already_shared":false,"jetpack_social_options":{"image_generator_settings":{"template":"highway","default_image_id":0,"font":"","enabled":false},"version":2},"_wpas_customize_per_network":false},"categories":[8],"tags":[395,944,800,18],"class_list":["post-5152","post","type-post","status-publish","format-standard","hentry","category-sociedad","tag-biglia","tag-castroman","tag-futbol-solidario","tag-selva","generate-columns","tablet-grid-50","mobile-grid-100","grid-parent","grid-50"],"jetpack_publicize_connections":[],"jetpack_featured_media_url":"","wps_subtitle":"","jetpack_sharing_enabled":true,"_links":{"self":[{"href":"https:\/\/www.hoymercedes.com.ar\/principal\/wp-json\/wp\/v2\/posts\/5152","targetHints":{"allow":["GET"]}}],"collection":[{"href":"https:\/\/www.hoymercedes.com.ar\/principal\/wp-json\/wp\/v2\/posts"}],"about":[{"href":"https:\/\/www.hoymercedes.com.ar\/principal\/wp-json\/wp\/v2\/types\/post"}],"author":[{"embeddable":true,"href":"https:\/\/www.hoymercedes.com.ar\/principal\/wp-json\/wp\/v2\/users\/1"}],"replies":[{"embeddable":true,"href":"https:\/\/www.hoymercedes.com.ar\/principal\/wp-json\/wp\/v2\/comments?post=5152"}],"version-history":[{"count":0,"href":"https:\/\/www.hoymercedes.com.ar\/principal\/wp-json\/wp\/v2\/posts\/5152\/revisions"}],"wp:attachment":[{"href":"https:\/\/www.hoymercedes.com.ar\/principal\/wp-json\/wp\/v2\/media?parent=5152"}],"wp:term":[{"taxonomy":"category","embeddable":true,"href":"https:\/\/www.hoymercedes.com.ar\/principal\/wp-json\/wp\/v2\/categories?post=5152"},{"taxonomy":"post_tag","embeddable":true,"href":"https:\/\/www.hoymercedes.com.ar\/principal\/wp-json\/wp\/v2\/tags?post=5152"}],"curies":[{"name":"wp","href":"https:\/\/api.w.org\/{rel}","templated":true}]}}