{"id":51524,"date":"2016-06-21T15:31:31","date_gmt":"2016-06-21T18:31:31","guid":{"rendered":"http:\/\/www.hoymercedes.com.ar\/principal\/?p=51524"},"modified":"2016-06-21T16:08:13","modified_gmt":"2016-06-21T19:08:13","slug":"trocha-gana-y-obliga","status":"publish","type":"post","link":"https:\/\/www.hoymercedes.com.ar\/principal\/2016\/06\/21\/trocha-gana-y-obliga\/","title":{"rendered":"Trocha gana y obliga"},"content":{"rendered":"<p><em><strong>La Carbonilla derrot\u00f3 a San Marcos 3 a 2 jugando una hora con diez hombres y si bien tiene un partido m\u00e1s, se asegur\u00f3 que El Front\u00f3n no lo alcance en la pr\u00f3xima fecha, cuando ya se juega el final del Apertura. Estudiantes empat\u00f3 con Juventud y se complic\u00f3 solo. V\u00e9lez sigue en la pelea y Comunicaciones no quiere bajar al octavo lugar. Hoy juegan Mercedes y Ateneo.<\/strong><\/em><\/p>\n<p><img loading=\"lazy\" decoding=\"async\" data-attachment-id=\"51542\" data-permalink=\"https:\/\/www.hoymercedes.com.ar\/principal\/2016\/06\/21\/trocha-gana-y-obliga\/21-futbol-_mhm9490\/#main\" data-orig-file=\"https:\/\/www.hoymercedes.com.ar\/principal\/wp-content\/uploads\/2016\/06\/21-futbol-_MHM9490.jpg\" data-orig-size=\"448,298\" data-comments-opened=\"1\" data-image-meta=\"{&quot;aperture&quot;:&quot;2.5&quot;,&quot;credit&quot;:&quot;??????????????????&quot;,&quot;camera&quot;:&quot;NIKON D300&quot;,&quot;caption&quot;:&quot;???????????????????????????????????&quot;,&quot;created_timestamp&quot;:&quot;1466440301&quot;,&quot;copyright&quot;:&quot;Moreira Mario Hugo&quot;,&quot;focal_length&quot;:&quot;50&quot;,&quot;iso&quot;:&quot;250&quot;,&quot;shutter_speed&quot;:&quot;0.0008&quot;,&quot;title&quot;:&quot;&quot;,&quot;orientation&quot;:&quot;0&quot;}\" data-image-title=\"21 futbol _MHM9490\" data-image-description=\"\" data-image-caption=\"\" data-large-file=\"https:\/\/www.hoymercedes.com.ar\/principal\/wp-content\/uploads\/2016\/06\/21-futbol-_MHM9490.jpg\" class=\"aligncenter size-full wp-image-51542\" src=\"https:\/\/www.hoymercedes.com.ar\/principal\/wp-content\/uploads\/2016\/06\/21-futbol-_MHM9490.jpg\" alt=\"21 futbol _MHM9490\" width=\"448\" height=\"298\" srcset=\"https:\/\/www.hoymercedes.com.ar\/principal\/wp-content\/uploads\/2016\/06\/21-futbol-_MHM9490.jpg 448w, https:\/\/www.hoymercedes.com.ar\/principal\/wp-content\/uploads\/2016\/06\/21-futbol-_MHM9490-150x100.jpg 150w, https:\/\/www.hoymercedes.com.ar\/principal\/wp-content\/uploads\/2016\/06\/21-futbol-_MHM9490-300x200.jpg 300w\" sizes=\"auto, (max-width: 448px) 100vw, 448px\" \/><\/p>\n<p>Cada vez m\u00e1s apasionante est\u00e1 la recta final del torneo Apertura de Primera Divisi\u00f3n de la Liga Mercedina, porque la tabla de posiciones se parti\u00f3 en tres y cuando a algunos les quedan tres partidos por jugar y a otros cuatro, los puntos que se pierden comienzan a cotizar en bolsa de cara a la clasificiaci\u00f3n.<\/p>\n<p>Este lunes se aprovech\u00f3 el feriado para adelantar una fecha de un torneo que lleg\u00f3 a estar casi un mes y medio parado entre abril y mayo y adem\u00e1s de que los equipos buscan ingresar entre los siete mejores, tambi\u00e9n pretenden quedar lo m\u00e1s alto posible para jugar con la ventaja deportiva.<\/p>\n<p>El primero de los partidos que se jug\u00f3 en cancha de la Liga Mercedina fue el de la victoria de V\u00e9lez por 1 a 0 ante El Tim\u00f3n, un equipo que si bien marcha \u00faltimo, ha complicado a m\u00e1s de uno en este torneo. El club del Barrio El Molino gan\u00f3 con gol de penal de Lucas Ver\u00f3n en el segundo tiempo y con estos tres puntos super\u00f3 a Quilmes, que qued\u00f3 libre y a Comunicaciones, que no pudo pasar del empate en el segundo turno ante Palometas.<\/p>\n<p>Comenz\u00f3 ganando el granate con gol de Facundo Pinto, pero antes del cierre de la primera etapa el Cartero, que volvi\u00f3 a llevar una gran hinchada, logr\u00f3 el empate a trav\u00e9s de Agust\u00edn Torres. De esta manera, alcanz\u00f3 al Cervecero y ambos son los que cierran el ingreso a la Liguilla al cabo de diez fechas.<\/p>\n<p>El tercer partido de la tarde fue el del empate en 2 entre Estudiantes y Juventud. El equipo de Losino termin\u00f3 perdiendo dos puntos clave para clasificar, ya que en la pr\u00f3xima fecha quedar\u00e1 libre y al cierre de la d\u00e9cima, est\u00e1 a tres puntos de Comunicaciones y Quilmes y encima comparte puntaje con Ateneo (juega hoy), San Marcos y Costa Brava, por lo que la tendr\u00e1 muy dif\u00edcil para clasificar. Encima, estuvo dos veces arriba en el marcador y en el minuto 44 de cada tiempo llegaron los empates del lechero, que deber\u00e1 esperar una derrota de Mercedes (juega ante Ateneo esta noche) para quedar en la tercera colocaci\u00f3n, ya que tienen la misma cantidad de puntos, pero los de Suipacha con mejor ventaja de gol.<\/p>\n<p>El final de la jornada tuvo la victoria de Trocha por 3 a 2 ante San Marcos. La Carbonilla ganaba 3 a 0 y jugaba desde los 30 del primer tiempo con diez y de a poco los verdes se fueron acercando, pero no les alcanz\u00f3 para poder empatar. Con este triunfo, el l\u00edder se escapa y queda a cuatro unidades de El Front\u00f3n y comienza a jugar con que en la \u00faltima fecha quedar\u00e1 libre, por lo que es m\u00e1s que importante haber sacado una luz de ventaja de m\u00e1s de un partido.<\/p>\n<p>Fuera de Mercedes se jug\u00f3 un partido. Costa Brava gan\u00f3 a Pabell\u00f3n en Marcos Paz y quiere meterse en la lucha del s\u00e9ptimo lugar, mientras que el derrotado est\u00e1 pr\u00e1cticamente eliminado. La fecha se cierra esta noche, desde las 21, en cancha de la Liga, con el partido entre Mercedes y Ateneo. Los de Pil\u00eda, en franca levantada, deber\u00e1n ganar para no perder la lucha por el s\u00e9ptimo lugar, mientras que el Blanquinegro buscar\u00e1 quedar tercero.<\/p>\n<p><img loading=\"lazy\" decoding=\"async\" data-attachment-id=\"51526\" data-permalink=\"https:\/\/www.hoymercedes.com.ar\/principal\/2016\/06\/21\/trocha-gana-y-obliga\/21-primera-6\/#main\" data-orig-file=\"https:\/\/www.hoymercedes.com.ar\/principal\/wp-content\/uploads\/2016\/06\/21-Primera-6.png\" data-orig-size=\"460,339\" data-comments-opened=\"1\" data-image-meta=\"{&quot;aperture&quot;:&quot;0&quot;,&quot;credit&quot;:&quot;&quot;,&quot;camera&quot;:&quot;&quot;,&quot;caption&quot;:&quot;&quot;,&quot;created_timestamp&quot;:&quot;0&quot;,&quot;copyright&quot;:&quot;&quot;,&quot;focal_length&quot;:&quot;0&quot;,&quot;iso&quot;:&quot;0&quot;,&quot;shutter_speed&quot;:&quot;0&quot;,&quot;title&quot;:&quot;&quot;,&quot;orientation&quot;:&quot;0&quot;}\" data-image-title=\"21 Primera (6)\" data-image-description=\"\" data-image-caption=\"\" data-large-file=\"https:\/\/www.hoymercedes.com.ar\/principal\/wp-content\/uploads\/2016\/06\/21-Primera-6.png\" class=\"aligncenter size-full wp-image-51526\" src=\"https:\/\/www.hoymercedes.com.ar\/principal\/wp-content\/uploads\/2016\/06\/21-Primera-6.png\" alt=\"21 Primera (6)\" width=\"460\" height=\"339\" srcset=\"https:\/\/www.hoymercedes.com.ar\/principal\/wp-content\/uploads\/2016\/06\/21-Primera-6.png 460w, https:\/\/www.hoymercedes.com.ar\/principal\/wp-content\/uploads\/2016\/06\/21-Primera-6-150x111.png 150w, https:\/\/www.hoymercedes.com.ar\/principal\/wp-content\/uploads\/2016\/06\/21-Primera-6-220x162.png 220w\" sizes=\"auto, (max-width: 460px) 100vw, 460px\" \/><\/p>\n<p><strong>S\u00edntesis<\/strong><\/p>\n<p><span style=\"text-decoration: underline;\">V\u00e9lez Sarsfield vs El Tim\u00f3n:<\/span><\/p>\n<p>V\u00e9lez Sarsfield 1: David Br\u00edsoliz, Marcelo Carpanetto, Patricio Vardacas, Agust\u00edn Cuello, Carlos Pacheco, C\u00e9sar Douat, Sebasti\u00e1n Rodr\u00edguez, Lucas Ver\u00f3n, Daniel Jara, Agust\u00edn Tapia y Deivi Gonz\u00e1lez. DT: Osvaldo Pinilla. Suplente: Jorge Bartolomeo.<\/p>\n<p>El Tim\u00f3n 0: Federico Rodr\u00edguez, Alan Krenz, Natalio R\u00edos, Diego Asensos, Patricio De Diego, Juan N\u00fa\u00f1ez, Mart\u00edn M\u00f3naco, Fernando Barbieri, Gustavo Saavedra, H\u00e9ctor Rodr\u00edguez y Guillermo Ricciardulli. DT: Julio Compagnoni. Suplentes: Andr\u00e9s Somenzi y Agust\u00edn Ricciardulli.<\/p>\n<p>Gol: Lucas Ver\u00f3n de penal para V\u00e9lez.<\/p>\n<p>Cambios: Jonathan Ullua por Daniel Jara y Luis Giacoy por Sebasti\u00e1n Rodr\u00edguez. Juan Rueda por diego Asensos, Sebasti\u00e1n Sala por Gustavo Saavedra y Pablo Barbieri por H\u00e9ctor Rodr\u00edguez.<\/p>\n<p>&nbsp;<\/p>\n<p><span style=\"text-decoration: underline;\">Los Palometas vs. Comunicaciones<\/span><\/p>\n<p>Los Palometas 1: Jos\u00e9 Ventura, Fausto Can\u00e9, Patricio Uncal, Manuel Gonz\u00e1lez, Gustavo Medone, Facundo Paganini, Esteban Rodr\u00edguez, Nicol\u00e1s Aranda, Carlos Schefer, Mart\u00edn Pastor y Facundo Pinto. DT: Mariano Pueblas. Suplentes: Aki Sambrano, Luciano Aveni, Marcelo Carpanetto y Maximiliano Annobelli.<\/p>\n<p>Comunicaciones 1: Mart\u00edn Ag\u00fcero, Oscar Morales, Marcelo Torres, Agust\u00edn Torres, Franco Torres, Juli\u00e1n Ag\u00fcero, Enzo Mendoza, Nery Lazarte, Marcos Camargo, Germ\u00e1n Lucero y Mart\u00edn S\u00e1nchez. DT: Julio Torres. Suplentes: Gabriel Cejas, A. Cisnero, N. santana y F. Paj\u00f3n<\/p>\n<p>Goles: Facundo Pinto para Palometas. Agust\u00edn Torres para Comunicaciones.<\/p>\n<p>Expulsados: Julio Torres en Comunicaciones y Esteban Rodr\u00edguez en Palometas.<\/p>\n<p>Cambios: Diego Figueredo por Gustavo Medone en Palometas. N. Montenegro por Agust\u00edn Torres, Gabriel Berengo por Mart\u00edn S\u00e1nchez en Comunicaciones.<\/p>\n<p><img loading=\"lazy\" decoding=\"async\" data-attachment-id=\"51543\" data-permalink=\"https:\/\/www.hoymercedes.com.ar\/principal\/2016\/06\/21\/trocha-gana-y-obliga\/21-futbol-_mhm3452\/#main\" data-orig-file=\"https:\/\/www.hoymercedes.com.ar\/principal\/wp-content\/uploads\/2016\/06\/21-futbol-_MHM3452.jpg\" data-orig-size=\"448,298\" data-comments-opened=\"1\" data-image-meta=\"{&quot;aperture&quot;:&quot;2.8&quot;,&quot;credit&quot;:&quot;????????????????????????????????&quot;,&quot;camera&quot;:&quot;NIKON D300&quot;,&quot;caption&quot;:&quot;????????????????????????????????????&quot;,&quot;created_timestamp&quot;:&quot;1466444269&quot;,&quot;copyright&quot;:&quot;AW Fotografia   Moreira Mario Hugo&quot;,&quot;focal_length&quot;:&quot;200&quot;,&quot;iso&quot;:&quot;800&quot;,&quot;shutter_speed&quot;:&quot;0.002&quot;,&quot;title&quot;:&quot;&quot;,&quot;orientation&quot;:&quot;0&quot;}\" data-image-title=\"21 futbol _MHM3452\" data-image-description=\"\" data-image-caption=\"\" data-large-file=\"https:\/\/www.hoymercedes.com.ar\/principal\/wp-content\/uploads\/2016\/06\/21-futbol-_MHM3452.jpg\" class=\"aligncenter size-full wp-image-51543\" src=\"https:\/\/www.hoymercedes.com.ar\/principal\/wp-content\/uploads\/2016\/06\/21-futbol-_MHM3452.jpg\" alt=\"21 futbol _MHM3452\" width=\"448\" height=\"298\" srcset=\"https:\/\/www.hoymercedes.com.ar\/principal\/wp-content\/uploads\/2016\/06\/21-futbol-_MHM3452.jpg 448w, https:\/\/www.hoymercedes.com.ar\/principal\/wp-content\/uploads\/2016\/06\/21-futbol-_MHM3452-150x100.jpg 150w, https:\/\/www.hoymercedes.com.ar\/principal\/wp-content\/uploads\/2016\/06\/21-futbol-_MHM3452-300x200.jpg 300w\" sizes=\"auto, (max-width: 448px) 100vw, 448px\" \/><\/p>\n<p><span style=\"text-decoration: underline;\">Estudiantes vs. Juventud<\/span><\/p>\n<p>Estudiantes 2: Patricio Monteamore, Nicol\u00e1s Ledesma, Jer\u00f3nimo Luna, Leandro Vignau, Juan Lombardo, Nicol\u00e1s Nava, N\u00e9stor Lescano, Federico Bassi, Mario Alday, Daniel Ortiz y Gast\u00f3n Godoy. DT: Ra\u00fal Losinno. Suplentes: Esteban Bisio, Agust\u00edn Duran, Eugenio Lanzavechia, Gustavo Mi\u00f1o, paulo Lescano y Agust\u00edn Vivas.<\/p>\n<p>Juventud 2: Pablo Fontana, Juan Calvo, Sebasti\u00e1n Parodi, Ferm\u00edn Salaverri, Daniel Mu\u00f1oz, Federico Clarac, Nicol\u00e1s Minetti, Joaqu\u00edn Sosa, Lucas P\u00e9rez Zunino, Mauro Correa y Mat\u00edas S\u00e1nchez. DT: Daniel Correa. Suplentes: Nahuel Gich\u00f3n, Ezequiel Rojas, Juan Mes\u00edas y Mat\u00edas Correa.<\/p>\n<p>Goles: Mario Alday 2 para Estudiantes. Juan Calvo y Joaqu\u00edn Sosa para Juventud.<br \/>\n<span style=\"text-decoration: underline;\">Torcha vs. San Marcos<\/span><\/p>\n<p>Trocha 3: Nahuel G\u00f3mez, Alexis Longobuco, Eric Brance, Lucas Falcone, Facundo M\u00f3dolo, Javier Graieb, Marcelo Gonz\u00e1lez, Leonel Corradino, Alexis Aria y Juan Risso. DT: Mat\u00edas M\u00f3dolo.Suplentes: Nahuel Garre, Oscar Chirino y Mauro Sigona.<\/p>\n<p>San Marcos 2: Enrique Lugo Armoa, Mariano Rocha, Nahuel Fern\u00e1ndez, Jorge Montiel, Nicol\u00e1s M\u00e9ndez, Cristian Pereira, Franco Gonz\u00e1lez, Mariano Blaigo, Francisco Ver\u00f3n, Miguel Gonz\u00e1lez y El\u00edas Dehesa. DT: Adolfo Ferraresi.<\/p>\n<p>Goles: Marcelo Gonz\u00e1lez, Juan Risso y Alexis Salinas para Trocha. El\u00edas Dehesa y V\u00edctor Ruiz para San Marcos.<\/p>\n<p>Cambios: Helvio Figueroa por Alexis Arias y Luis Cubillas por Alexis Salinas en Trocha. V\u00edctor Ruiz por Mariano Rocha y Luis Ruiz por Miguel Gonz\u00e1lez en San Marcos.<\/p>\n<p>Expulsado: Javier Graieb en Trocha.<\/p>\n<p>&nbsp;<\/p>\n<p>Pabell\u00f3n Argentino 2: V\u00edctor Santana y Facundo G\u00f3mez.<\/p>\n<p>Costa Brava 3: Maximiliano Machado y Rodrigo Cabrera.<\/p>\n<p>&nbsp;<\/p>\n<p><span style=\"text-decoration: underline;\">Martes 21<\/span><\/p>\n<p>Cancha: Liga Mercedina.<\/p>\n<p>A las 20 Club\u00a0 Mercedes vs. Ateneo.<\/p>\n<p><img loading=\"lazy\" decoding=\"async\" data-attachment-id=\"51525\" data-permalink=\"https:\/\/www.hoymercedes.com.ar\/principal\/2016\/06\/21\/trocha-gana-y-obliga\/21-goleadores-primera-5\/#main\" data-orig-file=\"https:\/\/www.hoymercedes.com.ar\/principal\/wp-content\/uploads\/2016\/06\/21-Goleadores-Primera-5.png\" data-orig-size=\"313,597\" data-comments-opened=\"1\" data-image-meta=\"{&quot;aperture&quot;:&quot;0&quot;,&quot;credit&quot;:&quot;&quot;,&quot;camera&quot;:&quot;&quot;,&quot;caption&quot;:&quot;&quot;,&quot;created_timestamp&quot;:&quot;0&quot;,&quot;copyright&quot;:&quot;&quot;,&quot;focal_length&quot;:&quot;0&quot;,&quot;iso&quot;:&quot;0&quot;,&quot;shutter_speed&quot;:&quot;0&quot;,&quot;title&quot;:&quot;&quot;,&quot;orientation&quot;:&quot;0&quot;}\" data-image-title=\"21 Goleadores Primera (5)\" data-image-description=\"\" data-image-caption=\"\" data-large-file=\"https:\/\/www.hoymercedes.com.ar\/principal\/wp-content\/uploads\/2016\/06\/21-Goleadores-Primera-5.png\" class=\"aligncenter size-full wp-image-51525\" src=\"https:\/\/www.hoymercedes.com.ar\/principal\/wp-content\/uploads\/2016\/06\/21-Goleadores-Primera-5.png\" alt=\"21 Goleadores Primera (5)\" width=\"313\" height=\"597\" srcset=\"https:\/\/www.hoymercedes.com.ar\/principal\/wp-content\/uploads\/2016\/06\/21-Goleadores-Primera-5.png 313w, https:\/\/www.hoymercedes.com.ar\/principal\/wp-content\/uploads\/2016\/06\/21-Goleadores-Primera-5-79x150.png 79w\" sizes=\"auto, (max-width: 313px) 100vw, 313px\" \/><\/p>\n<p><strong>Pr\u00f3xima fecha<\/strong><\/p>\n<p>12\u00b0:\u00a0El Front\u00f3n Vs. V\u00e9lez.;\u00a0Comunicaciones vs. Pabell\u00f3n.;\u00a0Costa Brava vs. Club Mercedes.;\u00a0Ateneo de la Juventud vs. Trocha.;\u00a0San Marcos FC vs. Juventud de Suipacha.;\u00a0Quilmes vs. El Tim\u00f3n.; Libres: Los Palometas y Estudiantes.<\/p>\n<p>13\u00b0:\u00a0V\u00e9lez vs. Quilmes.;\u00a0El Tim\u00f3n vs. Estudiantes.;\u00a0Juventud vs. Ateneo.;\u00a0Trocha vs. Costa Brava.;\u00a0Mercedes vs. Comunicaciones.; Los Palometas vs. El Front\u00f3n.:\u00a0Libres: San Marcos y Pabell\u00f3n.<\/p>\n<p>14\u00b0:\u00a0Los Palometas vs. V\u00e9lez.;\u00a0El Front\u00f3n vs. Pabell\u00f3n.; Comunicaciones vs. Trocha.;\u00a0Costa Brava vs. Juventud.;\u00a0San Marcos vs. Tim\u00f3n.;\u00a0Estudiantes vs. Quilmes.;\u00a0Libres: Mercedes y Ateneo.<\/p>\n<p>15\u00b0:\u00a0V\u00e9lez vs. Estudiantes.;\u00a0Quilmes vs. San Marcos.;\u00a0El Tim\u00f3n vs. Ateneo.;\u00a0Juventud vs. Comunicaciones.;\u00a0Mercedes vs. El Front\u00f3n.;\u00a0Pabell\u00f3n vs. Los Palometas.;\u00a0Libre: Costa Brava y Trocha.<\/p>\n","protected":false},"excerpt":{"rendered":"<p>La Carbonilla derrot\u00f3 a San Marcos 3 a 2 jugando una hora con diez hombres y si bien tiene un &#8230; <a title=\"Trocha gana y obliga\" class=\"read-more\" href=\"https:\/\/www.hoymercedes.com.ar\/principal\/2016\/06\/21\/trocha-gana-y-obliga\/\" aria-label=\"Leer m\u00e1s sobre Trocha gana y obliga\">Leer m\u00e1s<\/a><\/p>\n","protected":false},"author":1,"featured_media":51543,"comment_status":"open","ping_status":"open","sticky":false,"template":"","format":"standard","meta":{"_monsterinsights_skip_tracking":false,"_monsterinsights_sitenote_active":false,"_monsterinsights_sitenote_note":"","_monsterinsights_sitenote_category":0,"jetpack_post_was_ever_published":false,"_jetpack_newsletter_access":"","_jetpack_dont_email_post_to_subs":false,"_jetpack_newsletter_tier_id":0,"_jetpack_memberships_contains_paywalled_content":false,"_jetpack_memberships_contains_paid_content":false,"footnotes":"","jetpack_publicize_message":"","jetpack_publicize_feature_enabled":true,"jetpack_social_post_already_shared":true,"jetpack_social_options":{"image_generator_settings":{"template":"highway","default_image_id":0,"font":"","enabled":false},"version":2},"_wpas_customize_per_network":false},"categories":[21],"tags":[204,1003,8977,8733,9310,9516],"class_list":["post-51524","post","type-post","status-publish","format-standard","has-post-thumbnail","hentry","category-deportes","tag-deportes-2","tag-futbol","tag-liga","tag-musante","tag-resultados","tag-sintesis","generate-columns","tablet-grid-50","mobile-grid-100","grid-parent","grid-50"],"jetpack_publicize_connections":[],"jetpack_featured_media_url":"https:\/\/www.hoymercedes.com.ar\/principal\/wp-content\/uploads\/2016\/06\/21-futbol-_MHM3452.jpg","wps_subtitle":"Busca la semifinal","jetpack_sharing_enabled":true,"_links":{"self":[{"href":"https:\/\/www.hoymercedes.com.ar\/principal\/wp-json\/wp\/v2\/posts\/51524","targetHints":{"allow":["GET"]}}],"collection":[{"href":"https:\/\/www.hoymercedes.com.ar\/principal\/wp-json\/wp\/v2\/posts"}],"about":[{"href":"https:\/\/www.hoymercedes.com.ar\/principal\/wp-json\/wp\/v2\/types\/post"}],"author":[{"embeddable":true,"href":"https:\/\/www.hoymercedes.com.ar\/principal\/wp-json\/wp\/v2\/users\/1"}],"replies":[{"embeddable":true,"href":"https:\/\/www.hoymercedes.com.ar\/principal\/wp-json\/wp\/v2\/comments?post=51524"}],"version-history":[{"count":0,"href":"https:\/\/www.hoymercedes.com.ar\/principal\/wp-json\/wp\/v2\/posts\/51524\/revisions"}],"wp:featuredmedia":[{"embeddable":true,"href":"https:\/\/www.hoymercedes.com.ar\/principal\/wp-json\/wp\/v2\/media\/51543"}],"wp:attachment":[{"href":"https:\/\/www.hoymercedes.com.ar\/principal\/wp-json\/wp\/v2\/media?parent=51524"}],"wp:term":[{"taxonomy":"category","embeddable":true,"href":"https:\/\/www.hoymercedes.com.ar\/principal\/wp-json\/wp\/v2\/categories?post=51524"},{"taxonomy":"post_tag","embeddable":true,"href":"https:\/\/www.hoymercedes.com.ar\/principal\/wp-json\/wp\/v2\/tags?post=51524"}],"curies":[{"name":"wp","href":"https:\/\/api.w.org\/{rel}","templated":true}]}}