{"id":51555,"date":"2016-06-21T20:35:06","date_gmt":"2016-06-21T23:35:06","guid":{"rendered":"http:\/\/www.hoymercedes.com.ar\/principal\/?p=51555"},"modified":"2016-06-21T16:39:00","modified_gmt":"2016-06-21T19:39:00","slug":"flandria-festejo-su-ascenso-a-la-b-nacional","status":"publish","type":"post","link":"https:\/\/www.hoymercedes.com.ar\/principal\/2016\/06\/21\/flandria-festejo-su-ascenso-a-la-b-nacional\/","title":{"rendered":"Flandria festej\u00f3 su ascenso a la B Nacional"},"content":{"rendered":"<p><strong><em>La alegr\u00eda canaria no frena. Este viernes se realizaron los festejos por el t\u00edtulo obtenido con jugadores hist\u00f3ricos de la instituci\u00f3n. Emmanuel Culio, Gonzalo P\u00e9rez, Mat\u00edas Caputo, Marcos Ramponi y el Presidente Gatti, los mercedinos que fueron parte de la fiesta.<\/em><\/strong><\/p>\n<p><img loading=\"lazy\" decoding=\"async\" data-attachment-id=\"51556\" data-permalink=\"https:\/\/www.hoymercedes.com.ar\/principal\/2016\/06\/21\/flandria-festejo-su-ascenso-a-la-b-nacional\/21-lujan-flandria\/#main\" data-orig-file=\"https:\/\/www.hoymercedes.com.ar\/principal\/wp-content\/uploads\/2016\/06\/21-Lujan-Flandria.jpg\" data-orig-size=\"448,299\" data-comments-opened=\"1\" data-image-meta=\"{&quot;aperture&quot;:&quot;0&quot;,&quot;credit&quot;:&quot;&quot;,&quot;camera&quot;:&quot;&quot;,&quot;caption&quot;:&quot;&quot;,&quot;created_timestamp&quot;:&quot;0&quot;,&quot;copyright&quot;:&quot;&quot;,&quot;focal_length&quot;:&quot;0&quot;,&quot;iso&quot;:&quot;0&quot;,&quot;shutter_speed&quot;:&quot;0&quot;,&quot;title&quot;:&quot;&quot;,&quot;orientation&quot;:&quot;0&quot;}\" data-image-title=\"21 Lujan Flandria\" data-image-description=\"\" data-image-caption=\"\" data-large-file=\"https:\/\/www.hoymercedes.com.ar\/principal\/wp-content\/uploads\/2016\/06\/21-Lujan-Flandria.jpg\" class=\"aligncenter size-full wp-image-51556\" src=\"https:\/\/www.hoymercedes.com.ar\/principal\/wp-content\/uploads\/2016\/06\/21-Lujan-Flandria.jpg\" alt=\"21 Lujan Flandria\" width=\"448\" height=\"299\" srcset=\"https:\/\/www.hoymercedes.com.ar\/principal\/wp-content\/uploads\/2016\/06\/21-Lujan-Flandria.jpg 448w, https:\/\/www.hoymercedes.com.ar\/principal\/wp-content\/uploads\/2016\/06\/21-Lujan-Flandria-150x100.jpg 150w, https:\/\/www.hoymercedes.com.ar\/principal\/wp-content\/uploads\/2016\/06\/21-Lujan-Flandria-300x200.jpg 300w\" sizes=\"auto, (max-width: 448px) 100vw, 448px\" \/><\/p>\n<p>El Civismo de Luj\u00e1n. Miles de hinchas homenajearon a las actuales estrellas de Flandria y a viejas glorias en una tarde festejo en el Carlos V por el ascenso al Nacional B y el t\u00edtulo conseguido en la Primera B Metropolitana el fin de semana pasado.<\/p>\n<p>El encuentro amistoso fue solo una excusa para seguir con la fiesta que comenz\u00f3 el domingo pasado en Villa Crespo. Por eso, los jugadores levantaron la copa conseguida y dieron la vuelta ol\u00edmpica pendiente. A la fiesta se sumaron estrellas que actualmente juegan en Primera como \u201cChiqui\u201d P\u00e9rez, Mariano Barbieri, \u00abPichi\u00bb Mercier, Emanuel Culio y Francisco Mattia.<\/p>\n<p>El equipo de las viejas glorias fue dirigido por Omar Santorelli, t\u00e9cnico que consigui\u00f3 el t\u00edtulo en el torneo Clausura de 1998 de la Primera C y luego el ascenso a la B Metro al vencer en la finala Ituzaing\u00f3. En ese equipo jugaron: Omar Dobler, Walter D\u00edaz, Sergio Kaezuk, Francisco Mattia y Orlando Contreras; Gonzalo Giannice, Juan Ignacio Mercier, Adrian Bitto; Fabi\u00e1n Menseguez, \u201cLelo\u201d Basso y Pedro Nieva.<\/p>\n<p>Luego entraron: Asselborn, Colao, Horacio Schefer, Claudio P\u00e9rez, Flavio de Rossi, Pablo Aranda, Emanuel Culio, Migue Porcel, Mariano Barbieri, Ale Campana, \u201cCheche Quevedo, y el \u201cChivo\u201d Castell\u00f3n.<\/p>\n<p>Por el lado de los recientes campeones, salieron a la cancha dirigidos por la dupla t\u00e9cnica: Leo Griffo, Diego Sosa, Mario Muss\u00f3n, Williams Riveros y Andr\u00e9s Camacho; Alejandro Gonz\u00e1lez, Alejandro Altuna, Lucas Vicente y Gonzalo P\u00e9rez; Pablo Bueno y Maxi Z\u00e1rate. Luego entraron Pineda, Gambetta y Pedro Sosa.<\/p>\n<p>El resultado fue anecd\u00f3tico, aunque los campeones del 98, con varios refuerzos de Primera, se impusieron por 2 a 1 con los goles del eterno Castell\u00f3n y \u201cPetaca\u201d Aranda. Bueno hab\u00eda puesto en ventaja al actual equipo.<\/p>\n<p>Antes del partido, \u201cFatiga\u201d enton\u00f3 la canci\u00f3n Corazones Robustos que se transform\u00f3 en el himno Canario y que fue coreada por cientos de hinchas que se acercaron en buen n\u00famero al Carlos V. Hubo pirotecnia y luego lugar para la vuelta ol\u00edmpica que fue dada por todos y los hinchas que invadieron el campo de juego.<\/p>\n<p>&nbsp;<\/p>\n<p><strong>Jugadores ilustres<\/strong><\/p>\n<p>El Intendente Municipal Oscar Luciani declar\u00f3 deportistas ilustres al plantel de Flandria, que viene de conseguir el hist\u00f3rico ascenso al Nacional. El agasajo se llev\u00f3 adelante en el estadio Carlos V. Jugadores y cuerpo t\u00e9cnico recibieron una medalla por parte del municipio y un decreto en donde se los declara \u201cdeportistas ilustres de la comunidad\u201d. Asimismo, los directivos Canarios le entregaron al Jefe Comunal una camiseta y un bander\u00edn de la instituci\u00f3n.<\/p>\n<p>&nbsp;<\/p>\n<p><strong>Gesto cl\u00e1sico<\/strong><\/p>\n<p>Este domingo, en el Carlos V, se enfrentaron las divisiones infantiles de Flandria y Luj\u00e1n por el campeonato de AFA. A los chicos visitantes se les hab\u00eda pedido que no llevaran a J\u00e1uregui ropa deportiva con los colores del Lujanero para evitar cualquier tipo de incidente en las inmediaciones.<\/p>\n<p>En ese contexto, desde la dirigencia del Lujanero y de los chicos surgi\u00f3 un buen gesto: ambos equipos salieron juntos al Carlos V con un cartel que dec\u00eda: \u201cFelicitaciones Flandria. F\u00fatbol infantil Club Luj\u00e1n\u201d. El mensaje por el ascenso al Nacional B qued\u00f3 colgado en el alambrado del Carlos V.<\/p>\n<p>Sin embargo, este no es un hecho aislado. Esta actitud de fraternidad entre los chicos se viene fomentando desde hace tiempo. Cabe recordar que el a\u00f1o pasado, cuando se enfrentaron en el San Emilio, ambos equipos posaron una vez terminados los encuentros de las diferentes divisionales.<\/p>\n","protected":false},"excerpt":{"rendered":"<p>La alegr\u00eda canaria no frena. Este viernes se realizaron los festejos por el t\u00edtulo obtenido con jugadores hist\u00f3ricos de la &#8230; <a title=\"Flandria festej\u00f3 su ascenso a la B Nacional\" class=\"read-more\" href=\"https:\/\/www.hoymercedes.com.ar\/principal\/2016\/06\/21\/flandria-festejo-su-ascenso-a-la-b-nacional\/\" aria-label=\"Leer m\u00e1s sobre Flandria festej\u00f3 su ascenso a la B Nacional\">Leer m\u00e1s<\/a><\/p>\n","protected":false},"author":1,"featured_media":51556,"comment_status":"open","ping_status":"open","sticky":false,"template":"","format":"standard","meta":{"_monsterinsights_skip_tracking":false,"_monsterinsights_sitenote_active":false,"_monsterinsights_sitenote_note":"","_monsterinsights_sitenote_category":0,"jetpack_post_was_ever_published":false,"_jetpack_newsletter_access":"","_jetpack_dont_email_post_to_subs":false,"_jetpack_newsletter_tier_id":0,"_jetpack_memberships_contains_paywalled_content":false,"_jetpack_memberships_contains_paid_content":false,"footnotes":"","jetpack_publicize_message":"","jetpack_publicize_feature_enabled":true,"jetpack_social_post_already_shared":true,"jetpack_social_options":{"image_generator_settings":{"template":"highway","default_image_id":0,"font":"","enabled":false},"version":2},"_wpas_customize_per_network":false},"categories":[21],"tags":[204,3129,1003],"class_list":["post-51555","post","type-post","status-publish","format-standard","has-post-thumbnail","hentry","category-deportes","tag-deportes-2","tag-flandria","tag-futbol","generate-columns","tablet-grid-50","mobile-grid-100","grid-parent","grid-50"],"jetpack_publicize_connections":[],"jetpack_featured_media_url":"https:\/\/www.hoymercedes.com.ar\/principal\/wp-content\/uploads\/2016\/06\/21-Lujan-Flandria.jpg","wps_subtitle":"El viernes, en el Carlos V","jetpack_sharing_enabled":true,"_links":{"self":[{"href":"https:\/\/www.hoymercedes.com.ar\/principal\/wp-json\/wp\/v2\/posts\/51555","targetHints":{"allow":["GET"]}}],"collection":[{"href":"https:\/\/www.hoymercedes.com.ar\/principal\/wp-json\/wp\/v2\/posts"}],"about":[{"href":"https:\/\/www.hoymercedes.com.ar\/principal\/wp-json\/wp\/v2\/types\/post"}],"author":[{"embeddable":true,"href":"https:\/\/www.hoymercedes.com.ar\/principal\/wp-json\/wp\/v2\/users\/1"}],"replies":[{"embeddable":true,"href":"https:\/\/www.hoymercedes.com.ar\/principal\/wp-json\/wp\/v2\/comments?post=51555"}],"version-history":[{"count":0,"href":"https:\/\/www.hoymercedes.com.ar\/principal\/wp-json\/wp\/v2\/posts\/51555\/revisions"}],"wp:featuredmedia":[{"embeddable":true,"href":"https:\/\/www.hoymercedes.com.ar\/principal\/wp-json\/wp\/v2\/media\/51556"}],"wp:attachment":[{"href":"https:\/\/www.hoymercedes.com.ar\/principal\/wp-json\/wp\/v2\/media?parent=51555"}],"wp:term":[{"taxonomy":"category","embeddable":true,"href":"https:\/\/www.hoymercedes.com.ar\/principal\/wp-json\/wp\/v2\/categories?post=51555"},{"taxonomy":"post_tag","embeddable":true,"href":"https:\/\/www.hoymercedes.com.ar\/principal\/wp-json\/wp\/v2\/tags?post=51555"}],"curies":[{"name":"wp","href":"https:\/\/api.w.org\/{rel}","templated":true}]}}