{"id":51574,"date":"2016-06-22T08:25:05","date_gmt":"2016-06-22T11:25:05","guid":{"rendered":"http:\/\/www.hoymercedes.com.ar\/principal\/?p=51574"},"modified":"2016-06-21T23:14:37","modified_gmt":"2016-06-22T02:14:37","slug":"los-aspirantes-a-la-policia-local-juraron-a-la-bandera","status":"publish","type":"post","link":"https:\/\/www.hoymercedes.com.ar\/principal\/2016\/06\/22\/los-aspirantes-a-la-policia-local-juraron-a-la-bandera\/","title":{"rendered":"Los aspirantes a la polic\u00eda local juraron a la bandera"},"content":{"rendered":"<figure id=\"attachment_51575\" aria-describedby=\"caption-attachment-51575\" style=\"width: 610px\" class=\"wp-caption aligncenter\"><img loading=\"lazy\" decoding=\"async\" data-attachment-id=\"51575\" data-permalink=\"https:\/\/www.hoymercedes.com.ar\/principal\/2016\/06\/22\/los-aspirantes-a-la-policia-local-juraron-a-la-bandera\/jurapolicialocal3\/#main\" data-orig-file=\"https:\/\/www.hoymercedes.com.ar\/principal\/wp-content\/uploads\/2016\/06\/jurapolicialocal3.jpg\" data-orig-size=\"620,465\" data-comments-opened=\"1\" data-image-meta=\"{&quot;aperture&quot;:&quot;2.6&quot;,&quot;credit&quot;:&quot;&quot;,&quot;camera&quot;:&quot;SM-G360M&quot;,&quot;caption&quot;:&quot;&quot;,&quot;created_timestamp&quot;:&quot;1466512245&quot;,&quot;copyright&quot;:&quot;&quot;,&quot;focal_length&quot;:&quot;3.31&quot;,&quot;iso&quot;:&quot;80&quot;,&quot;shutter_speed&quot;:&quot;0.0011560693641618&quot;,&quot;title&quot;:&quot;&quot;,&quot;orientation&quot;:&quot;0&quot;}\" data-image-title=\"jurapolicialocal3\" data-image-description=\"\" data-image-caption=\"&lt;p&gt;Jura de polic\u00eda local&lt;\/p&gt;\n\" data-large-file=\"https:\/\/www.hoymercedes.com.ar\/principal\/wp-content\/uploads\/2016\/06\/jurapolicialocal3.jpg\" class=\"size-full wp-image-51575\" src=\"https:\/\/www.hoymercedes.com.ar\/principal\/wp-content\/uploads\/2016\/06\/jurapolicialocal3.jpg\" alt=\"Jura de polic\u00eda local\" width=\"620\" height=\"465\" srcset=\"https:\/\/www.hoymercedes.com.ar\/principal\/wp-content\/uploads\/2016\/06\/jurapolicialocal3.jpg 620w, https:\/\/www.hoymercedes.com.ar\/principal\/wp-content\/uploads\/2016\/06\/jurapolicialocal3-150x113.jpg 150w\" sizes=\"auto, (max-width: 620px) 100vw, 620px\" \/><figcaption id=\"caption-attachment-51575\" class=\"wp-caption-text\">Jura de polic\u00eda local<\/figcaption><\/figure>\n<p><strong>Los aspirantes de la Polic\u00eda Local de nuestra ciudad juraron a la bandera. La jura fue tomada por el intendente Juan Ignacio Ustarroz quien estuvo acompa\u00f1ado de funcionarios y responsables de la Escuela de Polic\u00eda. Fue en el espacio del Instituto Unzu\u00e9 donde se encuentra la dependencia educativa.<\/strong><\/p>\n<p>En la fr\u00eda ma\u00f1ana de \u00e9ste martes se concret\u00f3 un paso m\u00e1s en la formaci\u00f3n de los aspirantes a la segunda camada de polic\u00edas locales. Recordemos que la primera de ellos desde hace casi dos meses recorre las calles de mercedes teniendo una gran acogida por parte de los vecinos.<\/p>\n<p>El intendente Juan Ignacio Ustarroz estuvo acompa\u00f1ado por el Secretario de Gobierno, Juan Pablo L\u00f3pez, la Secretaria de Control Urbano, Josefina Kelly, el Director de Seguridad, Esteban Rossi, entre otros as\u00ed como el responsable de la Escuela local, el Subcomisario Vicente Francisco.<\/p>\n<p>En el play\u00f3n del Unzu\u00e9 una importante cantidad de familiares fueron parte de la actividad acompa\u00f1ando a sus cercanos en una jornada para ellos muy significativa.<\/p>\n<p>&nbsp;<\/p>\n<p><span class=\"embed-youtube\" style=\"text-align:center; display: block;\"><iframe loading=\"lazy\" class=\"youtube-player\" width=\"1200\" height=\"675\" src=\"https:\/\/www.youtube.com\/embed\/xEWFrPR8PMM?version=3&#038;rel=1&#038;showsearch=0&#038;showinfo=1&#038;iv_load_policy=1&#038;fs=1&#038;hl=es-ES&#038;autohide=2&#038;wmode=transparent\" allowfullscreen=\"true\" style=\"border:0;\" sandbox=\"allow-scripts allow-same-origin allow-popups allow-presentation allow-popups-to-escape-sandbox\"><\/iframe><\/span><\/p>\n<p>Juan Ignacio Ustarroz antes de tomarle la jura expres\u00f3, entre otros conceptos, que: \u201centendemos que la mejor manera de honrar nuestra bandera, nuestro s\u00edmbolo de unidad por quienes forjaron esta patria y por quienes cada d\u00eda hacen su aporte para vivir en una ciudad y un pa\u00eds mejor, por todos ellos. Debemos en este solemne acto poder replicarlo y luego en el d\u00eda a d\u00eda que les espera. Deseo nuevamente desearles una exitosa formaci\u00f3n, poner todo el municipio a disposici\u00f3n de ustedes y de la fuerza y anhelando renovemos nuestro compromiso con la bandera y la patria\u201d, sostuvo el primer mandatario antes de tomarles el juramento.<\/p>\n<p>Los nuevos aspirantes se estima para fin de a\u00f1o ya estar\u00e1n con su curso finalizado y se espera pronto salgan a efectuar las tareas de prevenci\u00f3n y proximidad a las cuales est\u00e1 abocada la fuerza.<\/p>\n<figure id=\"attachment_51576\" aria-describedby=\"caption-attachment-51576\" style=\"width: 610px\" class=\"wp-caption aligncenter\"><img loading=\"lazy\" decoding=\"async\" data-attachment-id=\"51576\" data-permalink=\"https:\/\/www.hoymercedes.com.ar\/principal\/2016\/06\/22\/los-aspirantes-a-la-policia-local-juraron-a-la-bandera\/jurapolicialocal2\/#main\" data-orig-file=\"https:\/\/www.hoymercedes.com.ar\/principal\/wp-content\/uploads\/2016\/06\/jurapolicialocal2.jpg\" data-orig-size=\"620,827\" data-comments-opened=\"1\" data-image-meta=\"{&quot;aperture&quot;:&quot;2.6&quot;,&quot;credit&quot;:&quot;&quot;,&quot;camera&quot;:&quot;SM-G360M&quot;,&quot;caption&quot;:&quot;&quot;,&quot;created_timestamp&quot;:&quot;1466512308&quot;,&quot;copyright&quot;:&quot;&quot;,&quot;focal_length&quot;:&quot;3.31&quot;,&quot;iso&quot;:&quot;80&quot;,&quot;shutter_speed&quot;:&quot;0.0062893081761006&quot;,&quot;title&quot;:&quot;&quot;,&quot;orientation&quot;:&quot;0&quot;}\" data-image-title=\"jurapolicialocal2\" data-image-description=\"\" data-image-caption=\"\" data-large-file=\"https:\/\/www.hoymercedes.com.ar\/principal\/wp-content\/uploads\/2016\/06\/jurapolicialocal2.jpg\" class=\"wp-image-51576 size-full\" src=\"https:\/\/www.hoymercedes.com.ar\/principal\/wp-content\/uploads\/2016\/06\/jurapolicialocal2.jpg\" alt=\"jurapolicialocal2\" width=\"620\" height=\"827\" srcset=\"https:\/\/www.hoymercedes.com.ar\/principal\/wp-content\/uploads\/2016\/06\/jurapolicialocal2.jpg 620w, https:\/\/www.hoymercedes.com.ar\/principal\/wp-content\/uploads\/2016\/06\/jurapolicialocal2-112x150.jpg 112w, https:\/\/www.hoymercedes.com.ar\/principal\/wp-content\/uploads\/2016\/06\/jurapolicialocal2-465x620.jpg 465w\" sizes=\"auto, (max-width: 620px) 100vw, 620px\" \/><figcaption id=\"caption-attachment-51576\" class=\"wp-caption-text\">Banderas de ceremonia<\/figcaption><\/figure>\n<figure id=\"attachment_51577\" aria-describedby=\"caption-attachment-51577\" style=\"width: 610px\" class=\"wp-caption aligncenter\"><img loading=\"lazy\" decoding=\"async\" data-attachment-id=\"51577\" data-permalink=\"https:\/\/www.hoymercedes.com.ar\/principal\/2016\/06\/22\/los-aspirantes-a-la-policia-local-juraron-a-la-bandera\/los-aspirantes-a-la-policia-local-juraron-a-la-bandera\/#main\" data-orig-file=\"https:\/\/www.hoymercedes.com.ar\/principal\/wp-content\/uploads\/2016\/06\/Los-aspirantes-a-la-polic\u00eda-local-juraron-a-la-bandera.jpg\" data-orig-size=\"620,365\" data-comments-opened=\"1\" data-image-meta=\"{&quot;aperture&quot;:&quot;2.6&quot;,&quot;credit&quot;:&quot;&quot;,&quot;camera&quot;:&quot;SM-G360M&quot;,&quot;caption&quot;:&quot;&quot;,&quot;created_timestamp&quot;:&quot;1466513188&quot;,&quot;copyright&quot;:&quot;&quot;,&quot;focal_length&quot;:&quot;3.31&quot;,&quot;iso&quot;:&quot;80&quot;,&quot;shutter_speed&quot;:&quot;0.0019157088122605&quot;,&quot;title&quot;:&quot;&quot;,&quot;orientation&quot;:&quot;0&quot;}\" data-image-title=\"Los aspirantes a la polic\u00eda local juraron a la bandera\" data-image-description=\"\" data-image-caption=\"\" data-large-file=\"https:\/\/www.hoymercedes.com.ar\/principal\/wp-content\/uploads\/2016\/06\/Los-aspirantes-a-la-polic\u00eda-local-juraron-a-la-bandera.jpg\" class=\"wp-image-51577 size-full\" src=\"https:\/\/www.hoymercedes.com.ar\/principal\/wp-content\/uploads\/2016\/06\/Los-aspirantes-a-la-polic\u00eda-local-juraron-a-la-bandera.jpg\" alt=\"Los aspirantes a la polic\u00eda local juraron a la bandera\" width=\"620\" height=\"365\" srcset=\"https:\/\/www.hoymercedes.com.ar\/principal\/wp-content\/uploads\/2016\/06\/Los-aspirantes-a-la-polic\u00eda-local-juraron-a-la-bandera.jpg 620w, https:\/\/www.hoymercedes.com.ar\/principal\/wp-content\/uploads\/2016\/06\/Los-aspirantes-a-la-polic\u00eda-local-juraron-a-la-bandera-150x88.jpg 150w\" sizes=\"auto, (max-width: 620px) 100vw, 620px\" \/><figcaption id=\"caption-attachment-51577\" class=\"wp-caption-text\">Foto grupal, antes de efectuarlas con sus familaires<\/figcaption><\/figure>\n","protected":false},"excerpt":{"rendered":"<p>Los aspirantes de la Polic\u00eda Local de nuestra ciudad juraron a la bandera. La jura fue tomada por el intendente &#8230; <a title=\"Los aspirantes a la polic\u00eda local juraron a la bandera\" class=\"read-more\" href=\"https:\/\/www.hoymercedes.com.ar\/principal\/2016\/06\/22\/los-aspirantes-a-la-policia-local-juraron-a-la-bandera\/\" aria-label=\"Leer m\u00e1s sobre Los aspirantes a la polic\u00eda local juraron a la bandera\">Leer m\u00e1s<\/a><\/p>\n","protected":false},"author":1,"featured_media":51575,"comment_status":"open","ping_status":"open","sticky":false,"template":"","format":"standard","meta":{"_monsterinsights_skip_tracking":false,"_monsterinsights_sitenote_active":false,"_monsterinsights_sitenote_note":"","_monsterinsights_sitenote_category":0,"jetpack_post_was_ever_published":false,"_jetpack_newsletter_access":"","_jetpack_dont_email_post_to_subs":false,"_jetpack_newsletter_tier_id":0,"_jetpack_memberships_contains_paywalled_content":false,"_jetpack_memberships_contains_paid_content":false,"footnotes":"","jetpack_publicize_message":"","jetpack_publicize_feature_enabled":true,"jetpack_social_post_already_shared":true,"jetpack_social_options":{"image_generator_settings":{"template":"highway","default_image_id":0,"font":"","enabled":false},"version":2},"_wpas_customize_per_network":false},"categories":[30],"tags":[9528,7694],"class_list":["post-51574","post","type-post","status-publish","format-standard","has-post-thumbnail","hentry","category-municipio","tag-jura-policia-local","tag-policia-local-mercedes","generate-columns","tablet-grid-50","mobile-grid-100","grid-parent","grid-50"],"jetpack_publicize_connections":[],"jetpack_featured_media_url":"https:\/\/www.hoymercedes.com.ar\/principal\/wp-content\/uploads\/2016\/06\/jurapolicialocal3.jpg","wps_subtitle":"A instancias del intendente","jetpack_sharing_enabled":true,"_links":{"self":[{"href":"https:\/\/www.hoymercedes.com.ar\/principal\/wp-json\/wp\/v2\/posts\/51574","targetHints":{"allow":["GET"]}}],"collection":[{"href":"https:\/\/www.hoymercedes.com.ar\/principal\/wp-json\/wp\/v2\/posts"}],"about":[{"href":"https:\/\/www.hoymercedes.com.ar\/principal\/wp-json\/wp\/v2\/types\/post"}],"author":[{"embeddable":true,"href":"https:\/\/www.hoymercedes.com.ar\/principal\/wp-json\/wp\/v2\/users\/1"}],"replies":[{"embeddable":true,"href":"https:\/\/www.hoymercedes.com.ar\/principal\/wp-json\/wp\/v2\/comments?post=51574"}],"version-history":[{"count":0,"href":"https:\/\/www.hoymercedes.com.ar\/principal\/wp-json\/wp\/v2\/posts\/51574\/revisions"}],"wp:featuredmedia":[{"embeddable":true,"href":"https:\/\/www.hoymercedes.com.ar\/principal\/wp-json\/wp\/v2\/media\/51575"}],"wp:attachment":[{"href":"https:\/\/www.hoymercedes.com.ar\/principal\/wp-json\/wp\/v2\/media?parent=51574"}],"wp:term":[{"taxonomy":"category","embeddable":true,"href":"https:\/\/www.hoymercedes.com.ar\/principal\/wp-json\/wp\/v2\/categories?post=51574"},{"taxonomy":"post_tag","embeddable":true,"href":"https:\/\/www.hoymercedes.com.ar\/principal\/wp-json\/wp\/v2\/tags?post=51574"}],"curies":[{"name":"wp","href":"https:\/\/api.w.org\/{rel}","templated":true}]}}