{"id":5158,"date":"2011-06-22T16:11:14","date_gmt":"2011-06-22T16:11:14","guid":{"rendered":"http:\/\/www.hoymercedes.com.ar\/principal\/?p=5158"},"modified":"2011-06-22T16:11:14","modified_gmt":"2011-06-22T16:11:14","slug":"juan-pablo-lopez-%e2%80%9custarroz-gana-el-14-y-el-23-de-octubre%e2%80%9d","status":"publish","type":"post","link":"https:\/\/www.hoymercedes.com.ar\/principal\/2011\/06\/22\/juan-pablo-lopez-%e2%80%9custarroz-gana-el-14-y-el-23-de-octubre%e2%80%9d\/","title":{"rendered":"Juan Pablo L\u00f3pez: \u201cUstarr\u00f3z gana el 14 y el 23 de octubre\u201d"},"content":{"rendered":"<figure id=\"attachment_5160\" aria-describedby=\"caption-attachment-5160\" style=\"width: 390px\" class=\"wp-caption alignleft\"><a href=\"https:\/\/www.hoymercedes.com.ar\/principal\/wp-content\/uploads\/2011\/06\/juanpablolopez.jpg\"><img loading=\"lazy\" decoding=\"async\" data-attachment-id=\"5160\" data-permalink=\"https:\/\/www.hoymercedes.com.ar\/principal\/2011\/06\/22\/juan-pablo-lopez-%e2%80%9custarroz-gana-el-14-y-el-23-de-octubre%e2%80%9d\/juanpablolopez\/#main\" data-orig-file=\"https:\/\/www.hoymercedes.com.ar\/principal\/wp-content\/uploads\/2011\/06\/juanpablolopez.jpg\" data-orig-size=\"400,266\" data-comments-opened=\"1\" data-image-meta=\"{&quot;aperture&quot;:&quot;3.8&quot;,&quot;credit&quot;:&quot;Moreira Mario&quot;,&quot;camera&quot;:&quot;NIKON D300&quot;,&quot;caption&quot;:&quot;&quot;,&quot;created_timestamp&quot;:&quot;1292495902&quot;,&quot;copyright&quot;:&quot;Moreira \/ Ferraro&quot;,&quot;focal_length&quot;:&quot;22&quot;,&quot;iso&quot;:&quot;1250&quot;,&quot;shutter_speed&quot;:&quot;0.005&quot;,&quot;title&quot;:&quot;&quot;}\" data-image-title=\"juanpablolopez\" data-image-description=\"\" data-image-caption=\"&lt;p&gt;Juan Pablo L\u00f3pez, referente de Casa Joven e integrante del Frente Mercedino para la Victoria&lt;\/p&gt;\n\" data-large-file=\"https:\/\/www.hoymercedes.com.ar\/principal\/wp-content\/uploads\/2011\/06\/juanpablolopez.jpg\" class=\"size-full wp-image-5160\" title=\"juanpablolopez\" src=\"https:\/\/www.hoymercedes.com.ar\/principal\/wp-content\/uploads\/2011\/06\/juanpablolopez.jpg\" alt=\"\" width=\"400\" height=\"266\" \/><\/a><figcaption id=\"caption-attachment-5160\" class=\"wp-caption-text\">Juan Pablo L\u00f3pez, referente de Casa Joven e integrante del Frente Mercedino para la Victoria<\/figcaption><\/figure>\n<p>En declaraciones a nuestro medio el actual concejal por el justicialismo Juan Pablo L\u00f3pez se refiri\u00f3 a la situaci\u00f3n de  la agrupaci\u00f3n que lidera, Casa Joven, y sus perspectivas antes y despu\u00e9s del acto electoral del mes de octubre.<\/p>\n<p>L\u00f3pez afirm\u00f3  que: \u201ccuando Casa Joven y la JP provincia de Buenos Aires decidimos acompa\u00f1ar, sumar esfuerzos con el Frente Mercedino para la Victoria lo hicimos con un absoluto convencimiento desde el punto de vista ideol\u00f3gico y desde el punto de vista de proyecci\u00f3n de nuestro espacio generacional. Casa Joven, como Agrupaci\u00f3n, no termina con una elecci\u00f3n, es un espacio que naci\u00f3 para quedarse en Mercedes. En relaci\u00f3n a las elecciones dijimos que \u00edbamos a ser parte activa del trabajo militante y activo en funci\u00f3n de hacer lo que corresponde para poder arribar a los espacios de gesti\u00f3n y de responsabilidad. Hoy d\u00eda eso puede verse concretamente en el trabajo cotidiano efectuado junto al grupo de tareas del Frente Mercedino. Casa Joven trabaja de esa manera, sin especulaci\u00f3n, apostando mucho en el proceso electoral, no como un fin en si mismo, sino como parte del transito necesario que exige la democracia para que los ideas y objetivos se plasmen en la realidad.<\/p>\n<p>De esta manera Juan Pablo L\u00f3pez se refer\u00eda al trabajo conjunto con el Frente, sin embargo, una de las cuestiones que se desprende es sobre el mantenimiento de la identidad de Casa Joven. Al respecto nos dec\u00eda:<\/p>\n<p>\u201cCasa Joven no ha perdido su identidad luego de su incorporaci\u00f3n al Frente, justamente la riqueza del mismo est\u00e1 en todos los espacios que lo integran, est\u00e1 en una identidad muy clara con el gobierno nacional, con el proyecto de la presidenta Cristina Fern\u00e1ndez y la gran cantidad de cuadros pol\u00edticos juveniles, incluso de una misma generaci\u00f3n que se empiezan a insertar en la pol\u00edtica, que quieren estar presentes en lo que tiene que ver con la discusi\u00f3n de lo publico y esa riqueza es la que har\u00e1 que el 14 de agosto y luego en el mes de octubre el Frente se imponga en las elecciones. Entiendo, para redondear, que la identidad de nuestra agrupaci\u00f3n ni la de las restantes que est\u00e1n en el Frente quedan desdibujadas sino que forman parte de una experiencia mayor dentro de un \u00e1mbito que convoca a m\u00faltiples sectores que dial\u00e9cticamente se enriquecen super\u00e1ndose d\u00eda a d\u00eda como grupo y que a su vez posee una expresi\u00f3n en la figura de Juan Ignacio Ustarr\u00f3z como candidato a intendente.<\/p>\n<p><strong>La forma de participar del Frente Mercedino<\/strong><\/p>\n<p>Posteriormente al ser consultado como deber\u00eda actuar el Frente Mercedino para la Victoria en el sentido de competir con Selva en la interna o ir como se suele decir \u201cpor afuera\u201d, Juan Pablo L\u00f3pez precis\u00f3: \u201chay cuestiones que se terminan de definir siempre a ultimo momento como pasa por lo general en todas las agrupaciones, y oportunamente se dar\u00e1 a conocer a trav\u00e9s de la conducci\u00f3n de Frente. Lo importante es que estamos trabajando para  ganar el pr\u00f3ximo 14 de agosto y todos vamos en la misma direcci\u00f3n: gobernar responsablemente la ciudad en pos de la totalidad de la poblaci\u00f3n con un sensible eje colocado en los que menos tienen. Ahora bien, en relaci\u00f3n directa a lo consultado, y a t\u00edtulo personal, no debo dejar de decir que el Frente est\u00e1 en condiciones no s\u00f3lo de participar, sino y m\u00e1s valioso aun, de ganar. Lo valioso es que se trabaja mucho y los frutos est\u00e1n increment\u00e1ndose cada d\u00eda. Es palpable que Ustarr\u00f3z gana el 14 de agosto y el 23 de octubre. Y se evidencia un claro apresuramiento del sector selvista para tener esa elecci\u00f3n cuando antes ya que saben cada d\u00eda que pasa el Frente crece.\u201d<\/p>\n","protected":false},"excerpt":{"rendered":"<p>En declaraciones a nuestro medio el actual concejal por el justicialismo Juan Pablo L\u00f3pez se refiri\u00f3 a la situaci\u00f3n de &#8230; <a title=\"Juan Pablo L\u00f3pez: \u201cUstarr\u00f3z gana el 14 y el 23 de octubre\u201d\" class=\"read-more\" href=\"https:\/\/www.hoymercedes.com.ar\/principal\/2011\/06\/22\/juan-pablo-lopez-%e2%80%9custarroz-gana-el-14-y-el-23-de-octubre%e2%80%9d\/\" aria-label=\"Leer m\u00e1s sobre Juan Pablo L\u00f3pez: \u201cUstarr\u00f3z gana el 14 y el 23 de octubre\u201d\">Leer m\u00e1s<\/a><\/p>\n","protected":false},"author":1,"featured_media":0,"comment_status":"open","ping_status":"open","sticky":false,"template":"","format":"standard","meta":{"_monsterinsights_skip_tracking":false,"_monsterinsights_sitenote_active":false,"_monsterinsights_sitenote_note":"","_monsterinsights_sitenote_category":0,"jetpack_post_was_ever_published":false,"_jetpack_newsletter_access":"","_jetpack_dont_email_post_to_subs":false,"_jetpack_newsletter_tier_id":0,"_jetpack_memberships_contains_paywalled_content":false,"_jetpack_memberships_contains_paid_content":false,"footnotes":"","jetpack_publicize_message":"","jetpack_publicize_feature_enabled":true,"jetpack_social_post_already_shared":false,"jetpack_social_options":{"image_generator_settings":{"template":"highway","default_image_id":0,"font":"","enabled":false},"version":2},"_wpas_customize_per_network":false},"categories":[5],"tags":[379,273],"class_list":["post-5158","post","type-post","status-publish","format-standard","hentry","category-politica","tag-frente-mercedino-para-la-victoria","tag-juan-pablo-lopez","generate-columns","tablet-grid-50","mobile-grid-100","grid-parent","grid-50"],"jetpack_publicize_connections":[],"jetpack_featured_media_url":"","wps_subtitle":"","jetpack_sharing_enabled":true,"_links":{"self":[{"href":"https:\/\/www.hoymercedes.com.ar\/principal\/wp-json\/wp\/v2\/posts\/5158","targetHints":{"allow":["GET"]}}],"collection":[{"href":"https:\/\/www.hoymercedes.com.ar\/principal\/wp-json\/wp\/v2\/posts"}],"about":[{"href":"https:\/\/www.hoymercedes.com.ar\/principal\/wp-json\/wp\/v2\/types\/post"}],"author":[{"embeddable":true,"href":"https:\/\/www.hoymercedes.com.ar\/principal\/wp-json\/wp\/v2\/users\/1"}],"replies":[{"embeddable":true,"href":"https:\/\/www.hoymercedes.com.ar\/principal\/wp-json\/wp\/v2\/comments?post=5158"}],"version-history":[{"count":0,"href":"https:\/\/www.hoymercedes.com.ar\/principal\/wp-json\/wp\/v2\/posts\/5158\/revisions"}],"wp:attachment":[{"href":"https:\/\/www.hoymercedes.com.ar\/principal\/wp-json\/wp\/v2\/media?parent=5158"}],"wp:term":[{"taxonomy":"category","embeddable":true,"href":"https:\/\/www.hoymercedes.com.ar\/principal\/wp-json\/wp\/v2\/categories?post=5158"},{"taxonomy":"post_tag","embeddable":true,"href":"https:\/\/www.hoymercedes.com.ar\/principal\/wp-json\/wp\/v2\/tags?post=5158"}],"curies":[{"name":"wp","href":"https:\/\/api.w.org\/{rel}","templated":true}]}}