{"id":51606,"date":"2016-06-24T08:19:07","date_gmt":"2016-06-24T11:19:07","guid":{"rendered":"http:\/\/www.hoymercedes.com.ar\/principal\/?p=51606"},"modified":"2016-06-22T14:25:06","modified_gmt":"2016-06-22T17:25:06","slug":"mercedes-participo-de-un-hexagonal-en-rodriguez","status":"publish","type":"post","link":"https:\/\/www.hoymercedes.com.ar\/principal\/2016\/06\/24\/mercedes-participo-de-un-hexagonal-en-rodriguez\/","title":{"rendered":"Mercedes particip\u00f3 de un hexagonal en Rodr\u00edguez"},"content":{"rendered":"<p><strong><em>Por Ariel Musante \/ El Club Vicente L\u00f3pez y Planes de la ciudad de General Rodr\u00edguez organizo un hexagonal en el d\u00eda de la bandera. El equipo femenino de Mercedes estuvo presente con un resultado dispar. La UAI de Urquiza se coron\u00f3 en el encuentro.<\/em><\/strong><\/p>\n<p><img loading=\"lazy\" decoding=\"async\" data-attachment-id=\"51607\" data-permalink=\"https:\/\/www.hoymercedes.com.ar\/principal\/2016\/06\/24\/mercedes-participo-de-un-hexagonal-en-rodriguez\/22-handball-3\/#main\" data-orig-file=\"https:\/\/www.hoymercedes.com.ar\/principal\/wp-content\/uploads\/2016\/06\/22-Handball-3.jpg\" data-orig-size=\"448,299\" data-comments-opened=\"1\" data-image-meta=\"{&quot;aperture&quot;:&quot;0&quot;,&quot;credit&quot;:&quot;&quot;,&quot;camera&quot;:&quot;&quot;,&quot;caption&quot;:&quot;&quot;,&quot;created_timestamp&quot;:&quot;0&quot;,&quot;copyright&quot;:&quot;&quot;,&quot;focal_length&quot;:&quot;0&quot;,&quot;iso&quot;:&quot;0&quot;,&quot;shutter_speed&quot;:&quot;0&quot;,&quot;title&quot;:&quot;&quot;,&quot;orientation&quot;:&quot;0&quot;}\" data-image-title=\"22 Handball 3\" data-image-description=\"\" data-image-caption=\"\" data-large-file=\"https:\/\/www.hoymercedes.com.ar\/principal\/wp-content\/uploads\/2016\/06\/22-Handball-3.jpg\" class=\"aligncenter size-full wp-image-51607\" src=\"https:\/\/www.hoymercedes.com.ar\/principal\/wp-content\/uploads\/2016\/06\/22-Handball-3.jpg\" alt=\"22 Handball 3\" width=\"448\" height=\"299\" srcset=\"https:\/\/www.hoymercedes.com.ar\/principal\/wp-content\/uploads\/2016\/06\/22-Handball-3.jpg 448w, https:\/\/www.hoymercedes.com.ar\/principal\/wp-content\/uploads\/2016\/06\/22-Handball-3-150x100.jpg 150w, https:\/\/www.hoymercedes.com.ar\/principal\/wp-content\/uploads\/2016\/06\/22-Handball-3-300x200.jpg 300w\" sizes=\"auto, (max-width: 448px) 100vw, 448px\" \/><\/p>\n<p>El pasado 20 de junio las chicas mercedinas viajaron a la ciudad de General Rodr\u00edguez a disputar un \u201ctorneo rel\u00e1mpago\u201d con la participaci\u00f3n de 6 equipos. Mercedes, integr\u00f3 el grupo A junto al Deportivo Merlo y al equipo local de Vicente L\u00f3pez y Planes, mientras que el grupo B, estuvo integrado por los equipos de Independiente de Merlo, Amigos Ganaderos de Ituzaingo y la Universidad Abierta Iberoamericana de Urquiza.<\/p>\n<p>Las dirigidas por Dami\u00e1n Altieri tuvieron un inicio irregular en su primer partido ante el equipo local, llegando a estar 4 goles abajo en el tanteador en los primeros minutos del segundo tiempo, a partir de all\u00ed comenzaron a mejorar en ambos lados de la cancha y remont\u00f3 un partido hasta finalizar empatados en 13 tantos.<\/p>\n<p>En la segunda presentaci\u00f3n, frente al equipo de Deportivo Merlo, las chicas entraron a la cancha muy confiadas, pero esa confianza les jug\u00f3 en contra y nunca pudieron dar vuelta un resultado adverso, perdiendo el partido por 10 a 7.<\/p>\n<p>El equipo ganador del grupo A fuel el equipo local del Club Vicente L\u00f3pez y Planes que se impuso a Deportivo merlo por 15 a 9, y se enfrent\u00f3 en el partido final al equipo de la UAI de Urquiza cerrando la jornada handbol\u00edstica. UAI de Urquiza se coron\u00f3 en el encuentro del d\u00eda de la bandera, ganando la final por 16 a 12.<\/p>\n<p>Mercedes, dirigido por el profesor Dami\u00e1n Altieri, estuvo integrado por Albornoz Sof\u00eda, Bartolomeo Emilia, Blanco Ilkiv Laura, Campioni Carla, Campioni Sof\u00eda, Coppola Nancy, Cornes Soledad, P\u00e9rez Quartiani Cecilia y Sim\u00f3n Josefina.<\/p>\n","protected":false},"excerpt":{"rendered":"<p>Por Ariel Musante \/ El Club Vicente L\u00f3pez y Planes de la ciudad de General Rodr\u00edguez organizo un hexagonal en &#8230; <a title=\"Mercedes particip\u00f3 de un hexagonal en Rodr\u00edguez\" class=\"read-more\" href=\"https:\/\/www.hoymercedes.com.ar\/principal\/2016\/06\/24\/mercedes-participo-de-un-hexagonal-en-rodriguez\/\" aria-label=\"Leer m\u00e1s sobre Mercedes particip\u00f3 de un hexagonal en Rodr\u00edguez\">Leer m\u00e1s<\/a><\/p>\n","protected":false},"author":1,"featured_media":51607,"comment_status":"open","ping_status":"open","sticky":false,"template":"","format":"standard","meta":{"_monsterinsights_skip_tracking":false,"_monsterinsights_sitenote_active":false,"_monsterinsights_sitenote_note":"","_monsterinsights_sitenote_category":0,"jetpack_post_was_ever_published":false,"_jetpack_newsletter_access":"","_jetpack_dont_email_post_to_subs":false,"_jetpack_newsletter_tier_id":0,"_jetpack_memberships_contains_paywalled_content":false,"_jetpack_memberships_contains_paid_content":false,"footnotes":"","jetpack_publicize_message":"","jetpack_publicize_feature_enabled":true,"jetpack_social_post_already_shared":true,"jetpack_social_options":{"image_generator_settings":{"template":"highway","default_image_id":0,"font":"","enabled":false},"version":2},"_wpas_customize_per_network":false},"categories":[21],"tags":[204,9534,8977,8733],"class_list":["post-51606","post","type-post","status-publish","format-standard","has-post-thumbnail","hentry","category-deportes","tag-deportes-2","tag-hadnball","tag-liga","tag-musante","generate-columns","tablet-grid-50","mobile-grid-100","grid-parent","grid-50"],"jetpack_publicize_connections":[],"jetpack_featured_media_url":"https:\/\/www.hoymercedes.com.ar\/principal\/wp-content\/uploads\/2016\/06\/22-Handball-3.jpg","wps_subtitle":"Handball","jetpack_sharing_enabled":true,"_links":{"self":[{"href":"https:\/\/www.hoymercedes.com.ar\/principal\/wp-json\/wp\/v2\/posts\/51606","targetHints":{"allow":["GET"]}}],"collection":[{"href":"https:\/\/www.hoymercedes.com.ar\/principal\/wp-json\/wp\/v2\/posts"}],"about":[{"href":"https:\/\/www.hoymercedes.com.ar\/principal\/wp-json\/wp\/v2\/types\/post"}],"author":[{"embeddable":true,"href":"https:\/\/www.hoymercedes.com.ar\/principal\/wp-json\/wp\/v2\/users\/1"}],"replies":[{"embeddable":true,"href":"https:\/\/www.hoymercedes.com.ar\/principal\/wp-json\/wp\/v2\/comments?post=51606"}],"version-history":[{"count":0,"href":"https:\/\/www.hoymercedes.com.ar\/principal\/wp-json\/wp\/v2\/posts\/51606\/revisions"}],"wp:featuredmedia":[{"embeddable":true,"href":"https:\/\/www.hoymercedes.com.ar\/principal\/wp-json\/wp\/v2\/media\/51607"}],"wp:attachment":[{"href":"https:\/\/www.hoymercedes.com.ar\/principal\/wp-json\/wp\/v2\/media?parent=51606"}],"wp:term":[{"taxonomy":"category","embeddable":true,"href":"https:\/\/www.hoymercedes.com.ar\/principal\/wp-json\/wp\/v2\/categories?post=51606"},{"taxonomy":"post_tag","embeddable":true,"href":"https:\/\/www.hoymercedes.com.ar\/principal\/wp-json\/wp\/v2\/tags?post=51606"}],"curies":[{"name":"wp","href":"https:\/\/api.w.org\/{rel}","templated":true}]}}