{"id":51609,"date":"2016-06-23T10:00:19","date_gmt":"2016-06-23T13:00:19","guid":{"rendered":"http:\/\/www.hoymercedes.com.ar\/principal\/?p=51609"},"modified":"2016-06-23T09:47:00","modified_gmt":"2016-06-23T12:47:00","slug":"ante-poderosos-stefi-pisani-mostro-su-destreza","status":"publish","type":"post","link":"https:\/\/www.hoymercedes.com.ar\/principal\/2016\/06\/23\/ante-poderosos-stefi-pisani-mostro-su-destreza\/","title":{"rendered":"Ante poderosos, Stefi Pisani mostr\u00f3 su destreza"},"content":{"rendered":"<p><em><strong>Por Ariel Musante \/ La joven deportista mercedina estuvo en Corea, donde particip\u00f3 del Mundial de Gimnasia Aer\u00f3bica quedando en el und\u00e9cimo puesto en Aero Dance y novena en Aero Step, realizando una gran labor, compitiendo con pa\u00edses que tienen esta actividad profesionalizada.<\/strong><\/em><\/p>\n<p><img loading=\"lazy\" decoding=\"async\" data-attachment-id=\"51610\" data-permalink=\"https:\/\/www.hoymercedes.com.ar\/principal\/2016\/06\/23\/ante-poderosos-stefi-pisani-mostro-su-destreza\/22-stefi-pisani\/#main\" data-orig-file=\"https:\/\/www.hoymercedes.com.ar\/principal\/wp-content\/uploads\/2016\/06\/22-Stefi-Pisani.jpg\" data-orig-size=\"448,298\" data-comments-opened=\"1\" data-image-meta=\"{&quot;aperture&quot;:&quot;0&quot;,&quot;credit&quot;:&quot;&quot;,&quot;camera&quot;:&quot;&quot;,&quot;caption&quot;:&quot;&quot;,&quot;created_timestamp&quot;:&quot;0&quot;,&quot;copyright&quot;:&quot;&quot;,&quot;focal_length&quot;:&quot;0&quot;,&quot;iso&quot;:&quot;0&quot;,&quot;shutter_speed&quot;:&quot;0&quot;,&quot;title&quot;:&quot;&quot;,&quot;orientation&quot;:&quot;0&quot;}\" data-image-title=\"22 Stefi Pisani\" data-image-description=\"\" data-image-caption=\"\" data-large-file=\"https:\/\/www.hoymercedes.com.ar\/principal\/wp-content\/uploads\/2016\/06\/22-Stefi-Pisani.jpg\" class=\"aligncenter size-full wp-image-51610\" src=\"https:\/\/www.hoymercedes.com.ar\/principal\/wp-content\/uploads\/2016\/06\/22-Stefi-Pisani.jpg\" alt=\"22 Stefi Pisani\" width=\"448\" height=\"298\" srcset=\"https:\/\/www.hoymercedes.com.ar\/principal\/wp-content\/uploads\/2016\/06\/22-Stefi-Pisani.jpg 448w, https:\/\/www.hoymercedes.com.ar\/principal\/wp-content\/uploads\/2016\/06\/22-Stefi-Pisani-150x100.jpg 150w, https:\/\/www.hoymercedes.com.ar\/principal\/wp-content\/uploads\/2016\/06\/22-Stefi-Pisani-300x200.jpg 300w\" sizes=\"auto, (max-width: 448px) 100vw, 448px\" \/><\/p>\n<p>Stefi Pisani estuvo junto a sus compa\u00f1eras de la Selecci\u00f3n Argentina de Gimnasia Aer\u00f3bica en Corea del Sur, donde obtuvieron el und\u00e9cimo lugar en la categor\u00eda Aero dance y noveno en la Aero Step. Estos resultados no eran los esperados por el equipo nacional, pero m\u00e1s all\u00e1 de todo el desempe\u00f1o fue bueno y quedaron conformes con la labor realizada ya que compitieron con los mejores del Mundo y eso ya es un\u00a0 premio. Algunos de estos pa\u00edses que son los que lideran casi todas las categor\u00edas se dedican ciento por ciento a este\u00a0 deporte ya que ser Gimnasta es una profesi\u00f3n rentada y que permite la dedicaci\u00f3n exclusiva a ello.<\/p>\n<p>En Argentina, al ser un deporte amateur, no recibe ning\u00fan tipo de subsidio y los gimnastas deben trabajar adem\u00e1s de estudiar para costear todos sus gastos y obviamente esto quita horas de entrenamiento. De todos modos lo hacen por y con pasi\u00f3n y van a seguir entrenando duro y van a seguir golpeando puertas por y para este deporte que tanto aman que es la Gimnasia Aer\u00f3bica.<\/p>\n<p>En otra espectacular experiencia en la lejana Korea, Stefi integr\u00f3 el equipo argentino con Sol Magdaleno, Brenda Mauro, Nahuel Antonio, Flor Cagnola, Neri Minazzolli, Mica Villa, Rochy Veliz,\u00a0 Anita Maciel, Cata Juri y\u00a0 Roc\u00edo Carretero; entrenadores Jorge Fillon \/ Lorena Luisio.<\/p>\n<p>Ahora a pensar de lleno en el Panamericano este es su pr\u00f3ximo objetivo, el mismo se realizar\u00e1 pr\u00f3ximamente en Lima, Per\u00fa.<\/p>\n","protected":false},"excerpt":{"rendered":"<p>Por Ariel Musante \/ La joven deportista mercedina estuvo en Corea, donde particip\u00f3 del Mundial de Gimnasia Aer\u00f3bica quedando en &#8230; <a title=\"Ante poderosos, Stefi Pisani mostr\u00f3 su destreza\" class=\"read-more\" href=\"https:\/\/www.hoymercedes.com.ar\/principal\/2016\/06\/23\/ante-poderosos-stefi-pisani-mostro-su-destreza\/\" aria-label=\"Leer m\u00e1s sobre Ante poderosos, Stefi Pisani mostr\u00f3 su destreza\">Leer m\u00e1s<\/a><\/p>\n","protected":false},"author":1,"featured_media":51610,"comment_status":"open","ping_status":"open","sticky":false,"template":"","format":"standard","meta":{"_monsterinsights_skip_tracking":false,"_monsterinsights_sitenote_active":false,"_monsterinsights_sitenote_note":"","_monsterinsights_sitenote_category":0,"jetpack_post_was_ever_published":false,"_jetpack_newsletter_access":"","_jetpack_dont_email_post_to_subs":false,"_jetpack_newsletter_tier_id":0,"_jetpack_memberships_contains_paywalled_content":false,"_jetpack_memberships_contains_paid_content":false,"footnotes":"","jetpack_publicize_message":"","jetpack_publicize_feature_enabled":true,"jetpack_social_post_already_shared":true,"jetpack_social_options":{"image_generator_settings":{"template":"highway","default_image_id":0,"font":"","enabled":false},"version":2},"_wpas_customize_per_network":false},"categories":[21],"tags":[9536,204,8733,9535],"class_list":["post-51609","post","type-post","status-publish","format-standard","has-post-thumbnail","hentry","category-deportes","tag-aero-dance","tag-deportes-2","tag-musante","tag-stefi-pisani","generate-columns","tablet-grid-50","mobile-grid-100","grid-parent","grid-50"],"jetpack_publicize_connections":[],"jetpack_featured_media_url":"https:\/\/www.hoymercedes.com.ar\/principal\/wp-content\/uploads\/2016\/06\/22-Stefi-Pisani.jpg","wps_subtitle":"Aero Dance","jetpack_sharing_enabled":true,"_links":{"self":[{"href":"https:\/\/www.hoymercedes.com.ar\/principal\/wp-json\/wp\/v2\/posts\/51609","targetHints":{"allow":["GET"]}}],"collection":[{"href":"https:\/\/www.hoymercedes.com.ar\/principal\/wp-json\/wp\/v2\/posts"}],"about":[{"href":"https:\/\/www.hoymercedes.com.ar\/principal\/wp-json\/wp\/v2\/types\/post"}],"author":[{"embeddable":true,"href":"https:\/\/www.hoymercedes.com.ar\/principal\/wp-json\/wp\/v2\/users\/1"}],"replies":[{"embeddable":true,"href":"https:\/\/www.hoymercedes.com.ar\/principal\/wp-json\/wp\/v2\/comments?post=51609"}],"version-history":[{"count":0,"href":"https:\/\/www.hoymercedes.com.ar\/principal\/wp-json\/wp\/v2\/posts\/51609\/revisions"}],"wp:featuredmedia":[{"embeddable":true,"href":"https:\/\/www.hoymercedes.com.ar\/principal\/wp-json\/wp\/v2\/media\/51610"}],"wp:attachment":[{"href":"https:\/\/www.hoymercedes.com.ar\/principal\/wp-json\/wp\/v2\/media?parent=51609"}],"wp:term":[{"taxonomy":"category","embeddable":true,"href":"https:\/\/www.hoymercedes.com.ar\/principal\/wp-json\/wp\/v2\/categories?post=51609"},{"taxonomy":"post_tag","embeddable":true,"href":"https:\/\/www.hoymercedes.com.ar\/principal\/wp-json\/wp\/v2\/tags?post=51609"}],"curies":[{"name":"wp","href":"https:\/\/api.w.org\/{rel}","templated":true}]}}