{"id":51627,"date":"2016-06-22T21:30:48","date_gmt":"2016-06-23T00:30:48","guid":{"rendered":"http:\/\/www.hoymercedes.com.ar\/principal\/?p=51627"},"modified":"2016-06-22T21:30:48","modified_gmt":"2016-06-23T00:30:48","slug":"se-celebrara-el-264o-aniversario-de-los-origenes-de-mercedes","status":"publish","type":"post","link":"https:\/\/www.hoymercedes.com.ar\/principal\/2016\/06\/22\/se-celebrara-el-264o-aniversario-de-los-origenes-de-mercedes\/","title":{"rendered":"Se celebrar\u00e1 el 264\u00ba Aniversario de los Or\u00edgenes de Mercedes"},"content":{"rendered":"<p>El pr\u00f3ximo s\u00e1bado 25 de Junio, la ciudad celebrar\u00e1 el 264\u00ba Aniversario de los or\u00edgenes del Partido de Mercedes, con el acto protocolar correspondiente a las 10,00 horas frente a la Pir\u00e1mide Fundacional, que se encuentra en la Plaza Rivadavia, conocida como Plaza San Luis, por su cercan\u00eda con la parroquia que lleva el nombre del Santo Patrono.<\/p>\n<p>Del acto estar\u00e1n participando la Escuela de Danzas Folcl\u00f3ricas \u201cAlmafuerte\u201d, dirigida por Esther y Miguel Cordone, y ser\u00e1 el responsable de interpretar el Himno Nacional Argentino, el cantante Sebasti\u00e1n Neiro.<\/p>\n<p>Por pedido del intendente Ustarroz tambi\u00e9n se desarrollar\u00e1n otras actividades en torno a esta celebraci\u00f3n con lo cual se invita tambi\u00e8n a todsa la comunidad a las\u00a0actividades que se suman a los festejos ya que, en la v\u00edspera del 264\u00b0 aniversario, el pr\u00f3ximo viernes 24 de junio desde las 18:30 hs. en el Museo Hist\u00f3rico Municipal \u201cV\u00edctor E. M\u00edguez\u201d, \u00a0se realizar\u00e1 una vieja y tradicional costumbre, que es la \u201cFogata de la noche de San Juan\u201d, con el deseo que se transforme nuevamente en una costumbre anual, donde se procede al encendido de una fogata con quema de mu\u00f1eco (hecho por internos de la Unidad 5), y donde murgas de la ciudad se unen en esta ocasi\u00f3n para acompa\u00f1ar con sus ritmos colores esta realizaci\u00f3n. Es por eso que se invita a escuelas e instituciones y familias a acercarse con peque\u00f1os mu\u00f1ecos o con papelitos donde este escrito lo que cada uno quiera purificar, como dice la tradici\u00f3n.<\/p>\n<p>Volviendo al s\u00e1bado 25, en el predio de la vieja estaci\u00f3n La Trocha, se estar\u00e1 inaugurando la Feria Municipal de la Trocha, donde artesanos de la ciudad tienen su lugar fijo, para exponer y vender los productos que ellos elaboran. La idea es que 10.30hs la feria abra sus puertas para que los mercedinos puedan comenzar a acercarse, y puedan disfrutar de un buen clima con eventos culturales, espect\u00e1culos y paseos en \u201czorras\u201d del Museo de Amigos del Ferrocarril Belgrano, que estar\u00e1n participando adem\u00e1s con la apertura del museo del viejo ferrocarril. En el mismo lugar, desde las 15hs se proceder\u00e1 a la largada de la \u201cMarat\u00f3n\u201d que propone la Direcci\u00f3n de Deportes, en el marco de los festejos. Ser\u00e1n 10 Km. competitivos y 5 Km. participativos con medallas para todos los participantes y trofeos para todas las categor\u00edas que se dividir\u00e1n cada 5 a\u00f1os. Para participar, la inscripci\u00f3n se puede realizar hasta 2 horas antes, el mismo d\u00eda de la competencia.<\/p>\n<p>Y el domingo 26, sum\u00e1ndose a las actividades, se estar\u00e1 celebrando el primer aniversario del Museo de Arte, donde se estar\u00e1 desarrollando un espect\u00e1culo especialmente armado para la ocasi\u00f3n, \u00abUn sentir y un cantar desde el alma Mercedina\u00bb, rindiendo homenaje a la ciudad a trav\u00e9s de un repertorio de autores y compositores locales entre los que se encuentran Mar\u00eda Elena Rapela de Bustos Berrondo, Juan Carlos D\u00edaz, Mauricio Capaccio, Argentino Valenzuela, Tito Sanguinetti, Walter perruolo, Marilina Erramuspe y otros, que expresan el sentir del pueblo a trav\u00e9s de su arte.<\/p>\n<p>El encuentro se desarrollara el d\u00eda domingo 26 de Junio, a las 18 hs, en el Museo de Arte Municipalidad de Mercedes de calle 23 entre 16 y 18<\/p>\n","protected":false},"excerpt":{"rendered":"<p>El pr\u00f3ximo s\u00e1bado 25 de Junio, la ciudad celebrar\u00e1 el 264\u00ba Aniversario de los or\u00edgenes del Partido de Mercedes, con &#8230; <a title=\"Se celebrar\u00e1 el 264\u00ba Aniversario de los Or\u00edgenes de Mercedes\" class=\"read-more\" href=\"https:\/\/www.hoymercedes.com.ar\/principal\/2016\/06\/22\/se-celebrara-el-264o-aniversario-de-los-origenes-de-mercedes\/\" aria-label=\"Leer m\u00e1s sobre Se celebrar\u00e1 el 264\u00ba Aniversario de los Or\u00edgenes de Mercedes\">Leer m\u00e1s<\/a><\/p>\n","protected":false},"author":1,"featured_media":51628,"comment_status":"open","ping_status":"open","sticky":false,"template":"","format":"standard","meta":{"_monsterinsights_skip_tracking":false,"_monsterinsights_sitenote_active":false,"_monsterinsights_sitenote_note":"","_monsterinsights_sitenote_category":0,"jetpack_post_was_ever_published":false,"_jetpack_newsletter_access":"","_jetpack_dont_email_post_to_subs":false,"_jetpack_newsletter_tier_id":0,"_jetpack_memberships_contains_paywalled_content":false,"_jetpack_memberships_contains_paid_content":false,"footnotes":"","jetpack_publicize_message":"","jetpack_publicize_feature_enabled":true,"jetpack_social_post_already_shared":true,"jetpack_social_options":{"image_generator_settings":{"template":"highway","default_image_id":0,"font":"","enabled":false},"version":2},"_wpas_customize_per_network":false},"categories":[30],"tags":[9540],"class_list":["post-51627","post","type-post","status-publish","format-standard","has-post-thumbnail","hentry","category-municipio","tag-dia-de-mercedes","generate-columns","tablet-grid-50","mobile-grid-100","grid-parent","grid-50"],"jetpack_publicize_connections":[],"jetpack_featured_media_url":"https:\/\/www.hoymercedes.com.ar\/principal\/wp-content\/uploads\/2016\/06\/municipio.jpg","wps_subtitle":"Festejos locales...","jetpack_sharing_enabled":true,"_links":{"self":[{"href":"https:\/\/www.hoymercedes.com.ar\/principal\/wp-json\/wp\/v2\/posts\/51627","targetHints":{"allow":["GET"]}}],"collection":[{"href":"https:\/\/www.hoymercedes.com.ar\/principal\/wp-json\/wp\/v2\/posts"}],"about":[{"href":"https:\/\/www.hoymercedes.com.ar\/principal\/wp-json\/wp\/v2\/types\/post"}],"author":[{"embeddable":true,"href":"https:\/\/www.hoymercedes.com.ar\/principal\/wp-json\/wp\/v2\/users\/1"}],"replies":[{"embeddable":true,"href":"https:\/\/www.hoymercedes.com.ar\/principal\/wp-json\/wp\/v2\/comments?post=51627"}],"version-history":[{"count":0,"href":"https:\/\/www.hoymercedes.com.ar\/principal\/wp-json\/wp\/v2\/posts\/51627\/revisions"}],"wp:featuredmedia":[{"embeddable":true,"href":"https:\/\/www.hoymercedes.com.ar\/principal\/wp-json\/wp\/v2\/media\/51628"}],"wp:attachment":[{"href":"https:\/\/www.hoymercedes.com.ar\/principal\/wp-json\/wp\/v2\/media?parent=51627"}],"wp:term":[{"taxonomy":"category","embeddable":true,"href":"https:\/\/www.hoymercedes.com.ar\/principal\/wp-json\/wp\/v2\/categories?post=51627"},{"taxonomy":"post_tag","embeddable":true,"href":"https:\/\/www.hoymercedes.com.ar\/principal\/wp-json\/wp\/v2\/tags?post=51627"}],"curies":[{"name":"wp","href":"https:\/\/api.w.org\/{rel}","templated":true}]}}