{"id":5163,"date":"2011-06-23T00:26:56","date_gmt":"2011-06-23T00:26:56","guid":{"rendered":"http:\/\/www.hoymercedes.com.ar\/principal\/?p=5163"},"modified":"2011-06-23T00:26:56","modified_gmt":"2011-06-23T00:26:56","slug":"celebra-el-colegio-de-abogados-95-anos-de-su-creacion","status":"publish","type":"post","link":"https:\/\/www.hoymercedes.com.ar\/principal\/2011\/06\/23\/celebra-el-colegio-de-abogados-95-anos-de-su-creacion\/","title":{"rendered":"Celebra el Colegio de Abogados 95 A\u00f1os de su creaci\u00f3n"},"content":{"rendered":"<p>Con dos actos en el d\u00eda de hoy jueves 23 de junio se inician los actos celebratorios del Colegio de Abogados del Departamento Judicial, que culminar\u00e1n ma\u00f1ana viernes con un acto acad\u00e9mico y una reuni\u00f3n en su sede de la calle 24 y avenida 29 de esta ciudad. Los actos conmemoran la creaci\u00f3n del Colegio en 1916, y comienzan esta tarde a las 15.00 con un homenaje a las primeras colegiadas abogadas y procuradoras, que ha de contar con la presencia de la Dra. Hilda Kogan. La Dra. Kogan, que se recibi\u00f3 de abogada en la Facultad de Derecho y Ciencias Sociales de la  Universidad de Buenos Aires y curs\u00f3 el doctorado en la misma facultad,  realiz\u00f3 una Maestr\u00eda en Sociolog\u00eda en la Universidad de Carolina del Norte, Chapel Hill (Estados Unidos), y es la primera mujer que ha presidido la Suprema Corte de Justicia de la provincia de Buenos Aires. Es tambi\u00e9n miembro de la Asociaci\u00f3n de Jueces para la Democracia y de la  Asociaci\u00f3n de Mujeres Jueces de la Argentina (AMJA).<\/p>\n<p>M\u00e1s tarde tambi\u00e9n hoy jueves a las 20.00 tendr\u00e1 lugar la esperada presentaci\u00f3n del Dr. Pedro Luis Barcia, presidente de la Academia Argentina de Letras y miembro correspondiente de la Real Academia Espa\u00f1ola. Con una vasta trayectoria en el campo de las letras, el Dr. Barcia tiene interesant\u00edsimas contribuciones al estudio de la lengua actual y cotidiana. En el Tercer Congreso Internacional de la Lengua Espa\u00f1ola realizado en Rosario en 2008, una de sus preocupaciones se vincul\u00f3 con el modo en que las nuevas tecnolog\u00edas alteran nuestro lenguaje \u2013por ejemplo, la limitaci\u00f3n del chateo a un vocabulario reducido a unas 200 palabras y \u201camputado\u201d en una escritura simplificada- y las ventajas y limitaciones de un lenguaje \u201cneutro\u201d que no pierda las connotaciones regionales, como tambi\u00e9n de la influencia de otros idiomas sobre nuestra propia lengua en el marco de la globalizaci\u00f3n de los medios de comunicaci\u00f3n. Para el bicentenario de la Revoluci\u00f3n de Mayo, el Dr. Barcia junto a Gabriela Pauen public\u00f3 el Diccionario fraseol\u00f3gico del habla argentina, que reune m\u00e1s de diez mil expresiones de nuestro lenguaje cotidiano. La presentaci\u00f3n del Dr. Barcia propone un tema controvertido y sugerente: \u201cLa teor\u00eda de la conspiraci\u00f3n\u201d, una intriga abierta a muchas interpretaciones en el actual orden mundial: Y est\u00e1 destinada a toda la comunidad, con acceso libre y gratuito, y especialmente dirigida a docentes y alumnos de las carreras vinculadas con la ling\u00fc\u00edstica y la literatura.<\/p>\n<p>Para el cierre de los actos ma\u00f1ana viernes 24 de junio a las 19.00 se presentar\u00e1 el destacado constitucionalista Dr. Alberto E. Bianchi, quien disertar\u00e1 sobre \u201cEl derecho constitucional hace 95 a\u00f1os y hoy\u201d. Aqu\u00ed la propuesta invita a ubicarnos en el tiempo en que se cre\u00f3 el Colegio de Abogados y el momento actual, desde la perspectiva del derecho constitucional en lo que va de casi un siglo.<\/p>\n<p>Todos los actos tienen lugar en el sal\u00f3n de actos \u201cArturo Acu\u00f1a Anzorena\u201d, del primer piso del edificio de 24 y 29 y al finalizar la conferencia del Dr. Bianchi seguir\u00e1 una reuni\u00f3n para celebrar este aniversario.<\/p>\n<p>&nbsp;<\/p>\n","protected":false},"excerpt":{"rendered":"<p>Con dos actos en el d\u00eda de hoy jueves 23 de junio se inician los actos celebratorios del Colegio de &#8230; <a title=\"Celebra el Colegio de Abogados 95 A\u00f1os de su creaci\u00f3n\" class=\"read-more\" href=\"https:\/\/www.hoymercedes.com.ar\/principal\/2011\/06\/23\/celebra-el-colegio-de-abogados-95-anos-de-su-creacion\/\" aria-label=\"Leer m\u00e1s sobre Celebra el Colegio de Abogados 95 A\u00f1os de su creaci\u00f3n\">Leer m\u00e1s<\/a><\/p>\n","protected":false},"author":1,"featured_media":0,"comment_status":"open","ping_status":"open","sticky":false,"template":"","format":"standard","meta":{"_monsterinsights_skip_tracking":false,"_monsterinsights_sitenote_active":false,"_monsterinsights_sitenote_note":"","_monsterinsights_sitenote_category":0,"jetpack_post_was_ever_published":false,"_jetpack_newsletter_access":"","_jetpack_dont_email_post_to_subs":false,"_jetpack_newsletter_tier_id":0,"_jetpack_memberships_contains_paywalled_content":false,"_jetpack_memberships_contains_paid_content":false,"footnotes":"","jetpack_publicize_message":"","jetpack_publicize_feature_enabled":true,"jetpack_social_post_already_shared":false,"jetpack_social_options":{"image_generator_settings":{"template":"highway","default_image_id":0,"font":"","enabled":false},"version":2},"_wpas_customize_per_network":false},"categories":[8],"tags":[945],"class_list":["post-5163","post","type-post","status-publish","format-standard","hentry","category-sociedad","tag-colegio-abogados-mercedes","generate-columns","tablet-grid-50","mobile-grid-100","grid-parent","grid-50"],"jetpack_publicize_connections":[],"jetpack_featured_media_url":"","wps_subtitle":"","jetpack_sharing_enabled":true,"_links":{"self":[{"href":"https:\/\/www.hoymercedes.com.ar\/principal\/wp-json\/wp\/v2\/posts\/5163","targetHints":{"allow":["GET"]}}],"collection":[{"href":"https:\/\/www.hoymercedes.com.ar\/principal\/wp-json\/wp\/v2\/posts"}],"about":[{"href":"https:\/\/www.hoymercedes.com.ar\/principal\/wp-json\/wp\/v2\/types\/post"}],"author":[{"embeddable":true,"href":"https:\/\/www.hoymercedes.com.ar\/principal\/wp-json\/wp\/v2\/users\/1"}],"replies":[{"embeddable":true,"href":"https:\/\/www.hoymercedes.com.ar\/principal\/wp-json\/wp\/v2\/comments?post=5163"}],"version-history":[{"count":0,"href":"https:\/\/www.hoymercedes.com.ar\/principal\/wp-json\/wp\/v2\/posts\/5163\/revisions"}],"wp:attachment":[{"href":"https:\/\/www.hoymercedes.com.ar\/principal\/wp-json\/wp\/v2\/media?parent=5163"}],"wp:term":[{"taxonomy":"category","embeddable":true,"href":"https:\/\/www.hoymercedes.com.ar\/principal\/wp-json\/wp\/v2\/categories?post=5163"},{"taxonomy":"post_tag","embeddable":true,"href":"https:\/\/www.hoymercedes.com.ar\/principal\/wp-json\/wp\/v2\/tags?post=5163"}],"curies":[{"name":"wp","href":"https:\/\/api.w.org\/{rel}","templated":true}]}}