{"id":51653,"date":"2016-06-24T10:18:01","date_gmt":"2016-06-24T13:18:01","guid":{"rendered":"http:\/\/www.hoymercedes.com.ar\/principal\/?p=51653"},"modified":"2016-06-24T09:20:13","modified_gmt":"2016-06-24T12:20:13","slug":"el-dr-laporta-dio-cuenta-del-resultado-de-la-autopsia-de-jose-calcagno","status":"publish","type":"post","link":"https:\/\/www.hoymercedes.com.ar\/principal\/2016\/06\/24\/el-dr-laporta-dio-cuenta-del-resultado-de-la-autopsia-de-jose-calcagno\/","title":{"rendered":"El Dr. Laporta dio cuenta del resultado de la autopsia de Jos\u00e9 Calcagno"},"content":{"rendered":"<p><em><strong>El Director de la Cl\u00ednica resalt\u00f3 que el paciente ten\u00eda \u201cuna cardiopat\u00eda hipertr\u00f3fica dilatada\u201d. Adelant\u00f3 que buscar\u00e1 encontrarse con la familia Calcagno para hablar personalmente.<\/strong><\/em><\/p>\n<p><img loading=\"lazy\" decoding=\"async\" data-attachment-id=\"51654\" data-permalink=\"https:\/\/www.hoymercedes.com.ar\/principal\/2016\/06\/24\/el-dr-laporta-dio-cuenta-del-resultado-de-la-autopsia-de-jose-calcagno\/24-laporta\/#main\" data-orig-file=\"https:\/\/www.hoymercedes.com.ar\/principal\/wp-content\/uploads\/2016\/06\/24-laporta.jpg\" data-orig-size=\"448,299\" data-comments-opened=\"1\" data-image-meta=\"{&quot;aperture&quot;:&quot;2.8&quot;,&quot;credit&quot;:&quot;&quot;,&quot;camera&quot;:&quot;DSC-H2&quot;,&quot;caption&quot;:&quot;&quot;,&quot;created_timestamp&quot;:&quot;1466681175&quot;,&quot;copyright&quot;:&quot;&quot;,&quot;focal_length&quot;:&quot;6&quot;,&quot;iso&quot;:&quot;320&quot;,&quot;shutter_speed&quot;:&quot;0.05&quot;,&quot;title&quot;:&quot;&quot;,&quot;orientation&quot;:&quot;1&quot;}\" data-image-title=\"24 laporta\" data-image-description=\"\" data-image-caption=\"&lt;p&gt;Foto de Archivo&lt;\/p&gt;\n\" data-large-file=\"https:\/\/www.hoymercedes.com.ar\/principal\/wp-content\/uploads\/2016\/06\/24-laporta.jpg\" class=\"aligncenter size-full wp-image-51654\" src=\"https:\/\/www.hoymercedes.com.ar\/principal\/wp-content\/uploads\/2016\/06\/24-laporta.jpg\" alt=\"24 laporta\" width=\"448\" height=\"299\" srcset=\"https:\/\/www.hoymercedes.com.ar\/principal\/wp-content\/uploads\/2016\/06\/24-laporta.jpg 448w, https:\/\/www.hoymercedes.com.ar\/principal\/wp-content\/uploads\/2016\/06\/24-laporta-150x100.jpg 150w, https:\/\/www.hoymercedes.com.ar\/principal\/wp-content\/uploads\/2016\/06\/24-laporta-300x200.jpg 300w\" sizes=\"auto, (max-width: 448px) 100vw, 448px\" \/><\/p>\n<p>A un mes y medio del fallecimiento de Jos\u00e9 Calcagno, por causas que est\u00e1n siendo investigadas por la UFI N\u00ba 2 de Mercedes a partir de la denuncia realizada por la familia, el Director de la Cl\u00ednica Nueva Cruz Azul, el Dr. Ra\u00fal Laporta, convoc\u00f3 a los medios de comunicaci\u00f3n para dar cuenta del resultado de la necropsia realizada d\u00edas despu\u00e9s en General Rodr\u00edguez.<\/p>\n<p>Dos concentraciones fueron las realizadas por los familiares de Calcagno para pedir explicaciones sobre lo que hab\u00eda pasado minutos antes del fallecimiento de Jos\u00e9 tras haberse sometido una cirug\u00eda menor en la Cl\u00ednica de la Avenida 29 y 16. Con este caso, otras denuncias p\u00fablicas aparecieron, algunas de los \u00faltimos a\u00f1os y otras tantas de los a\u00f1os en que la instituci\u00f3n se denominaba Cl\u00ednica de las Mercedes cuya direcci\u00f3n y gesti\u00f3n correspond\u00eda a otros profesionales.<\/p>\n<p>Sobre el caso de Jos\u00e9 Calcagno concretamente, el Dr. Laporta, director del centro de salud, destac\u00f3 que no quer\u00eda hablar \u201chasta no tener la certeza de la situaci\u00f3n\u201d, m\u00e1s all\u00e1 de que sali\u00f3 en alg\u00fan que otro medio dando explicaciones a partir de los supuestos que se barajaban en aquella oportunidad y ejemplificando con estad\u00edsticas.<\/p>\n<p>\u201cLa realidad es lo que nos dice la necropsia\u201d destac\u00f3 el Dr. Laporta. A lo que \u201cera un tema que me interesaba que se hiciera. M\u00e1s all\u00e1 de hacer uno la revisi\u00f3n de la historia cl\u00ednica, hablar con los m\u00e9dicos y enfermeras intervinientes, anestesista, tambi\u00e9n quer\u00eda saber la causa real. Todo lo dem\u00e1s es hip\u00f3tesis\u201d.<\/p>\n<p>Mostrando el informe de la autopsia firmada por la Dra. Lucrecia Vidal (MP 334.686), m\u00e9dica de la polic\u00eda, y realizada en la Morgue del Hospital de General Rodr\u00edguez, el Dr. Laporta destac\u00f3 que \u201clas causas son un paro cardio-respiratorio no traum\u00e1tico por edema agudo de pulm\u00f3n, insuficiencia card\u00edaca descompensada y miocardiopat\u00eda hipertr\u00f3fica dilatada\u201d.<\/p>\n<p>\u201cLa causa real en este paciente era que ten\u00eda una cardiopat\u00eda hipertr\u00f3fica dilatada. Esto quiere decir que no ten\u00eda un coraz\u00f3n sano\u201d, destac\u00f3. \u201cEsta cl\u00ednica se caracteriza por ser semiabierta, donde tiene m\u00e9dicos que pertenecen a la instituci\u00f3n, otros que atienden en sus consultorios y vienen, y operan. En este caso, el vecino fue al consultorio del cirujano que \u00e9l eligi\u00f3, el cirujano dio su evaluaci\u00f3n quir\u00fargica y pidi\u00f3 una serie de estudios, entre ellos un riesgo quir\u00fargico; que tampoco se hizo en la cl\u00ednica. No todos los ex\u00e1menes que se hacen en los consultorios, sin hacer una evaluaci\u00f3n de c\u00f3mo se actu\u00f3, uno puede enterarse si hay una cardiopat\u00eda. Muchas, parece no tenerla, y en este caso la tuvo\u201d, marc\u00f3.<\/p>\n<p>\u201cDigo esto porque se coment\u00f3 tanto el tema de la anestesia, cuando en realidad se hizo una anestesia raqu\u00eddea. Esta tiene su complicaci\u00f3n, pero no es una anestesia de las que \u2018le puede pasar de anestesia\u2019. Es una dosis que se aplica en la columna que anestesia de la cintura para abajo\u2026 la autopsia se puso en el quir\u00f3fano. Cuando la semana anterior no se lo hab\u00eda operado por la presi\u00f3n alta, fue porque antes de ponerle la anestesia se encuentra la presi\u00f3n alta. Las cirug\u00edas suspendidas siempre son suspendidas previas a la anestesia. Despu\u00e9s que se va de alta, tiene una segunda evaluaci\u00f3n cardiol\u00f3gica, est\u00e1 en la historia cl\u00ednica, supongo que por el mismo cardi\u00f3logo. Se aconseja seguir con la cirug\u00eda y el Cirujano decide operarlo con el mismo riesgo quir\u00fargico que ya ten\u00eda. En la segunda cirug\u00eda, cuando es evaluado en la pre anestesia, no estaba, en ese momento ni hipertenso, ni descompensado\u201d, agreg\u00f3 Laporta.<\/p>\n<p>&nbsp;<\/p>\n<p><strong>Charla con la familia<\/strong><\/p>\n<p>Asimismo, el Director de la Cl\u00ednica resalt\u00f3 que no hab\u00eda querido hablar con la familia de Calcagno hasta no tener el resultado de la autopsia. Con la necropsia en la mano, buscar\u00e1 reunirse con la familia de Jos\u00e9. \u201cHablar\u00e9 con ellos teniendo los datos precisos. Antes no pod\u00eda hacerlo porque iba a decirle, \u2018me parece\u2019, \u2018pudo haber sido\u2019. Ahora que tengo los datos, me encantar\u00eda reunirme con ellos y poder charlar civilizadamente acerca de la situaci\u00f3n esta\u201d, expres\u00f3 el responsable m\u00e9dico de la Cl\u00ednica Nueva Cruz Azul.<\/p>\n<p>El Dr. Laporta, tambi\u00e9n resalt\u00f3 que tras la denuncia que realiz\u00f3 la familia Calcagno y las movilizaciones organizadas por ellos, tom\u00f3 conocimiento de otros casos, pero que alguno de ellos no hab\u00edan sucedido durante la administraci\u00f3n actual del Centro de Salud y no ten\u00eda m\u00e1s que las historias cl\u00ednicas para hacer una auditor\u00eda. \u201cLos que competen a esta administraci\u00f3n, no tengo ning\u00fan problema en charlarlos con los familiares que denuncian. Algunos de los casos puntuales, s\u00ed los conozco\u201d, marc\u00f3 y sin dar nombres relat\u00f3 el caso de un paciente que fue trasladado a pedido de la familia, pese que el m\u00e9dico hab\u00eda aconsejado no hacerlo, as\u00ed como el de otra paciente que hab\u00eda ingresado el mi\u00e9rcoles \u00faltimo y el jueves a la ma\u00f1ana un familiar denunciaba a la instituci\u00f3n en redes sociales porque no ten\u00edan las pr\u00f3tesis para operar cuando la deb\u00eda enviar desde la obra social.<\/p>\n<p>Por otra parte, el Dr. Laporta expres\u00f3 que la Cl\u00ednica, como centro de salud, m\u00e1s all\u00e1 de quienes fuesen los directivos y propietarios \u201carrastra una mala fama de gestiones previas\u201d que \u201cse hace dif\u00edcil de revertir y cualquier situaci\u00f3n que pasa, parecer\u00eda que hay mala voluntad\u201d. Hablando denuncias hechas por redes sociales que despu\u00e9s no se aclaran y alej\u00e1ndose del caso concreto detallado con anterioridad, el Dr. Laporta remarc\u00f3 que no quieren que \u201clo injurien ni que ensucien la instituci\u00f3n\u201d y por lo tanto, analizar\u00e1n qu\u00e9 puede hacerse judicialmente cuando aparecen esos tipos de comentarios que no se condicen con los hechos<\/p>\n<p>Fuente: Clarisa Altieri &#8211; Diario El Oeste<\/p>\n","protected":false},"excerpt":{"rendered":"<p>El Director de la Cl\u00ednica resalt\u00f3 que el paciente ten\u00eda \u201cuna cardiopat\u00eda hipertr\u00f3fica dilatada\u201d. Adelant\u00f3 que buscar\u00e1 encontrarse con la &#8230; <a title=\"El Dr. Laporta dio cuenta del resultado de la autopsia de Jos\u00e9 Calcagno\" class=\"read-more\" href=\"https:\/\/www.hoymercedes.com.ar\/principal\/2016\/06\/24\/el-dr-laporta-dio-cuenta-del-resultado-de-la-autopsia-de-jose-calcagno\/\" aria-label=\"Leer m\u00e1s sobre El Dr. Laporta dio cuenta del resultado de la autopsia de Jos\u00e9 Calcagno\">Leer m\u00e1s<\/a><\/p>\n","protected":false},"author":1,"featured_media":51654,"comment_status":"open","ping_status":"open","sticky":false,"template":"","format":"standard","meta":{"_monsterinsights_skip_tracking":false,"_monsterinsights_sitenote_active":false,"_monsterinsights_sitenote_note":"","_monsterinsights_sitenote_category":0,"jetpack_post_was_ever_published":false,"_jetpack_newsletter_access":"","_jetpack_dont_email_post_to_subs":false,"_jetpack_newsletter_tier_id":0,"_jetpack_memberships_contains_paywalled_content":false,"_jetpack_memberships_contains_paid_content":false,"footnotes":"","jetpack_publicize_message":"","jetpack_publicize_feature_enabled":true,"jetpack_social_post_already_shared":true,"jetpack_social_options":{"image_generator_settings":{"template":"highway","default_image_id":0,"font":"","enabled":false},"version":2},"_wpas_customize_per_network":false},"categories":[5485],"tags":[9555,9422,7033,9554],"class_list":["post-51653","post","type-post","status-publish","format-standard","has-post-thumbnail","hentry","category-comunidad","tag-calcagno","tag-clinica","tag-denuncia","tag-dr-laporta","generate-columns","tablet-grid-50","mobile-grid-100","grid-parent","grid-50"],"jetpack_publicize_connections":[],"jetpack_featured_media_url":"https:\/\/www.hoymercedes.com.ar\/principal\/wp-content\/uploads\/2016\/06\/24-laporta.jpg","wps_subtitle":"Con el informe en la mano","jetpack_sharing_enabled":true,"_links":{"self":[{"href":"https:\/\/www.hoymercedes.com.ar\/principal\/wp-json\/wp\/v2\/posts\/51653","targetHints":{"allow":["GET"]}}],"collection":[{"href":"https:\/\/www.hoymercedes.com.ar\/principal\/wp-json\/wp\/v2\/posts"}],"about":[{"href":"https:\/\/www.hoymercedes.com.ar\/principal\/wp-json\/wp\/v2\/types\/post"}],"author":[{"embeddable":true,"href":"https:\/\/www.hoymercedes.com.ar\/principal\/wp-json\/wp\/v2\/users\/1"}],"replies":[{"embeddable":true,"href":"https:\/\/www.hoymercedes.com.ar\/principal\/wp-json\/wp\/v2\/comments?post=51653"}],"version-history":[{"count":0,"href":"https:\/\/www.hoymercedes.com.ar\/principal\/wp-json\/wp\/v2\/posts\/51653\/revisions"}],"wp:featuredmedia":[{"embeddable":true,"href":"https:\/\/www.hoymercedes.com.ar\/principal\/wp-json\/wp\/v2\/media\/51654"}],"wp:attachment":[{"href":"https:\/\/www.hoymercedes.com.ar\/principal\/wp-json\/wp\/v2\/media?parent=51653"}],"wp:term":[{"taxonomy":"category","embeddable":true,"href":"https:\/\/www.hoymercedes.com.ar\/principal\/wp-json\/wp\/v2\/categories?post=51653"},{"taxonomy":"post_tag","embeddable":true,"href":"https:\/\/www.hoymercedes.com.ar\/principal\/wp-json\/wp\/v2\/tags?post=51653"}],"curies":[{"name":"wp","href":"https:\/\/api.w.org\/{rel}","templated":true}]}}