{"id":5167,"date":"2011-06-23T00:59:28","date_gmt":"2011-06-23T00:59:28","guid":{"rendered":"http:\/\/www.hoymercedes.com.ar\/principal\/?p=5167"},"modified":"2011-06-23T00:59:28","modified_gmt":"2011-06-23T00:59:28","slug":"carteles-selvistas-primero-roturas-luego-propaganda-musical","status":"publish","type":"post","link":"https:\/\/www.hoymercedes.com.ar\/principal\/2011\/06\/23\/carteles-selvistas-primero-roturas-luego-propaganda-musical\/","title":{"rendered":"Carteles selvistas: primero roturas, luego propaganda musical"},"content":{"rendered":"<p>Parece ser que para el actual intendente y pre candidato para ser reelecto en las pr\u00f3ximas elecciones no le va tan bien en lo que a materia publicitaria se refiere.<\/p>\n<p>Cuando hace alrededor de un mes su gente sali\u00f3 a la calle a colocar pasacalles, en menos de un d\u00eda como por arte de magia desaparecieron todos, luego, concretamente durante la \u00faltima semana, se colocaron carteleras, alrededor de quince en diferentes puntos de la ciudad y a que no adivinan lo que paso: siete destruidas y cuatro sustra\u00eddas.<\/p>\n<p style=\"text-align: center;\"><a href=\"https:\/\/www.hoymercedes.com.ar\/principal\/wp-content\/uploads\/2011\/06\/selvacartelesI.jpg\"><img loading=\"lazy\" decoding=\"async\" data-attachment-id=\"5169\" data-permalink=\"https:\/\/www.hoymercedes.com.ar\/principal\/2011\/06\/23\/carteles-selvistas-primero-roturas-luego-propaganda-musical\/selvacartelesi\/#main\" data-orig-file=\"https:\/\/www.hoymercedes.com.ar\/principal\/wp-content\/uploads\/2011\/06\/selvacartelesI.jpg\" data-orig-size=\"600,450\" data-comments-opened=\"1\" data-image-meta=\"{&quot;aperture&quot;:&quot;2.8&quot;,&quot;credit&quot;:&quot;&quot;,&quot;camera&quot;:&quot;COOLPIX L10&quot;,&quot;caption&quot;:&quot;&quot;,&quot;created_timestamp&quot;:&quot;1308562447&quot;,&quot;copyright&quot;:&quot;Copyright 2006&quot;,&quot;focal_length&quot;:&quot;6.2&quot;,&quot;iso&quot;:&quot;64&quot;,&quot;shutter_speed&quot;:&quot;0.0030845157310302&quot;,&quot;title&quot;:&quot;&quot;}\" data-image-title=\"selvacartelesI\" data-image-description=\"\" data-image-caption=\"\" data-large-file=\"https:\/\/www.hoymercedes.com.ar\/principal\/wp-content\/uploads\/2011\/06\/selvacartelesI.jpg\" class=\"size-full wp-image-5169 aligncenter\" title=\"selvacartelesI\" src=\"https:\/\/www.hoymercedes.com.ar\/principal\/wp-content\/uploads\/2011\/06\/selvacartelesI.jpg\" alt=\"\" width=\"600\" height=\"450\" \/><\/a><\/p>\n<p>Para que tengan una idea a la que se encuentra en 29 y 42, en direcci\u00f3n al R\u00edo Lujan, le cortaron las fotos del intendente, el gobernador y la presidente quedando con una imagen deplorable por lo cual el grupo a cargo de la tarea de la colocaci\u00f3n de los mismos intent\u00f3 subsanar el problema pegando un cartel con las tres fotograf\u00edas. Eso ocurri\u00f3 el martes por la ma\u00f1ana pero la cosa no terminar\u00eda all\u00ed ya que este mi\u00e9rcoles apareci\u00f3 dicha cartelera con afiches de un show musical que se presentar\u00e1 el domingo en el Teatro Julio Cesar Gioscio, cuyo nombre por las dudas tambi\u00e9n esta pegado en la cartelera, seguramente muchos dir\u00e1 \u201ccosas de la pol\u00edtica\u201d y nosotros nos preguntaremos \u00bfO de los pol\u00edticos?. Acaso \u00bfse habr\u00e1 olvidado Pachiani de decirles a los que salen a pegar afiches del teatro que no deben hacerlo en las carteleras del jefe?<\/p>\n<p>&nbsp;<\/p>\n<p><a href=\"https:\/\/www.hoymercedes.com.ar\/principal\/wp-content\/uploads\/2011\/06\/selvacartelesII.jpg\"><img loading=\"lazy\" decoding=\"async\" data-attachment-id=\"5170\" data-permalink=\"https:\/\/www.hoymercedes.com.ar\/principal\/2011\/06\/23\/carteles-selvistas-primero-roturas-luego-propaganda-musical\/selvacartelesii\/#main\" data-orig-file=\"https:\/\/www.hoymercedes.com.ar\/principal\/wp-content\/uploads\/2011\/06\/selvacartelesII.jpg\" data-orig-size=\"600,450\" data-comments-opened=\"1\" data-image-meta=\"{&quot;aperture&quot;:&quot;3.4&quot;,&quot;credit&quot;:&quot;&quot;,&quot;camera&quot;:&quot;COOLPIX L10&quot;,&quot;caption&quot;:&quot;&quot;,&quot;created_timestamp&quot;:&quot;1308477767&quot;,&quot;copyright&quot;:&quot;Copyright 2006&quot;,&quot;focal_length&quot;:&quot;9&quot;,&quot;iso&quot;:&quot;64&quot;,&quot;shutter_speed&quot;:&quot;0.003363605785402&quot;,&quot;title&quot;:&quot;&quot;}\" data-image-title=\"selvacartelesII\" data-image-description=\"\" data-image-caption=\"\" data-large-file=\"https:\/\/www.hoymercedes.com.ar\/principal\/wp-content\/uploads\/2011\/06\/selvacartelesII.jpg\" class=\"aligncenter size-full wp-image-5170\" title=\"selvacartelesII\" src=\"https:\/\/www.hoymercedes.com.ar\/principal\/wp-content\/uploads\/2011\/06\/selvacartelesII.jpg\" alt=\"\" width=\"600\" height=\"450\" srcset=\"https:\/\/www.hoymercedes.com.ar\/principal\/wp-content\/uploads\/2011\/06\/selvacartelesII.jpg 600w, https:\/\/www.hoymercedes.com.ar\/principal\/wp-content\/uploads\/2011\/06\/selvacartelesII-300x225.jpg 300w\" sizes=\"auto, (max-width: 600px) 100vw, 600px\" \/><\/a><\/p>\n","protected":false},"excerpt":{"rendered":"<p>Parece ser que para el actual intendente y pre candidato para ser reelecto en las pr\u00f3ximas elecciones no le va &#8230; <a title=\"Carteles selvistas: primero roturas, luego propaganda musical\" class=\"read-more\" href=\"https:\/\/www.hoymercedes.com.ar\/principal\/2011\/06\/23\/carteles-selvistas-primero-roturas-luego-propaganda-musical\/\" aria-label=\"Leer m\u00e1s sobre Carteles selvistas: primero roturas, luego propaganda musical\">Leer m\u00e1s<\/a><\/p>\n","protected":false},"author":1,"featured_media":0,"comment_status":"open","ping_status":"open","sticky":false,"template":"","format":"standard","meta":{"_monsterinsights_skip_tracking":false,"_monsterinsights_sitenote_active":false,"_monsterinsights_sitenote_note":"","_monsterinsights_sitenote_category":0,"jetpack_post_was_ever_published":false,"_jetpack_newsletter_access":"","_jetpack_dont_email_post_to_subs":false,"_jetpack_newsletter_tier_id":0,"_jetpack_memberships_contains_paywalled_content":false,"_jetpack_memberships_contains_paid_content":false,"footnotes":"","jetpack_publicize_message":"","jetpack_publicize_feature_enabled":true,"jetpack_social_post_already_shared":false,"jetpack_social_options":{"image_generator_settings":{"template":"highway","default_image_id":0,"font":"","enabled":false},"version":2},"_wpas_customize_per_network":false},"categories":[5],"tags":[947,946],"class_list":["post-5167","post","type-post","status-publish","format-standard","hentry","category-politica","tag-campana-mercedes-2011","tag-carlos-selva-2011","generate-columns","tablet-grid-50","mobile-grid-100","grid-parent","grid-50"],"jetpack_publicize_connections":[],"jetpack_featured_media_url":"","wps_subtitle":"","jetpack_sharing_enabled":true,"_links":{"self":[{"href":"https:\/\/www.hoymercedes.com.ar\/principal\/wp-json\/wp\/v2\/posts\/5167","targetHints":{"allow":["GET"]}}],"collection":[{"href":"https:\/\/www.hoymercedes.com.ar\/principal\/wp-json\/wp\/v2\/posts"}],"about":[{"href":"https:\/\/www.hoymercedes.com.ar\/principal\/wp-json\/wp\/v2\/types\/post"}],"author":[{"embeddable":true,"href":"https:\/\/www.hoymercedes.com.ar\/principal\/wp-json\/wp\/v2\/users\/1"}],"replies":[{"embeddable":true,"href":"https:\/\/www.hoymercedes.com.ar\/principal\/wp-json\/wp\/v2\/comments?post=5167"}],"version-history":[{"count":0,"href":"https:\/\/www.hoymercedes.com.ar\/principal\/wp-json\/wp\/v2\/posts\/5167\/revisions"}],"wp:attachment":[{"href":"https:\/\/www.hoymercedes.com.ar\/principal\/wp-json\/wp\/v2\/media?parent=5167"}],"wp:term":[{"taxonomy":"category","embeddable":true,"href":"https:\/\/www.hoymercedes.com.ar\/principal\/wp-json\/wp\/v2\/categories?post=5167"},{"taxonomy":"post_tag","embeddable":true,"href":"https:\/\/www.hoymercedes.com.ar\/principal\/wp-json\/wp\/v2\/tags?post=5167"}],"curies":[{"name":"wp","href":"https:\/\/api.w.org\/{rel}","templated":true}]}}