{"id":51739,"date":"2016-06-26T18:02:32","date_gmt":"2016-06-26T21:02:32","guid":{"rendered":"http:\/\/www.hoymercedes.com.ar\/principal\/?p=51739"},"modified":"2016-06-26T19:36:15","modified_gmt":"2016-06-26T22:36:15","slug":"ateneo-dorrego-y-san-andres-muestran-su-poderio","status":"publish","type":"post","link":"https:\/\/www.hoymercedes.com.ar\/principal\/2016\/06\/26\/ateneo-dorrego-y-san-andres-muestran-su-poderio\/","title":{"rendered":"Ateneo, Dorrego y San Andr\u00e9s muestran su poder\u00edo"},"content":{"rendered":"<p class=\"ecxMsoNormal\"><strong><em>Por Ariel Musante. El conjunto mercedino, el de Navarro y las de San Andr\u00e9s de Giles volvieron a terminar una jornada completa en forma invicta. Estudiantes jug\u00f3 ante Parque Esperanza en Luj\u00e1n y gan\u00f3 en Primera y S\u00e9ptima Divisi\u00f3n.<\/em><\/strong><\/p>\n<p class=\"ecxMsoNormal\">El fr\u00edo del s\u00e1bado por la ma\u00f1ana no impidi\u00f3 que vuelva a jugarse una jornada de hockey en la zona. Se jugaron los tres partidos que correspond\u00edan a la fecha siete, y tambi\u00e9n pagaron su deuda Ateneo ante Hurac\u00e1n de San Antonio de Areco y cuando todav\u00eda quedan nueve partidos por jugarse, el torneo tom\u00f3 su color.<\/p>\n<p class=\"ecxMsoNormal\">En la ciudad de Mercedes Ateneo recibi\u00f3 a Hurac\u00e1n de San Antornio de Areco en una jornada que se jug\u00f3 de Primera a S\u00e9ptima y en la que las chicas de Sof\u00eda Lofrano y Jonathan\u00a0Biglia ganando en Primera, Quinta y S\u00e9ptima y empatando en Sexta siendo este el primer partido en el que no suma de a tres.<\/p>\n<p class=\"ecxMsoNormal\">Por el lado de Mercedes Rugby Club, viaj\u00f3 a Navarro para enfrentar a una de las entidades m\u00e1s complicadas que tiene la Liga, Dorrego, a quien s\u00f3lo le pudo empatar en Sexta, ya que en las otras tres fue derrotado. Por su parte, Dorrego, en Mami Hockey, gole\u00f3 a San Miguel de Las Heras.<\/p>\n<p class=\"ecxMsoNormal\">En cuando a Estudiantes, gan\u00f3 en Primera y S\u00e9ptima a Parque Esperanza, que este a\u00f1o no est\u00e1 haciendo una buena temporada y empat\u00f3 en Sexta. S\u00f3lo cay\u00f3 en S\u00e9ptima. Los otros que tambi\u00e9n jugaron fueron El Front\u00f3n ante San Andr\u00e9s, con goleadas a favor de las visitantes en Sexta y S\u00e9ptima y un empate en Quinta.<\/p>\n<p class=\"ecxMsoNormal\">\u00a0<img loading=\"lazy\" decoding=\"async\" data-attachment-id=\"51740\" data-permalink=\"https:\/\/www.hoymercedes.com.ar\/principal\/2016\/06\/26\/ateneo-dorrego-y-san-andres-muestran-su-poderio\/copa-de-clubes\/#main\" data-orig-file=\"https:\/\/www.hoymercedes.com.ar\/principal\/wp-content\/uploads\/2016\/06\/Copa-de-Clubes.png\" data-orig-size=\"674,375\" data-comments-opened=\"1\" data-image-meta=\"{&quot;aperture&quot;:&quot;0&quot;,&quot;credit&quot;:&quot;&quot;,&quot;camera&quot;:&quot;&quot;,&quot;caption&quot;:&quot;&quot;,&quot;created_timestamp&quot;:&quot;0&quot;,&quot;copyright&quot;:&quot;&quot;,&quot;focal_length&quot;:&quot;0&quot;,&quot;iso&quot;:&quot;0&quot;,&quot;shutter_speed&quot;:&quot;0&quot;,&quot;title&quot;:&quot;&quot;,&quot;orientation&quot;:&quot;0&quot;}\" data-image-title=\"Copa de Clubes\" data-image-description=\"\" data-image-caption=\"\" data-large-file=\"https:\/\/www.hoymercedes.com.ar\/principal\/wp-content\/uploads\/2016\/06\/Copa-de-Clubes.png\" class=\"aligncenter size-medium wp-image-51740\" src=\"https:\/\/www.hoymercedes.com.ar\/principal\/wp-content\/uploads\/2016\/06\/Copa-de-Clubes-630x351.png\" alt=\"Copa de Clubes\" width=\"630\" height=\"351\" srcset=\"https:\/\/www.hoymercedes.com.ar\/principal\/wp-content\/uploads\/2016\/06\/Copa-de-Clubes-630x351.png 630w, https:\/\/www.hoymercedes.com.ar\/principal\/wp-content\/uploads\/2016\/06\/Copa-de-Clubes-150x83.png 150w, https:\/\/www.hoymercedes.com.ar\/principal\/wp-content\/uploads\/2016\/06\/Copa-de-Clubes.png 674w\" sizes=\"auto, (max-width: 630px) 100vw, 630px\" \/><\/p>\n<p class=\"ecxMsoNormal\"><b>S\u00edntesis<\/b><\/p>\n<p class=\"ecxMsoNormal\"><b>Primera Divisi\u00f3n<\/b><\/p>\n<p class=\"ecxMsoNormal\">Ateneo 7: Candela Arroyo (5) y Sol Silva (2)<\/p>\n<p class=\"ecxMsoNormal\">Hurac\u00e1n 1: Malena Farbo<\/p>\n<p class=\"ecxMsoNormal\">Dorrego 4: Georgina Sedari (2), Mar\u00eda Eugenia Trillini y Mar\u00eda Paz Etcheverri<\/p>\n<p class=\"ecxMsoNormal\">MRC 1: In\u00e9s Caride<\/p>\n<p class=\"ecxMsoNormal\">Parque Esperanza 0<\/p>\n<p class=\"ecxMsoNormal\">Estudiantes 2: Gisella Vila (2)<\/p>\n<p class=\"ecxMsoNormal\">\u00a0<img loading=\"lazy\" decoding=\"async\" data-attachment-id=\"51741\" data-permalink=\"https:\/\/www.hoymercedes.com.ar\/principal\/2016\/06\/26\/ateneo-dorrego-y-san-andres-muestran-su-poderio\/primera-3\/#main\" data-orig-file=\"https:\/\/www.hoymercedes.com.ar\/principal\/wp-content\/uploads\/2016\/06\/Primera.png\" data-orig-size=\"629,300\" data-comments-opened=\"1\" data-image-meta=\"{&quot;aperture&quot;:&quot;0&quot;,&quot;credit&quot;:&quot;&quot;,&quot;camera&quot;:&quot;&quot;,&quot;caption&quot;:&quot;&quot;,&quot;created_timestamp&quot;:&quot;0&quot;,&quot;copyright&quot;:&quot;&quot;,&quot;focal_length&quot;:&quot;0&quot;,&quot;iso&quot;:&quot;0&quot;,&quot;shutter_speed&quot;:&quot;0&quot;,&quot;title&quot;:&quot;&quot;,&quot;orientation&quot;:&quot;0&quot;}\" data-image-title=\"Primera\" data-image-description=\"\" data-image-caption=\"\" data-large-file=\"https:\/\/www.hoymercedes.com.ar\/principal\/wp-content\/uploads\/2016\/06\/Primera.png\" class=\"aligncenter size-full wp-image-51741\" src=\"https:\/\/www.hoymercedes.com.ar\/principal\/wp-content\/uploads\/2016\/06\/Primera.png\" alt=\"Primera\" width=\"629\" height=\"300\" srcset=\"https:\/\/www.hoymercedes.com.ar\/principal\/wp-content\/uploads\/2016\/06\/Primera.png 629w, https:\/\/www.hoymercedes.com.ar\/principal\/wp-content\/uploads\/2016\/06\/Primera-150x72.png 150w\" sizes=\"auto, (max-width: 629px) 100vw, 629px\" \/><\/p>\n<p class=\"ecxMsoNormal\"><b>Quinta Divisi\u00f3n<\/b><\/p>\n<p class=\"ecxMsoNormal\"><b>\u00a0<\/b><\/p>\n<p class=\"ecxMsoNormal\">Ateneo 2: Valentina Spinelli y Mar\u00eda Clara Silva<\/p>\n<p class=\"ecxMsoNormal\">Hurac\u00e1n 0<\/p>\n<p class=\"ecxMsoNormal\">Dorrego 1: Candela Amalfi<\/p>\n<p class=\"ecxMsoNormal\">MRC 0<\/p>\n<p class=\"ecxMsoNormal\">El Front\u00f3n 1: Luc\u00eda Mart\u00ednez<\/p>\n<p class=\"ecxMsoNormal\">San Andr\u00e9s 1: Luc\u00eda Gussoni<\/p>\n<p class=\"ecxMsoNormal\">Parque Esperanza 4: Denise De Robles (2), Carolina Poma y Violeta Ferreira<\/p>\n<p class=\"ecxMsoNormal\">Estudiantes 0<\/p>\n<p class=\"ecxMsoNormal\">\u00a0<img loading=\"lazy\" decoding=\"async\" data-attachment-id=\"51742\" data-permalink=\"https:\/\/www.hoymercedes.com.ar\/principal\/2016\/06\/26\/ateneo-dorrego-y-san-andres-muestran-su-poderio\/quinta\/#main\" data-orig-file=\"https:\/\/www.hoymercedes.com.ar\/principal\/wp-content\/uploads\/2016\/06\/Quinta.png\" data-orig-size=\"631,348\" data-comments-opened=\"1\" data-image-meta=\"{&quot;aperture&quot;:&quot;0&quot;,&quot;credit&quot;:&quot;&quot;,&quot;camera&quot;:&quot;&quot;,&quot;caption&quot;:&quot;&quot;,&quot;created_timestamp&quot;:&quot;0&quot;,&quot;copyright&quot;:&quot;&quot;,&quot;focal_length&quot;:&quot;0&quot;,&quot;iso&quot;:&quot;0&quot;,&quot;shutter_speed&quot;:&quot;0&quot;,&quot;title&quot;:&quot;&quot;,&quot;orientation&quot;:&quot;0&quot;}\" data-image-title=\"Quinta\" data-image-description=\"\" data-image-caption=\"\" data-large-file=\"https:\/\/www.hoymercedes.com.ar\/principal\/wp-content\/uploads\/2016\/06\/Quinta.png\" class=\"aligncenter size-medium wp-image-51742\" src=\"https:\/\/www.hoymercedes.com.ar\/principal\/wp-content\/uploads\/2016\/06\/Quinta-630x347.png\" alt=\"Quinta\" width=\"630\" height=\"347\" srcset=\"https:\/\/www.hoymercedes.com.ar\/principal\/wp-content\/uploads\/2016\/06\/Quinta-630x347.png 630w, https:\/\/www.hoymercedes.com.ar\/principal\/wp-content\/uploads\/2016\/06\/Quinta-150x83.png 150w, https:\/\/www.hoymercedes.com.ar\/principal\/wp-content\/uploads\/2016\/06\/Quinta.png 631w\" sizes=\"auto, (max-width: 630px) 100vw, 630px\" \/><\/p>\n<p class=\"ecxMsoNormal\"><b>Sexta Divisi\u00f3n<\/b><\/p>\n<p class=\"ecxMsoNormal\">Ateneo 2: Candela Roseo y Victoria Pont\u00f3n<\/p>\n<p class=\"ecxMsoNormal\">Hurac\u00e1n 2: Yanella Griguelo (2)<\/p>\n<p class=\"ecxMsoNormal\">Dorrego 3: Candela Amalfi (2) y Sasha Campusano<\/p>\n<p class=\"ecxMsoNormal\">MRC 2: Carola Munarriz y Pilar J\u00e1uregui<\/p>\n<p class=\"ecxMsoNormal\">El Front\u00f3n 0<\/p>\n<p class=\"ecxMsoNormal\">San Andr\u00e9s 8: Ana Clara Aragone (4), Valentina Puggioni (3) y \u00c1ngela Rolandi<\/p>\n<p class=\"ecxMsoNormal\">Parque Esperanza 2: Denis De Robles (2)<\/p>\n<p class=\"ecxMsoNormal\">Estudiantes 2: Catalina Far\u00edas (2)<\/p>\n<p class=\"ecxMsoNormal\">\u00a0<img loading=\"lazy\" decoding=\"async\" data-attachment-id=\"51743\" data-permalink=\"https:\/\/www.hoymercedes.com.ar\/principal\/2016\/06\/26\/ateneo-dorrego-y-san-andres-muestran-su-poderio\/sexta\/#main\" data-orig-file=\"https:\/\/www.hoymercedes.com.ar\/principal\/wp-content\/uploads\/2016\/06\/Sexta.png\" data-orig-size=\"631,325\" data-comments-opened=\"1\" data-image-meta=\"{&quot;aperture&quot;:&quot;0&quot;,&quot;credit&quot;:&quot;&quot;,&quot;camera&quot;:&quot;&quot;,&quot;caption&quot;:&quot;&quot;,&quot;created_timestamp&quot;:&quot;0&quot;,&quot;copyright&quot;:&quot;&quot;,&quot;focal_length&quot;:&quot;0&quot;,&quot;iso&quot;:&quot;0&quot;,&quot;shutter_speed&quot;:&quot;0&quot;,&quot;title&quot;:&quot;&quot;,&quot;orientation&quot;:&quot;0&quot;}\" data-image-title=\"Sexta\" data-image-description=\"\" data-image-caption=\"\" data-large-file=\"https:\/\/www.hoymercedes.com.ar\/principal\/wp-content\/uploads\/2016\/06\/Sexta.png\" class=\"aligncenter size-medium wp-image-51743\" src=\"https:\/\/www.hoymercedes.com.ar\/principal\/wp-content\/uploads\/2016\/06\/Sexta-630x324.png\" alt=\"Sexta\" width=\"630\" height=\"324\" srcset=\"https:\/\/www.hoymercedes.com.ar\/principal\/wp-content\/uploads\/2016\/06\/Sexta-630x324.png 630w, https:\/\/www.hoymercedes.com.ar\/principal\/wp-content\/uploads\/2016\/06\/Sexta-150x77.png 150w, https:\/\/www.hoymercedes.com.ar\/principal\/wp-content\/uploads\/2016\/06\/Sexta.png 631w\" sizes=\"auto, (max-width: 630px) 100vw, 630px\" \/><\/p>\n<p class=\"ecxMsoNormal\"><b>S\u00e9ptima Divisi\u00f3n<\/b><\/p>\n<p class=\"ecxMsoNormal\">Ateneo 3: Manuela Cejas, Zoe Grosso y Victoria Pont\u00f3n<\/p>\n<p class=\"ecxMsoNormal\">Hurac\u00e1n 0<\/p>\n<p class=\"ecxMsoNormal\">Dorrego 1: Dana Campusano<\/p>\n<p class=\"ecxMsoNormal\">MRC 1: Pilar J\u00e1uregui<\/p>\n<p class=\"ecxMsoNormal\">El Front\u00f3n 0<\/p>\n<p class=\"ecxMsoNormal\">San Andr\u00e9s 5: Valentina Tallarico (2), Abril Maldonado (2) y Paloma Garayo<\/p>\n<p class=\"ecxMsoNormal\">Parque Esperanza 0<\/p>\n<p class=\"ecxMsoNormal\">Estudiantes 2: Fiorella Zuffo y Liz Dipieri<\/p>\n<p class=\"ecxMsoNormal\">\u00a0<img loading=\"lazy\" decoding=\"async\" data-attachment-id=\"51744\" data-permalink=\"https:\/\/www.hoymercedes.com.ar\/principal\/2016\/06\/26\/ateneo-dorrego-y-san-andres-muestran-su-poderio\/septima\/#main\" data-orig-file=\"https:\/\/www.hoymercedes.com.ar\/principal\/wp-content\/uploads\/2016\/06\/Septima.png\" data-orig-size=\"630,374\" data-comments-opened=\"1\" data-image-meta=\"{&quot;aperture&quot;:&quot;0&quot;,&quot;credit&quot;:&quot;&quot;,&quot;camera&quot;:&quot;&quot;,&quot;caption&quot;:&quot;&quot;,&quot;created_timestamp&quot;:&quot;0&quot;,&quot;copyright&quot;:&quot;&quot;,&quot;focal_length&quot;:&quot;0&quot;,&quot;iso&quot;:&quot;0&quot;,&quot;shutter_speed&quot;:&quot;0&quot;,&quot;title&quot;:&quot;&quot;,&quot;orientation&quot;:&quot;0&quot;}\" data-image-title=\"Septima\" data-image-description=\"\" data-image-caption=\"\" data-large-file=\"https:\/\/www.hoymercedes.com.ar\/principal\/wp-content\/uploads\/2016\/06\/Septima.png\" class=\"aligncenter size-medium wp-image-51744\" src=\"https:\/\/www.hoymercedes.com.ar\/principal\/wp-content\/uploads\/2016\/06\/Septima-630x374.png\" alt=\"Septima\" width=\"630\" height=\"374\" srcset=\"https:\/\/www.hoymercedes.com.ar\/principal\/wp-content\/uploads\/2016\/06\/Septima.png 630w, https:\/\/www.hoymercedes.com.ar\/principal\/wp-content\/uploads\/2016\/06\/Septima-150x89.png 150w\" sizes=\"auto, (max-width: 630px) 100vw, 630px\" \/><\/p>\n<p class=\"ecxMsoNormal\"><b>Mami Hockey<\/b><\/p>\n<p class=\"ecxMsoNormal\">Dorrego 4: Carolina Gonz\u00e1lez (2), Carina Leon y Romina Amichetti<\/p>\n<p class=\"ecxMsoNormal\">San Miguel de Las Heras 0<\/p>\n<p class=\"ecxMsoNormal\"><img loading=\"lazy\" decoding=\"async\" data-attachment-id=\"51745\" data-permalink=\"https:\/\/www.hoymercedes.com.ar\/principal\/2016\/06\/26\/ateneo-dorrego-y-san-andres-muestran-su-poderio\/mami\/#main\" data-orig-file=\"https:\/\/www.hoymercedes.com.ar\/principal\/wp-content\/uploads\/2016\/06\/Mami.png\" data-orig-size=\"630,227\" data-comments-opened=\"1\" data-image-meta=\"{&quot;aperture&quot;:&quot;0&quot;,&quot;credit&quot;:&quot;&quot;,&quot;camera&quot;:&quot;&quot;,&quot;caption&quot;:&quot;&quot;,&quot;created_timestamp&quot;:&quot;0&quot;,&quot;copyright&quot;:&quot;&quot;,&quot;focal_length&quot;:&quot;0&quot;,&quot;iso&quot;:&quot;0&quot;,&quot;shutter_speed&quot;:&quot;0&quot;,&quot;title&quot;:&quot;&quot;,&quot;orientation&quot;:&quot;0&quot;}\" data-image-title=\"Mami\" data-image-description=\"\" data-image-caption=\"\" data-large-file=\"https:\/\/www.hoymercedes.com.ar\/principal\/wp-content\/uploads\/2016\/06\/Mami.png\" class=\"aligncenter size-medium wp-image-51745\" src=\"https:\/\/www.hoymercedes.com.ar\/principal\/wp-content\/uploads\/2016\/06\/Mami-630x227.png\" alt=\"Mami\" width=\"630\" height=\"227\" srcset=\"https:\/\/www.hoymercedes.com.ar\/principal\/wp-content\/uploads\/2016\/06\/Mami.png 630w, https:\/\/www.hoymercedes.com.ar\/principal\/wp-content\/uploads\/2016\/06\/Mami-150x54.png 150w\" sizes=\"auto, (max-width: 630px) 100vw, 630px\" \/><\/p>\n","protected":false},"excerpt":{"rendered":"<p>Por Ariel Musante. El conjunto mercedino, el de Navarro y las de San Andr\u00e9s de Giles volvieron a terminar una &#8230; <a title=\"Ateneo, Dorrego y San Andr\u00e9s muestran su poder\u00edo\" class=\"read-more\" href=\"https:\/\/www.hoymercedes.com.ar\/principal\/2016\/06\/26\/ateneo-dorrego-y-san-andres-muestran-su-poderio\/\" aria-label=\"Leer m\u00e1s sobre Ateneo, Dorrego y San Andr\u00e9s muestran su poder\u00edo\">Leer m\u00e1s<\/a><\/p>\n","protected":false},"author":1,"featured_media":51740,"comment_status":"open","ping_status":"open","sticky":false,"template":"","format":"standard","meta":{"_monsterinsights_skip_tracking":false,"_monsterinsights_sitenote_active":false,"_monsterinsights_sitenote_note":"","_monsterinsights_sitenote_category":0,"jetpack_post_was_ever_published":false,"_jetpack_newsletter_access":"","_jetpack_dont_email_post_to_subs":false,"_jetpack_newsletter_tier_id":0,"_jetpack_memberships_contains_paywalled_content":false,"_jetpack_memberships_contains_paid_content":false,"footnotes":"","jetpack_publicize_message":"","jetpack_publicize_feature_enabled":true,"jetpack_social_post_already_shared":true,"jetpack_social_options":{"image_generator_settings":{"template":"highway","default_image_id":0,"font":"","enabled":false},"version":2},"_wpas_customize_per_network":false},"categories":[21],"tags":[4036,2254,9566,1812,829,8522,9565,9026,9098,8733,9564],"class_list":["post-51739","post","type-post","status-publish","format-standard","has-post-thumbnail","hentry","category-deportes","tag-ariel-musante","tag-ateneo","tag-dorrego-navarro","tag-el-fronton","tag-estudiantes","tag-hockey","tag-huracan-san-antonio-areco","tag-linebh","tag-mrc","tag-musante","tag-parque-esperanza","generate-columns","tablet-grid-50","mobile-grid-100","grid-parent","grid-50"],"jetpack_publicize_connections":[],"jetpack_featured_media_url":"https:\/\/www.hoymercedes.com.ar\/principal\/wp-content\/uploads\/2016\/06\/Copa-de-Clubes.png","wps_subtitle":"Invictos en la tira","jetpack_sharing_enabled":true,"_links":{"self":[{"href":"https:\/\/www.hoymercedes.com.ar\/principal\/wp-json\/wp\/v2\/posts\/51739","targetHints":{"allow":["GET"]}}],"collection":[{"href":"https:\/\/www.hoymercedes.com.ar\/principal\/wp-json\/wp\/v2\/posts"}],"about":[{"href":"https:\/\/www.hoymercedes.com.ar\/principal\/wp-json\/wp\/v2\/types\/post"}],"author":[{"embeddable":true,"href":"https:\/\/www.hoymercedes.com.ar\/principal\/wp-json\/wp\/v2\/users\/1"}],"replies":[{"embeddable":true,"href":"https:\/\/www.hoymercedes.com.ar\/principal\/wp-json\/wp\/v2\/comments?post=51739"}],"version-history":[{"count":0,"href":"https:\/\/www.hoymercedes.com.ar\/principal\/wp-json\/wp\/v2\/posts\/51739\/revisions"}],"wp:featuredmedia":[{"embeddable":true,"href":"https:\/\/www.hoymercedes.com.ar\/principal\/wp-json\/wp\/v2\/media\/51740"}],"wp:attachment":[{"href":"https:\/\/www.hoymercedes.com.ar\/principal\/wp-json\/wp\/v2\/media?parent=51739"}],"wp:term":[{"taxonomy":"category","embeddable":true,"href":"https:\/\/www.hoymercedes.com.ar\/principal\/wp-json\/wp\/v2\/categories?post=51739"},{"taxonomy":"post_tag","embeddable":true,"href":"https:\/\/www.hoymercedes.com.ar\/principal\/wp-json\/wp\/v2\/tags?post=51739"}],"curies":[{"name":"wp","href":"https:\/\/api.w.org\/{rel}","templated":true}]}}