{"id":51763,"date":"2016-06-26T14:02:08","date_gmt":"2016-06-26T17:02:08","guid":{"rendered":"http:\/\/www.hoymercedes.com.ar\/principal\/?p=51763"},"modified":"2016-06-26T19:06:07","modified_gmt":"2016-06-26T22:06:07","slug":"termino-la-capacitacion-sobre-empleo-para-las-internas","status":"publish","type":"post","link":"https:\/\/www.hoymercedes.com.ar\/principal\/2016\/06\/26\/termino-la-capacitacion-sobre-empleo-para-las-internas\/","title":{"rendered":"Termin\u00f3 la capacitaci\u00f3n sobre empleo para las internas"},"content":{"rendered":"<p>En el anexo femenino de la Unidad Penitenciaria N\u00ba 5 de Mercedes, el viernes pasado, a las 16.30 horas, se entregaron los certificados de la capacitaci\u00f3n de \u201cOrientaci\u00f3n Laboral\u201d por parte del Director de la Producci\u00f3n de la Municipalidad de Mercdes, Dr. Sim\u00f3n Bruschi, la responsable de la Oficina de Empleo Municipal,\u00a0Carolina Galeano, de la Oficina de Pre Egreso del Patronato de Liberados, Celeste Burone y el Director de la Unidad 5, Prefecto Adolfo Cersosimo.<\/p>\n<p>En un ameno encuentro, donde se dieron a cada interna su certificado, los presentes hablaron de la importancia de preparase para enfrentar su salida en libertad, y palabras de aliento para que contin\u00faen en el camino del esfuerzo y el estudio para poder reinsertarse al mundo del trabajo. AL concluir se organizo una merienda de mates y medias lunas realizadas en la panader\u00eda de la Unidad.<\/p>\n<p>Bruschi, por su parte resalt\u00f3 el compromiso del estado en garantizar derechos a todos los sectores sociales y en la obligaci\u00f3n que dicta la Constituci\u00f3n Nacional de atender a las personas privadas de la libertad. Agradeci\u00f3 al equipo de trabajo y felicit\u00f3 a todos por el trabajo que vienen realizando de manera conjunta.<\/p>\n<p>Las palabras de Carolina Galeano\u00a0 expresaron el compromiso de continuar con otras actividades y el gusto que le dio a ella y a sus colaboradas, Griselda Billordo\u00a0y\u00a0Valeria Vignau de realizar este taller para las internas y lo gratificante que es a veces poder brindar un servicio.<\/p>\n<p>La capacitaci\u00f3n fue una serie de charlas donde se les ense\u00f1o a realizar el curriculum vitae y como presentarse a una entrevista laboral,\u00a0 adem\u00e1s se les inform\u00f3 sobre Programas Nacionales para el d\u00eda que tengan su libertad, y de las Oficinas de Empleo en cada municipio a los que pueden acudir para inscribirse o solicitar asesoramiento, como as\u00ed tambi\u00e9n la inscripci\u00f3n en la plataforma que comparten la red de Oficinas de Empleo a trav\u00e9s del Ministerio de Trabajo.<\/p>\n<p>Las Oficinas de Empleo que est\u00e1n en todo el pa\u00eds, ofrecen acompa\u00f1amiento permanente, orientaci\u00f3n laboral, informaci\u00f3n actualizada sobre el mercado laboral local y servicios que facilitan el acceso a cursos de orientaci\u00f3n y formaci\u00f3n profesional gratuitos, programas de empleo, asistencia a microemprendedores, talleres para la b\u00fasqueda de empleo y vinculaci\u00f3n con puestos de trabajo.<\/p>\n<p>El Director de la Unidad,\u00a0Adolfo Cersosimo, agradeci\u00f3 \u00a0la presencia de las autoridades, de \u00a0las capacitadoras y pidi\u00f3 seguir trabajando de manera mancomunada, para la formaci\u00f3n de las personas privadas de la libertad y su mejor reinserci\u00f3n social.<\/p>\n<p>Fuente: Prensa Unidad 5<\/p>\n<p>&nbsp;<\/p>\n","protected":false},"excerpt":{"rendered":"<p>En el anexo femenino de la Unidad Penitenciaria N\u00ba 5 de Mercedes, el viernes pasado, a las 16.30 horas, se &#8230; <a title=\"Termin\u00f3 la capacitaci\u00f3n sobre empleo para las internas\" class=\"read-more\" href=\"https:\/\/www.hoymercedes.com.ar\/principal\/2016\/06\/26\/termino-la-capacitacion-sobre-empleo-para-las-internas\/\" aria-label=\"Leer m\u00e1s sobre Termin\u00f3 la capacitaci\u00f3n sobre empleo para las internas\">Leer m\u00e1s<\/a><\/p>\n","protected":false},"author":1,"featured_media":51765,"comment_status":"open","ping_status":"open","sticky":false,"template":"","format":"standard","meta":{"_monsterinsights_skip_tracking":false,"_monsterinsights_sitenote_active":false,"_monsterinsights_sitenote_note":"","_monsterinsights_sitenote_category":0,"jetpack_post_was_ever_published":false,"_jetpack_newsletter_access":"","_jetpack_dont_email_post_to_subs":false,"_jetpack_newsletter_tier_id":0,"_jetpack_memberships_contains_paywalled_content":false,"_jetpack_memberships_contains_paid_content":false,"footnotes":"","jetpack_publicize_message":"","jetpack_publicize_feature_enabled":true,"jetpack_social_post_already_shared":true,"jetpack_social_options":{"image_generator_settings":{"template":"highway","default_image_id":0,"font":"","enabled":false},"version":2},"_wpas_customize_per_network":false},"categories":[8],"tags":[1011,9125,8912,113],"class_list":["post-51763","post","type-post","status-publish","format-standard","has-post-thumbnail","hentry","category-sociedad","tag-carcel","tag-empleo","tag-produccion","tag-unidad-5","generate-columns","tablet-grid-50","mobile-grid-100","grid-parent","grid-50"],"jetpack_publicize_connections":[],"jetpack_featured_media_url":"https:\/\/www.hoymercedes.com.ar\/principal\/wp-content\/uploads\/2016\/06\/26-carcel.jpg","wps_subtitle":"En la Unidad N\u00ba 5","jetpack_sharing_enabled":true,"_links":{"self":[{"href":"https:\/\/www.hoymercedes.com.ar\/principal\/wp-json\/wp\/v2\/posts\/51763","targetHints":{"allow":["GET"]}}],"collection":[{"href":"https:\/\/www.hoymercedes.com.ar\/principal\/wp-json\/wp\/v2\/posts"}],"about":[{"href":"https:\/\/www.hoymercedes.com.ar\/principal\/wp-json\/wp\/v2\/types\/post"}],"author":[{"embeddable":true,"href":"https:\/\/www.hoymercedes.com.ar\/principal\/wp-json\/wp\/v2\/users\/1"}],"replies":[{"embeddable":true,"href":"https:\/\/www.hoymercedes.com.ar\/principal\/wp-json\/wp\/v2\/comments?post=51763"}],"version-history":[{"count":0,"href":"https:\/\/www.hoymercedes.com.ar\/principal\/wp-json\/wp\/v2\/posts\/51763\/revisions"}],"wp:featuredmedia":[{"embeddable":true,"href":"https:\/\/www.hoymercedes.com.ar\/principal\/wp-json\/wp\/v2\/media\/51765"}],"wp:attachment":[{"href":"https:\/\/www.hoymercedes.com.ar\/principal\/wp-json\/wp\/v2\/media?parent=51763"}],"wp:term":[{"taxonomy":"category","embeddable":true,"href":"https:\/\/www.hoymercedes.com.ar\/principal\/wp-json\/wp\/v2\/categories?post=51763"},{"taxonomy":"post_tag","embeddable":true,"href":"https:\/\/www.hoymercedes.com.ar\/principal\/wp-json\/wp\/v2\/tags?post=51763"}],"curies":[{"name":"wp","href":"https:\/\/api.w.org\/{rel}","templated":true}]}}