{"id":51774,"date":"2016-06-25T19:16:16","date_gmt":"2016-06-25T22:16:16","guid":{"rendered":"http:\/\/www.hoymercedes.com.ar\/principal\/?p=51774"},"modified":"2016-06-26T19:20:18","modified_gmt":"2016-06-26T22:20:18","slug":"representante-del-gabinete-de-ministro-bonaerense-en-la-unidad-5","status":"publish","type":"post","link":"https:\/\/www.hoymercedes.com.ar\/principal\/2016\/06\/25\/representante-del-gabinete-de-ministro-bonaerense-en-la-unidad-5\/","title":{"rendered":"Representante del Gabinete de Ministro Bonaerense en la Unidad 5"},"content":{"rendered":"<p>El pasado\u00a0viernes, el Asesor de Gabinete de Ministro, del Ministerio de Justicia de la Provincia de Buenos Aires, el Ingeniero\u00a0Jorge Alberto Mehaudy, visit\u00f3 la Unidad Penitenciaria N\u00ba 5 con el fin de\u00a0reunirse con el Director de la c\u00e1rcel, Adolfo Cers\u00f3simo, para supervisar la entrega de material otorgado, para poner en funcionamiento la maquina sobadora de la panader\u00eda del penal, en el marco de la refacci\u00f3n que se lleva adelante en de dicho sector.<\/p>\n<p>Adem\u00e1s, se encontraba presente la Presidenta del Consejo Escolar de Mercedes, Ana Darritchon, con quien se gestiono un convenio, para la elaboraci\u00f3n de pan para los comedores escolares, una vez concluida la remodelaci\u00f3n, en el mes de agosto.<\/p>\n<p><img loading=\"lazy\" decoding=\"async\" data-attachment-id=\"51775\" data-permalink=\"https:\/\/www.hoymercedes.com.ar\/principal\/2016\/06\/25\/representante-del-gabinete-de-ministro-bonaerense-en-la-unidad-5\/25-unidad-5\/#main\" data-orig-file=\"https:\/\/www.hoymercedes.com.ar\/principal\/wp-content\/uploads\/2016\/06\/25-unidad-5.jpg\" data-orig-size=\"448,252\" data-comments-opened=\"1\" data-image-meta=\"{&quot;aperture&quot;:&quot;0&quot;,&quot;credit&quot;:&quot;&quot;,&quot;camera&quot;:&quot;&quot;,&quot;caption&quot;:&quot;&quot;,&quot;created_timestamp&quot;:&quot;0&quot;,&quot;copyright&quot;:&quot;&quot;,&quot;focal_length&quot;:&quot;0&quot;,&quot;iso&quot;:&quot;0&quot;,&quot;shutter_speed&quot;:&quot;0&quot;,&quot;title&quot;:&quot;&quot;,&quot;orientation&quot;:&quot;0&quot;}\" data-image-title=\"25 unidad 5\" data-image-description=\"\" data-image-caption=\"\" data-large-file=\"https:\/\/www.hoymercedes.com.ar\/principal\/wp-content\/uploads\/2016\/06\/25-unidad-5.jpg\" class=\"aligncenter size-full wp-image-51775\" src=\"https:\/\/www.hoymercedes.com.ar\/principal\/wp-content\/uploads\/2016\/06\/25-unidad-5.jpg\" alt=\"25 unidad 5\" width=\"448\" height=\"252\" srcset=\"https:\/\/www.hoymercedes.com.ar\/principal\/wp-content\/uploads\/2016\/06\/25-unidad-5.jpg 448w, https:\/\/www.hoymercedes.com.ar\/principal\/wp-content\/uploads\/2016\/06\/25-unidad-5-150x84.jpg 150w\" sizes=\"auto, (max-width: 448px) 100vw, 448px\" \/><\/p>\n<p>La recuperaci\u00f3n total de la misma, constar\u00e1 de mejoras edilicias, recuperaci\u00f3n de las maquinarias, con arreglos como la amasadora y estufas y reemplazo de las que ya no son utilizables. Es prioridad de \u00e9sta gesti\u00f3n \u2013dijo Mehaudy- la recuperaci\u00f3n de lugares destinados a las actividades laborales.<\/p>\n<p>El Director de la Unidad\u00a0Cers\u00f3simo, se mostro \u00a0agradecido por la recuperaci\u00f3n de la panader\u00eda, ya que es de vital importancia para la vida cotidiana de los detenidos y \u00a0por la oportunidad de la apertura a la sociedad de la elaboraci\u00f3n de panes para los comedores.<\/p>\n<p>&nbsp;<\/p>\n<p>Fuente: Prensa Unidad 5<\/p>\n<p>&nbsp;<\/p>\n","protected":false},"excerpt":{"rendered":"<p>El pasado\u00a0viernes, el Asesor de Gabinete de Ministro, del Ministerio de Justicia de la Provincia de Buenos Aires, el Ingeniero\u00a0Jorge &#8230; <a title=\"Representante del Gabinete de Ministro Bonaerense en la Unidad 5\" class=\"read-more\" href=\"https:\/\/www.hoymercedes.com.ar\/principal\/2016\/06\/25\/representante-del-gabinete-de-ministro-bonaerense-en-la-unidad-5\/\" aria-label=\"Leer m\u00e1s sobre Representante del Gabinete de Ministro Bonaerense en la Unidad 5\">Leer m\u00e1s<\/a><\/p>\n","protected":false},"author":1,"featured_media":51775,"comment_status":"open","ping_status":"open","sticky":false,"template":"","format":"standard","meta":{"_monsterinsights_skip_tracking":false,"_monsterinsights_sitenote_active":false,"_monsterinsights_sitenote_note":"","_monsterinsights_sitenote_category":0,"jetpack_post_was_ever_published":false,"_jetpack_newsletter_access":"","_jetpack_dont_email_post_to_subs":false,"_jetpack_newsletter_tier_id":0,"_jetpack_memberships_contains_paywalled_content":false,"_jetpack_memberships_contains_paid_content":false,"footnotes":"","jetpack_publicize_message":"","jetpack_publicize_feature_enabled":true,"jetpack_social_post_already_shared":true,"jetpack_social_options":{"image_generator_settings":{"template":"highway","default_image_id":0,"font":"","enabled":false},"version":2},"_wpas_customize_per_network":false},"categories":[8],"tags":[1317,7802,113],"class_list":["post-51774","post","type-post","status-publish","format-standard","has-post-thumbnail","hentry","category-sociedad","tag-consejo-escolar","tag-sociedad","tag-unidad-5","generate-columns","tablet-grid-50","mobile-grid-100","grid-parent","grid-50"],"jetpack_publicize_connections":[],"jetpack_featured_media_url":"https:\/\/www.hoymercedes.com.ar\/principal\/wp-content\/uploads\/2016\/06\/25-unidad-5.jpg","wps_subtitle":"Reuni\u00f3n con las autoridades","jetpack_sharing_enabled":true,"_links":{"self":[{"href":"https:\/\/www.hoymercedes.com.ar\/principal\/wp-json\/wp\/v2\/posts\/51774","targetHints":{"allow":["GET"]}}],"collection":[{"href":"https:\/\/www.hoymercedes.com.ar\/principal\/wp-json\/wp\/v2\/posts"}],"about":[{"href":"https:\/\/www.hoymercedes.com.ar\/principal\/wp-json\/wp\/v2\/types\/post"}],"author":[{"embeddable":true,"href":"https:\/\/www.hoymercedes.com.ar\/principal\/wp-json\/wp\/v2\/users\/1"}],"replies":[{"embeddable":true,"href":"https:\/\/www.hoymercedes.com.ar\/principal\/wp-json\/wp\/v2\/comments?post=51774"}],"version-history":[{"count":0,"href":"https:\/\/www.hoymercedes.com.ar\/principal\/wp-json\/wp\/v2\/posts\/51774\/revisions"}],"wp:featuredmedia":[{"embeddable":true,"href":"https:\/\/www.hoymercedes.com.ar\/principal\/wp-json\/wp\/v2\/media\/51775"}],"wp:attachment":[{"href":"https:\/\/www.hoymercedes.com.ar\/principal\/wp-json\/wp\/v2\/media?parent=51774"}],"wp:term":[{"taxonomy":"category","embeddable":true,"href":"https:\/\/www.hoymercedes.com.ar\/principal\/wp-json\/wp\/v2\/categories?post=51774"},{"taxonomy":"post_tag","embeddable":true,"href":"https:\/\/www.hoymercedes.com.ar\/principal\/wp-json\/wp\/v2\/tags?post=51774"}],"curies":[{"name":"wp","href":"https:\/\/api.w.org\/{rel}","templated":true}]}}