{"id":51789,"date":"2016-06-29T10:03:59","date_gmt":"2016-06-29T13:03:59","guid":{"rendered":"http:\/\/www.hoymercedes.com.ar\/principal\/?p=51789"},"modified":"2016-06-26T20:11:40","modified_gmt":"2016-06-26T23:11:40","slug":"quilmes-perdio-ante-ciudad-de-saladillo","status":"publish","type":"post","link":"https:\/\/www.hoymercedes.com.ar\/principal\/2016\/06\/29\/quilmes-perdio-ante-ciudad-de-saladillo\/","title":{"rendered":"Quilmes perdi\u00f3 ante Ciudad de Saladillo"},"content":{"rendered":"<p>Por la \u00faltima fecha del torneo Apertura de Primera Divisi\u00f3n, Quilmes recibi\u00f3 a Ciudad de Saladillo en el gimnasio Rolo \u00abCardinal\u00bb,\u00a0perdi\u00f3 por 76 a 57,\u00a0qued\u00f3 afuera de los Play Off y sin DT, ya que Mariano Funcia present\u00f3 su renuncia al cargo.<\/p>\n<p><img loading=\"lazy\" decoding=\"async\" data-attachment-id=\"51790\" data-permalink=\"https:\/\/www.hoymercedes.com.ar\/principal\/2016\/06\/29\/quilmes-perdio-ante-ciudad-de-saladillo\/chivilcoy-primera\/#main\" data-orig-file=\"https:\/\/www.hoymercedes.com.ar\/principal\/wp-content\/uploads\/2016\/06\/CHIVILCOY-PRIMERA.png\" data-orig-size=\"685,244\" data-comments-opened=\"1\" data-image-meta=\"{&quot;aperture&quot;:&quot;0&quot;,&quot;credit&quot;:&quot;&quot;,&quot;camera&quot;:&quot;&quot;,&quot;caption&quot;:&quot;&quot;,&quot;created_timestamp&quot;:&quot;0&quot;,&quot;copyright&quot;:&quot;&quot;,&quot;focal_length&quot;:&quot;0&quot;,&quot;iso&quot;:&quot;0&quot;,&quot;shutter_speed&quot;:&quot;0&quot;,&quot;title&quot;:&quot;&quot;,&quot;orientation&quot;:&quot;0&quot;}\" data-image-title=\"CHIVILCOY PRIMERA\" data-image-description=\"\" data-image-caption=\"\" data-large-file=\"https:\/\/www.hoymercedes.com.ar\/principal\/wp-content\/uploads\/2016\/06\/CHIVILCOY-PRIMERA.png\" class=\"aligncenter size-medium wp-image-51790\" src=\"https:\/\/www.hoymercedes.com.ar\/principal\/wp-content\/uploads\/2016\/06\/CHIVILCOY-PRIMERA-630x224.png\" alt=\"CHIVILCOY PRIMERA\" width=\"630\" height=\"224\" srcset=\"https:\/\/www.hoymercedes.com.ar\/principal\/wp-content\/uploads\/2016\/06\/CHIVILCOY-PRIMERA-630x224.png 630w, https:\/\/www.hoymercedes.com.ar\/principal\/wp-content\/uploads\/2016\/06\/CHIVILCOY-PRIMERA-150x53.png 150w, https:\/\/www.hoymercedes.com.ar\/principal\/wp-content\/uploads\/2016\/06\/CHIVILCOY-PRIMERA.png 685w\" sizes=\"auto, (max-width: 630px) 100vw, 630px\" \/><\/p>\n<p>Pese a que hab\u00eda comenzado mejor, el cervecero no pudo mantener la ventaja de 10 puntos que hab\u00eda cosechado en los primeros 20 minutos del juego, con una muy buena defensa el local dominaba las acciones en el rect\u00e1ngulo de juego, la visita no pod\u00eda imponer su juego interno y fallaba en reiteradas oportunidades desde el per\u00edmetro, cuesti\u00f3n bien aprovechada por los dirigidos por Funcia para llevarse el primer tiempo.<\/p>\n<p>En el segundo tiempo, Quilmes entr\u00f3 en una depresi\u00f3n que fue aprovechada por la visita y de a poco se fue acercando en el tablero y empez\u00f3 a notarse la diferencia entre ambos equipos.\u00a0As\u00ed fue como se llev\u00f3 los dos puntos con un marcador de 76 a 57 que precipit\u00f3 la renuncia del entrenador mariano Funcia de Quilmes al finalizar el juego. Seg\u00fan coment\u00f3, la decisi\u00f3n tiene que ver m\u00e1s con cuestiones personales que est\u00e1 atravesando y no con lo deportivo, m\u00e1s all\u00e1 de que no logr\u00f3 encontrarle la vuelta a un equipo que se encuentra en plena transici\u00f3n y que en los \u00faltimos a\u00f1os no logr\u00f3 desplegar el b\u00e1squet que lo coron\u00f3 campe\u00f3n hace 5 a\u00f1os y que lo mantuvo en puestos de finales en m\u00e1s de una oportunidad.<\/p>\n","protected":false},"excerpt":{"rendered":"<p>Por la \u00faltima fecha del torneo Apertura de Primera Divisi\u00f3n, Quilmes recibi\u00f3 a Ciudad de Saladillo en el gimnasio Rolo &#8230; <a title=\"Quilmes perdi\u00f3 ante Ciudad de Saladillo\" class=\"read-more\" href=\"https:\/\/www.hoymercedes.com.ar\/principal\/2016\/06\/29\/quilmes-perdio-ante-ciudad-de-saladillo\/\" aria-label=\"Leer m\u00e1s sobre Quilmes perdi\u00f3 ante Ciudad de Saladillo\">Leer m\u00e1s<\/a><\/p>\n","protected":false},"author":1,"featured_media":51790,"comment_status":"open","ping_status":"open","sticky":false,"template":"","format":"standard","meta":{"_monsterinsights_skip_tracking":false,"_monsterinsights_sitenote_active":false,"_monsterinsights_sitenote_note":"","_monsterinsights_sitenote_category":0,"jetpack_post_was_ever_published":false,"_jetpack_newsletter_access":"","_jetpack_dont_email_post_to_subs":false,"_jetpack_newsletter_tier_id":0,"_jetpack_memberships_contains_paywalled_content":false,"_jetpack_memberships_contains_paid_content":false,"footnotes":"","jetpack_publicize_message":"","jetpack_publicize_feature_enabled":true,"jetpack_social_post_already_shared":true,"jetpack_social_options":{"image_generator_settings":{"template":"highway","default_image_id":0,"font":"","enabled":false},"version":2},"_wpas_customize_per_network":false},"categories":[21],"tags":[1058,62,1413],"class_list":["post-51789","post","type-post","status-publish","format-standard","has-post-thumbnail","hentry","category-deportes","tag-basquet","tag-chivilcoy","tag-quilmes","generate-columns","tablet-grid-50","mobile-grid-100","grid-parent","grid-50"],"jetpack_publicize_connections":[],"jetpack_featured_media_url":"https:\/\/www.hoymercedes.com.ar\/principal\/wp-content\/uploads\/2016\/06\/CHIVILCOY-PRIMERA.png","wps_subtitle":"Out del Play-Off","jetpack_sharing_enabled":true,"_links":{"self":[{"href":"https:\/\/www.hoymercedes.com.ar\/principal\/wp-json\/wp\/v2\/posts\/51789","targetHints":{"allow":["GET"]}}],"collection":[{"href":"https:\/\/www.hoymercedes.com.ar\/principal\/wp-json\/wp\/v2\/posts"}],"about":[{"href":"https:\/\/www.hoymercedes.com.ar\/principal\/wp-json\/wp\/v2\/types\/post"}],"author":[{"embeddable":true,"href":"https:\/\/www.hoymercedes.com.ar\/principal\/wp-json\/wp\/v2\/users\/1"}],"replies":[{"embeddable":true,"href":"https:\/\/www.hoymercedes.com.ar\/principal\/wp-json\/wp\/v2\/comments?post=51789"}],"version-history":[{"count":0,"href":"https:\/\/www.hoymercedes.com.ar\/principal\/wp-json\/wp\/v2\/posts\/51789\/revisions"}],"wp:featuredmedia":[{"embeddable":true,"href":"https:\/\/www.hoymercedes.com.ar\/principal\/wp-json\/wp\/v2\/media\/51790"}],"wp:attachment":[{"href":"https:\/\/www.hoymercedes.com.ar\/principal\/wp-json\/wp\/v2\/media?parent=51789"}],"wp:term":[{"taxonomy":"category","embeddable":true,"href":"https:\/\/www.hoymercedes.com.ar\/principal\/wp-json\/wp\/v2\/categories?post=51789"},{"taxonomy":"post_tag","embeddable":true,"href":"https:\/\/www.hoymercedes.com.ar\/principal\/wp-json\/wp\/v2\/tags?post=51789"}],"curies":[{"name":"wp","href":"https:\/\/api.w.org\/{rel}","templated":true}]}}