{"id":51809,"date":"2016-06-27T14:08:29","date_gmt":"2016-06-27T17:08:29","guid":{"rendered":"http:\/\/www.hoymercedes.com.ar\/principal\/?p=51809"},"modified":"2016-06-27T14:08:29","modified_gmt":"2016-06-27T17:08:29","slug":"festejos-en-el-primer-ano-del-mamm","status":"publish","type":"post","link":"https:\/\/www.hoymercedes.com.ar\/principal\/2016\/06\/27\/festejos-en-el-primer-ano-del-mamm\/","title":{"rendered":"Festejos en el primer a\u00f1o del MAMM"},"content":{"rendered":"<p>El \u00faltimo domingo el Museo de Arte \u00abMunicipalidad de Mercedes\u00bb celebr\u00f3 su primer cumplea\u00f1os,\u00a0 su primer a\u00f1o desde que abri\u00f3 las puertas. La m\u00fasica, las artes pl\u00e1sticas, los artistas locales y el brindis no faltaron de la celebraci\u00f3n realizada el 26 de junio, a la tarde.<\/p>\n<p><img loading=\"lazy\" decoding=\"async\" data-attachment-id=\"51804\" data-permalink=\"https:\/\/www.hoymercedes.com.ar\/principal\/2016\/06\/26\/la-feria-en-la-trocha-fue-inaugurada\/27-mamm-aniversario-2\/#main\" data-orig-file=\"https:\/\/www.hoymercedes.com.ar\/principal\/wp-content\/uploads\/2016\/06\/27-Mamm-aniversario-2.jpg\" data-orig-size=\"448,299\" data-comments-opened=\"1\" data-image-meta=\"{&quot;aperture&quot;:&quot;3.2&quot;,&quot;credit&quot;:&quot;&quot;,&quot;camera&quot;:&quot;DSC-W610&quot;,&quot;caption&quot;:&quot;&quot;,&quot;created_timestamp&quot;:&quot;1466970672&quot;,&quot;copyright&quot;:&quot;&quot;,&quot;focal_length&quot;:&quot;6.74&quot;,&quot;iso&quot;:&quot;800&quot;,&quot;shutter_speed&quot;:&quot;0.025&quot;,&quot;title&quot;:&quot;&quot;,&quot;orientation&quot;:&quot;1&quot;}\" data-image-title=\"27 Mamm aniversario 2\" data-image-description=\"\" data-image-caption=\"\" data-large-file=\"https:\/\/www.hoymercedes.com.ar\/principal\/wp-content\/uploads\/2016\/06\/27-Mamm-aniversario-2.jpg\" class=\"aligncenter size-full wp-image-51804\" src=\"https:\/\/www.hoymercedes.com.ar\/principal\/wp-content\/uploads\/2016\/06\/27-Mamm-aniversario-2.jpg\" alt=\"27 Mamm aniversario 2\" width=\"448\" height=\"299\" srcset=\"https:\/\/www.hoymercedes.com.ar\/principal\/wp-content\/uploads\/2016\/06\/27-Mamm-aniversario-2.jpg 448w, https:\/\/www.hoymercedes.com.ar\/principal\/wp-content\/uploads\/2016\/06\/27-Mamm-aniversario-2-150x100.jpg 150w, https:\/\/www.hoymercedes.com.ar\/principal\/wp-content\/uploads\/2016\/06\/27-Mamm-aniversario-2-300x200.jpg 300w\" sizes=\"auto, (max-width: 448px) 100vw, 448px\" \/><\/p>\n<p>El festejo fue algo breve pero significativo para quienes esperaban esta propuesta cultural, para quienes trabajan all\u00ed y para los funcionarios locales.<\/p>\n<p>Virginia Altube, Dami\u00e1n Tessore, Rodrigo Acttis y Juan L\u00f3pez Courtade\u00a0interpretaron un repertorio del cancionero local, entre los que se cuentan autores como Mar\u00eda Elena Rapela de Bustos Berrondo, Juan Carlos D\u00edaz, Mauricio Capaccio,\u00a0Argentino Valenzuela, Tito Sanguinetti, Walter perruolo, Marilina Erramuspe, entre otros.<\/p>\n<p>En la sala elegida para los festejos, todav\u00eda est\u00e1n las pinturas seleccionadas para formar parte del \u00faltimo Sal\u00f3n de Pinturas, mientras que en la sala contigua son los cuadros ganadores los que contin\u00faan exponi\u00e9ndose.<\/p>\n<p><img loading=\"lazy\" decoding=\"async\" data-attachment-id=\"51806\" data-permalink=\"https:\/\/www.hoymercedes.com.ar\/principal\/2016\/06\/26\/la-feria-en-la-trocha-fue-inaugurada\/27-mamm-aniversario-1\/#main\" data-orig-file=\"https:\/\/www.hoymercedes.com.ar\/principal\/wp-content\/uploads\/2016\/06\/27-Mamm-aniversario-1.jpg\" data-orig-size=\"448,299\" data-comments-opened=\"1\" data-image-meta=\"{&quot;aperture&quot;:&quot;2.8&quot;,&quot;credit&quot;:&quot;&quot;,&quot;camera&quot;:&quot;DSC-W610&quot;,&quot;caption&quot;:&quot;&quot;,&quot;created_timestamp&quot;:&quot;1466970586&quot;,&quot;copyright&quot;:&quot;&quot;,&quot;focal_length&quot;:&quot;4.7&quot;,&quot;iso&quot;:&quot;400&quot;,&quot;shutter_speed&quot;:&quot;0.033333333333333&quot;,&quot;title&quot;:&quot;&quot;,&quot;orientation&quot;:&quot;1&quot;}\" data-image-title=\"27 Mamm aniversario 1\" data-image-description=\"\" data-image-caption=\"\" data-large-file=\"https:\/\/www.hoymercedes.com.ar\/principal\/wp-content\/uploads\/2016\/06\/27-Mamm-aniversario-1.jpg\" class=\"aligncenter size-full wp-image-51806\" src=\"https:\/\/www.hoymercedes.com.ar\/principal\/wp-content\/uploads\/2016\/06\/27-Mamm-aniversario-1.jpg\" alt=\"27 Mamm aniversario 1\" width=\"448\" height=\"299\" srcset=\"https:\/\/www.hoymercedes.com.ar\/principal\/wp-content\/uploads\/2016\/06\/27-Mamm-aniversario-1.jpg 448w, https:\/\/www.hoymercedes.com.ar\/principal\/wp-content\/uploads\/2016\/06\/27-Mamm-aniversario-1-150x100.jpg 150w, https:\/\/www.hoymercedes.com.ar\/principal\/wp-content\/uploads\/2016\/06\/27-Mamm-aniversario-1-300x200.jpg 300w\" sizes=\"auto, (max-width: 448px) 100vw, 448px\" \/><\/p>\n","protected":false},"excerpt":{"rendered":"<p>El \u00faltimo domingo el Museo de Arte \u00abMunicipalidad de Mercedes\u00bb celebr\u00f3 su primer cumplea\u00f1os,\u00a0 su primer a\u00f1o desde que abri\u00f3 &#8230; <a title=\"Festejos en el primer a\u00f1o del MAMM\" class=\"read-more\" href=\"https:\/\/www.hoymercedes.com.ar\/principal\/2016\/06\/27\/festejos-en-el-primer-ano-del-mamm\/\" aria-label=\"Leer m\u00e1s sobre Festejos en el primer a\u00f1o del MAMM\">Leer m\u00e1s<\/a><\/p>\n","protected":false},"author":1,"featured_media":51804,"comment_status":"open","ping_status":"open","sticky":false,"template":"","format":"standard","meta":{"_monsterinsights_skip_tracking":false,"_monsterinsights_sitenote_active":false,"_monsterinsights_sitenote_note":"","_monsterinsights_sitenote_category":0,"jetpack_post_was_ever_published":false,"_jetpack_newsletter_access":"","_jetpack_dont_email_post_to_subs":false,"_jetpack_newsletter_tier_id":0,"_jetpack_memberships_contains_paywalled_content":false,"_jetpack_memberships_contains_paid_content":false,"footnotes":"","jetpack_publicize_message":"","jetpack_publicize_feature_enabled":true,"jetpack_social_post_already_shared":true,"jetpack_social_options":{"image_generator_settings":{"template":"highway","default_image_id":0,"font":"","enabled":false},"version":2},"_wpas_customize_per_network":false},"categories":[104],"tags":[8829,8890,7805,8674,8539],"class_list":["post-51809","post","type-post","status-publish","format-standard","has-post-thumbnail","hentry","category-cultura","tag-aniversario","tag-artes-plasticas","tag-cultura","tag-mamm","tag-musica","generate-columns","tablet-grid-50","mobile-grid-100","grid-parent","grid-50"],"jetpack_publicize_connections":[],"jetpack_featured_media_url":"https:\/\/www.hoymercedes.com.ar\/principal\/wp-content\/uploads\/2016\/06\/27-Mamm-aniversario-2.jpg","wps_subtitle":"Tarde de artes","jetpack_sharing_enabled":true,"_links":{"self":[{"href":"https:\/\/www.hoymercedes.com.ar\/principal\/wp-json\/wp\/v2\/posts\/51809","targetHints":{"allow":["GET"]}}],"collection":[{"href":"https:\/\/www.hoymercedes.com.ar\/principal\/wp-json\/wp\/v2\/posts"}],"about":[{"href":"https:\/\/www.hoymercedes.com.ar\/principal\/wp-json\/wp\/v2\/types\/post"}],"author":[{"embeddable":true,"href":"https:\/\/www.hoymercedes.com.ar\/principal\/wp-json\/wp\/v2\/users\/1"}],"replies":[{"embeddable":true,"href":"https:\/\/www.hoymercedes.com.ar\/principal\/wp-json\/wp\/v2\/comments?post=51809"}],"version-history":[{"count":0,"href":"https:\/\/www.hoymercedes.com.ar\/principal\/wp-json\/wp\/v2\/posts\/51809\/revisions"}],"wp:featuredmedia":[{"embeddable":true,"href":"https:\/\/www.hoymercedes.com.ar\/principal\/wp-json\/wp\/v2\/media\/51804"}],"wp:attachment":[{"href":"https:\/\/www.hoymercedes.com.ar\/principal\/wp-json\/wp\/v2\/media?parent=51809"}],"wp:term":[{"taxonomy":"category","embeddable":true,"href":"https:\/\/www.hoymercedes.com.ar\/principal\/wp-json\/wp\/v2\/categories?post=51809"},{"taxonomy":"post_tag","embeddable":true,"href":"https:\/\/www.hoymercedes.com.ar\/principal\/wp-json\/wp\/v2\/tags?post=51809"}],"curies":[{"name":"wp","href":"https:\/\/api.w.org\/{rel}","templated":true}]}}