{"id":5181,"date":"2011-06-23T21:12:45","date_gmt":"2011-06-23T21:12:45","guid":{"rendered":"http:\/\/www.hoymercedes.com.ar\/principal\/?p=5181"},"modified":"2011-06-23T21:12:45","modified_gmt":"2011-06-23T21:12:45","slug":"invitan-a-charla-sobre-seguridad-para-comerciantes","status":"publish","type":"post","link":"https:\/\/www.hoymercedes.com.ar\/principal\/2011\/06\/23\/invitan-a-charla-sobre-seguridad-para-comerciantes\/","title":{"rendered":"Invitan a charla sobre seguridad para comerciantes"},"content":{"rendered":"<p>La invitaci\u00f3n que se hace llegar con el objetivo que sea conocida por todos los\u00a0comerciantes\u00a0interesados es la siguiente:<\/p>\n<p><em>El Director de Seguridad de la ciudad de Mercedes:<\/em><\/p>\n<p><em>Invita a usted a una charla informativa, dirigida a todo los comercios dedicados a realizar espect\u00e1culos p\u00fablicos, se  tratara la ley de admisi\u00f3n y permanencia, tambi\u00e9n se informara sobre las formas en que se fiscalizara pr\u00f3ximamente dado que la ley esta en vigencia, en la misma disertara la Dra. Mar\u00eda P\u00eda Figueroa del departamento habilitaciones RECAP (registro publico pcial de personal de control de admisi\u00f3n y permanencia) creado por la oficina provincial para la gesti\u00f3n de la seguridad privada del Ministerio de Justicia y Seguridad.<\/em><\/p>\n<p><em>D\u00eda: jueves 23\/06\/2011<\/em><\/p>\n<p><em>Lugar: Ameghino Marin 26 y 21<\/em><\/p>\n<p><em>Hora: 19,30hs<\/em><\/p>\n<p>&nbsp;<\/p>\n<p>&nbsp;<\/p>\n","protected":false},"excerpt":{"rendered":"<p>La invitaci\u00f3n que se hace llegar con el objetivo que sea conocida por todos los\u00a0comerciantes\u00a0interesados es la siguiente: El Director &#8230; <a title=\"Invitan a charla sobre seguridad para comerciantes\" class=\"read-more\" href=\"https:\/\/www.hoymercedes.com.ar\/principal\/2011\/06\/23\/invitan-a-charla-sobre-seguridad-para-comerciantes\/\" aria-label=\"Leer m\u00e1s sobre Invitan a charla sobre seguridad para comerciantes\">Leer m\u00e1s<\/a><\/p>\n","protected":false},"author":1,"featured_media":0,"comment_status":"open","ping_status":"open","sticky":false,"template":"","format":"standard","meta":{"_monsterinsights_skip_tracking":false,"_monsterinsights_sitenote_active":false,"_monsterinsights_sitenote_note":"","_monsterinsights_sitenote_category":0,"jetpack_post_was_ever_published":false,"_jetpack_newsletter_access":"","_jetpack_dont_email_post_to_subs":false,"_jetpack_newsletter_tier_id":0,"_jetpack_memberships_contains_paywalled_content":false,"_jetpack_memberships_contains_paid_content":false,"footnotes":"","jetpack_publicize_message":"","jetpack_publicize_feature_enabled":true,"jetpack_social_post_already_shared":false,"jetpack_social_options":{"image_generator_settings":{"template":"highway","default_image_id":0,"font":"","enabled":false},"version":2},"_wpas_customize_per_network":false},"categories":[8],"tags":[948],"class_list":["post-5181","post","type-post","status-publish","format-standard","hentry","category-sociedad","tag-estaban-rossi","generate-columns","tablet-grid-50","mobile-grid-100","grid-parent","grid-50"],"jetpack_publicize_connections":[],"jetpack_featured_media_url":"","wps_subtitle":"","jetpack_sharing_enabled":true,"_links":{"self":[{"href":"https:\/\/www.hoymercedes.com.ar\/principal\/wp-json\/wp\/v2\/posts\/5181","targetHints":{"allow":["GET"]}}],"collection":[{"href":"https:\/\/www.hoymercedes.com.ar\/principal\/wp-json\/wp\/v2\/posts"}],"about":[{"href":"https:\/\/www.hoymercedes.com.ar\/principal\/wp-json\/wp\/v2\/types\/post"}],"author":[{"embeddable":true,"href":"https:\/\/www.hoymercedes.com.ar\/principal\/wp-json\/wp\/v2\/users\/1"}],"replies":[{"embeddable":true,"href":"https:\/\/www.hoymercedes.com.ar\/principal\/wp-json\/wp\/v2\/comments?post=5181"}],"version-history":[{"count":0,"href":"https:\/\/www.hoymercedes.com.ar\/principal\/wp-json\/wp\/v2\/posts\/5181\/revisions"}],"wp:attachment":[{"href":"https:\/\/www.hoymercedes.com.ar\/principal\/wp-json\/wp\/v2\/media?parent=5181"}],"wp:term":[{"taxonomy":"category","embeddable":true,"href":"https:\/\/www.hoymercedes.com.ar\/principal\/wp-json\/wp\/v2\/categories?post=5181"},{"taxonomy":"post_tag","embeddable":true,"href":"https:\/\/www.hoymercedes.com.ar\/principal\/wp-json\/wp\/v2\/tags?post=5181"}],"curies":[{"name":"wp","href":"https:\/\/api.w.org\/{rel}","templated":true}]}}