{"id":51813,"date":"2016-06-27T14:54:55","date_gmt":"2016-06-27T17:54:55","guid":{"rendered":"http:\/\/www.hoymercedes.com.ar\/principal\/?p=51813"},"modified":"2016-06-27T14:54:55","modified_gmt":"2016-06-27T17:54:55","slug":"a-base-de-goleadas-trocha-clasifico-a-la-liguilla","status":"publish","type":"post","link":"https:\/\/www.hoymercedes.com.ar\/principal\/2016\/06\/27\/a-base-de-goleadas-trocha-clasifico-a-la-liguilla\/","title":{"rendered":"A base de goleadas, Trocha clasific\u00f3 a la Liguilla"},"content":{"rendered":"<p><em><strong>Por Ariel Musante. El conjunto de M\u00f3dolo venci\u00f3 a Ateneo por 4 a 2 en un partido en el que pudo haber convertido m\u00e1s y se asegur\u00f3 estar entre los siete equipos. Ahora buscar\u00e1 ir directo a semis. V\u00e9lez sorprendi\u00f3 en Giles y casi se lo gana a El Front\u00f3n. Ganaron Quilmes, Comunicaciones y Mercedes, mientras que San Marcos y Juventud se suspendi\u00f3.<\/strong><\/em><\/p>\n<p><img loading=\"lazy\" decoding=\"async\" data-attachment-id=\"51814\" data-permalink=\"https:\/\/www.hoymercedes.com.ar\/principal\/2016\/06\/27\/a-base-de-goleadas-trocha-clasifico-a-la-liguilla\/dscn17202\/#main\" data-orig-file=\"https:\/\/www.hoymercedes.com.ar\/principal\/wp-content\/uploads\/2016\/06\/DSCN17202.jpg\" data-orig-size=\"640,480\" data-comments-opened=\"1\" data-image-meta=\"{&quot;aperture&quot;:&quot;0&quot;,&quot;credit&quot;:&quot;&quot;,&quot;camera&quot;:&quot;&quot;,&quot;caption&quot;:&quot;&quot;,&quot;created_timestamp&quot;:&quot;0&quot;,&quot;copyright&quot;:&quot;&quot;,&quot;focal_length&quot;:&quot;0&quot;,&quot;iso&quot;:&quot;0&quot;,&quot;shutter_speed&quot;:&quot;0&quot;,&quot;title&quot;:&quot;&quot;,&quot;orientation&quot;:&quot;0&quot;}\" data-image-title=\"DSCN17202\" data-image-description=\"\" data-image-caption=\"\" data-large-file=\"https:\/\/www.hoymercedes.com.ar\/principal\/wp-content\/uploads\/2016\/06\/DSCN17202.jpg\" class=\"aligncenter size-medium wp-image-51814\" src=\"https:\/\/www.hoymercedes.com.ar\/principal\/wp-content\/uploads\/2016\/06\/DSCN17202-630x473.jpg\" alt=\"DSCN17202\" width=\"630\" height=\"473\" srcset=\"https:\/\/www.hoymercedes.com.ar\/principal\/wp-content\/uploads\/2016\/06\/DSCN17202-630x473.jpg 630w, https:\/\/www.hoymercedes.com.ar\/principal\/wp-content\/uploads\/2016\/06\/DSCN17202-150x113.jpg 150w, https:\/\/www.hoymercedes.com.ar\/principal\/wp-content\/uploads\/2016\/06\/DSCN17202.jpg 640w\" sizes=\"auto, (max-width: 630px) 100vw, 630px\" \/><\/p>\n<p>Tramo final del Apertura de la Liga Mercedina de F\u00fatbol que empieza a tener equipos clasificados a la Liguilla y otros que ya se quedaron afuera, mientras que algunos todav\u00eda sacan cuentas para entrar y tambi\u00e9n para no ser eliminados. El cierre de la jornada dominguera en Mercedes lo tuvo a Trocha clasific\u00e1ndose a semifinales tras vencer 4 a 2 a Ateneo, en un partido en el que los de M\u00f3dolo tuvieron muchas situaciones concretas de gol, pero convirtieron cuatro. Sin embargo, no lograron encontrarle la vuelta en varios momentos al ataque de los de Pil\u00eda, que lograron tener mucho tiempo la pelota pero s\u00f3lo lastimar dos veces.<\/p>\n<p>Con este triunfo, Trocha ya se asegur\u00f3 estar entre los siete clasificados aunque su pelea es mano a mano con El Front\u00f3n para clasificar directo a semifinales y tener hasta el final la ventaja deportiva. Por el lado de los de la Liga de Padres de Familia, quedaron a dos puntos de V\u00e9lez, el \u00faltimo clasificado, que a la misma hora consigui\u00f3 un importante empate en San Andr\u00e9s de Giles ante El Front\u00f3n en un partido que lo comenz\u00f3 perdiendo 1 a 0, pas\u00f3 a ganarlo 3 a 1 y luego termin\u00f3 siendo empatado sobre la hora.<\/p>\n<p>Por su parte, otro que fuera de la ciudad se jugaba mucho era Club Mercedes, que al cabo del primer tiempo derrotaba 2 a 1 a Costa Brava que en forma temprana se qued\u00f3 con nueve hombres en cancha y luego logr\u00f3 rematarlo en el complemento. Con este triunfo, sigue en la pelea por ser el mejor de los que jueguen los cuartos de final ya que no podr\u00e1 alcanzar a Trocha.<\/p>\n<p>Los dos partidos que se jugaron en la previa a Trocha Vs. Ateneo fueron de importancia tambi\u00e9n para la Liguilla, ya que Quilmes estaba obligado a derrotar a un eliminado y \u00faltimo El Tim\u00f3n y lo hizo por 2 a 1, mientras que Comunicaciones gole\u00f3 a Pabell\u00f3n de Marcos Paz y entonces Cerveceros y Carteros alcanzaron los 17 puntos y siguen metiendo presi\u00f3n a V\u00e9lez para sumar y a Mercedes para no dormirse porque lo pueden pasar.<\/p>\n<p>Los hechos lamentables de la fecha se dieron al final del partido de Trocha, ya que desde su tribuna se arroj\u00f3 un elemento a la cancha cuando los jugadores de Ateneo estaban yendo al vestuario una vez finalizado el encuentro. Esto trajo luego que los jugadores intentaran buscar al agresor detr\u00e1s de la tribuna que da a la fundici\u00f3n y ah\u00ed se renov\u00f3 el inconveniente.<\/p>\n<p>Por otra parte, Juventud al cabo del primer tiempo venc\u00eda 2 a 1 a San Marcos en un partido que comenz\u00f3 con demora por falta de efectivos policiales. El juez del encuentro lo inici\u00f3, pero cuando vio que al empezar el complemento la seguridad no llegaba, decidi\u00f3 no continuarlo y ahora deber\u00e1 resolver el Tribunal de Penas, ya que ambos equipos tienen chances de seguir en la pelea por el campeonato.<\/p>\n<p>&nbsp;<\/p>\n<p><img loading=\"lazy\" decoding=\"async\" data-attachment-id=\"51815\" data-permalink=\"https:\/\/www.hoymercedes.com.ar\/principal\/2016\/06\/27\/a-base-de-goleadas-trocha-clasifico-a-la-liguilla\/primera-4\/#main\" data-orig-file=\"https:\/\/www.hoymercedes.com.ar\/principal\/wp-content\/uploads\/2016\/06\/Primera-1.png\" data-orig-size=\"463,359\" data-comments-opened=\"1\" data-image-meta=\"{&quot;aperture&quot;:&quot;0&quot;,&quot;credit&quot;:&quot;&quot;,&quot;camera&quot;:&quot;&quot;,&quot;caption&quot;:&quot;&quot;,&quot;created_timestamp&quot;:&quot;0&quot;,&quot;copyright&quot;:&quot;&quot;,&quot;focal_length&quot;:&quot;0&quot;,&quot;iso&quot;:&quot;0&quot;,&quot;shutter_speed&quot;:&quot;0&quot;,&quot;title&quot;:&quot;&quot;,&quot;orientation&quot;:&quot;0&quot;}\" data-image-title=\"Primera\" data-image-description=\"\" data-image-caption=\"\" data-large-file=\"https:\/\/www.hoymercedes.com.ar\/principal\/wp-content\/uploads\/2016\/06\/Primera-1.png\" class=\"aligncenter size-full wp-image-51815\" src=\"https:\/\/www.hoymercedes.com.ar\/principal\/wp-content\/uploads\/2016\/06\/Primera-1.png\" alt=\"Primera\" width=\"463\" height=\"359\" srcset=\"https:\/\/www.hoymercedes.com.ar\/principal\/wp-content\/uploads\/2016\/06\/Primera-1.png 463w, https:\/\/www.hoymercedes.com.ar\/principal\/wp-content\/uploads\/2016\/06\/Primera-1-150x116.png 150w\" sizes=\"auto, (max-width: 463px) 100vw, 463px\" \/><\/p>\n<p><strong>S\u00edntesis de la fecha<\/strong><\/p>\n<p><strong>\u00a0<\/strong><\/p>\n<p><strong>Quilmes 2:<\/strong> Federico Grosso, Lucas Montero, Mat\u00edas Fern\u00e1ndez, Facundo Quiroga, Nicol\u00e1s Valle, Nicol\u00e1s Mangoni, Mariano Brehnier, Leandro Schiavi, Diego Ludue\u00f1a, Joaqu\u00edn Villa y Javier Rosales. <strong>DT:<\/strong> Juan Ignacio Men\u00e9ndez. <strong>Suplentes:<\/strong> Francisco Bavastro y R. Jadratau.<\/p>\n<p><strong>Tim\u00f3n 1:<\/strong> Federico Rodr\u00edguez, Alan Krenz, Natalio R\u00edos, Patricio De Diego, Juan N\u00fa\u00f1ez, Juan Rueda, Guillermo Ricciardulli, Mart\u00edn M\u00f3naco, S. Sala y P. Barbieri. <strong>DT:<\/strong> Julio Compagnoni. <strong>Suplente:<\/strong> Lautaro Soule.<\/p>\n<p><strong>Goles:<\/strong> Mat\u00edas Fern\u00e1ndez y Mariano Brehnier para Quilmes. Ariel Pitrau de penal para Tim\u00f3n.<\/p>\n<p><strong>Cambios:<\/strong> Agust\u00edn Malano por Joaqu\u00edn Villa, Gino Jadratau por Javier Rosales y Mauricio Parra por Nicol\u00e1s Valle en Quilmes. L. Soule, Gustavo Saavedra por S. Sala y Ariel Pitrau por Guillermo Ricciardulli en Tim\u00f3n.<\/p>\n<p>&nbsp;<\/p>\n<p><strong>Comunicaciones 4:<\/strong> Mat\u00edas Ag\u00fcero, Oscar Morales, Marcelo Torres, Agust\u00edn Silva, Franco Torres, Juli\u00e1n Ag\u00fcero, Enzo Mendoza, Mariano Mart\u00edn, Marcos Camargo, Germ\u00e1n Lucero y Nery Lazarte. <strong>DT:<\/strong> Julio Torres. <strong>Suplentes:<\/strong> Gabriel Cejas y Gabriel Berengo.<\/p>\n<p><strong>Pabell\u00f3n 1:<\/strong> Facundo Zabala, Emilio Villareal, Nicol\u00e1s Guarnieri, Mart\u00edn Indat, Bernardo Paulerena, Agust\u00edn Fern\u00e1ndez, Franco Monz\u00f3n, Maximiliano Romero Cahu\u00e9, Juan Hern\u00e1ndez, Tom\u00e1s Gagliardi y Facundo G\u00f3mez. <strong>DT:<\/strong> Guillermo Isarralde. <strong>Suplente:<\/strong> Esteban Roladi.<\/p>\n<p><strong>Goles:<\/strong> Marcos Camargo (2), Oscar Morales y Germ\u00e1n Lucero para Comunicaciones y Franco Monz\u00f3n para Pabell\u00f3n.<\/p>\n<p><strong>Cambios:<\/strong> Lucas Pascual por Facundo G\u00f3mez, Juan Barandari\u00e1n por Mart\u00edn Indart en Pabell\u00f3n. Franco Paj\u00f3n por Agust\u00edn Silva, Diego Gianaschi por Mariano Mart\u00edn y Gonzalo Herrera por Franco Torres en Comunicaciones.<\/p>\n<p>&nbsp;<\/p>\n<p><strong>Ateneo de la Juventud 2:<\/strong> Maximiliano Gim\u00e9nez, Facundo Otero, Nelson Denis, Brian Moyano, Mariano Villone, Marcelo Reble, Angel Pucheta, Maximiliano Arzani, Alejandro Cardozo, Gustavo L\u00f3pez y Nicol\u00e1s P\u00e9rez. <strong>DT:<\/strong> Ariel Pil\u00eda. <strong>Suplentes:<\/strong> Mat\u00edas Gourgues, Daniel Conenna y G\u00f3mez.<\/p>\n<p><strong>Trocha 4:<\/strong> Nahuel G\u00f3mez, Cubilla, Lucas Falcone, Mat\u00edas M\u00f3dolo, Helvio Figueroa, Alexis Salinas, Marcelo Gonz\u00e1lez, Leonardo Corradino, Alexis Arias y Juan Risso. <strong>DT:<\/strong> Mat\u00edas M\u00f3dolo. Suplentes: Chirino.<\/p>\n<p><strong>Goles en el PT:<\/strong> A los 2\u2019 Alexis Salinas, 13\u2019 Marcelo Gonz\u00e1lez para Trocha. A los 27\u2019 Alejandro Cardozo para Ateneo.<\/p>\n<p><strong>Goles en el ST:<\/strong> A los 24\u2019 Mauro Sigona y a los 42\u2019 Juan Risso para Trocha. A los 36\u2019 Diego Gorosito para Ateneo.<\/p>\n<p><strong>Cambios:<\/strong> Mauro Sigona por Leonardo Corradino, Nahuel Paniagua por Alexis Arias y Natale por Alexis Salinas en Trocha. Diego Gorosito por Nicol\u00e1s P\u00e9rez, Becerra por Nelson Denis y Jorge Montenegro por Angel Pucheta en Ateneo.<\/p>\n<p>Arbitro: Javier Mihura (SADRA)<\/p>\n<p>&nbsp;<\/p>\n<p><strong>El Front\u00f3n 3:<\/strong> Mart\u00edn Bonetti, Gast\u00f3n Lozano Jos\u00e9 Mansilla.<\/p>\n<p><strong>V\u00e9lez 3:<\/strong> Daniel Jara; Sebasti\u00e1n Rodr\u00edguez, Carlos Pacheco<\/p>\n<p>&nbsp;<\/p>\n<p><strong>Costa Brava 1:<\/strong> Nicol\u00e1s Padula.<\/p>\n<p><strong>Club Mercedes 3<\/strong>: Mariano Rivas (2) y Nicol\u00e1s Contardi<\/p>\n<p>&nbsp;<\/p>\n<p><strong>Pr\u00f3xima fecha<\/strong><\/p>\n<p>V\u00e9lez vs. Quilmes.<\/p>\n<p>El Tim\u00f3n vs. Estudiantes.<\/p>\n<p>Juventud vs. Ateneo.<\/p>\n<p>Trocha vs. Costa Brava.<\/p>\n<p>Mercedes vs. Comunicaciones.<\/p>\n<p>Los Palometas vs. El Front\u00f3n.<\/p>\n<p>Libres: San Marcos y Pabell\u00f3n.<\/p>\n<p><img loading=\"lazy\" decoding=\"async\" data-attachment-id=\"51817\" data-permalink=\"https:\/\/www.hoymercedes.com.ar\/principal\/2016\/06\/27\/a-base-de-goleadas-trocha-clasifico-a-la-liguilla\/goleadores-3\/#main\" data-orig-file=\"https:\/\/www.hoymercedes.com.ar\/principal\/wp-content\/uploads\/2016\/06\/Goleadores-1.png\" data-orig-size=\"314,682\" data-comments-opened=\"1\" data-image-meta=\"{&quot;aperture&quot;:&quot;0&quot;,&quot;credit&quot;:&quot;&quot;,&quot;camera&quot;:&quot;&quot;,&quot;caption&quot;:&quot;&quot;,&quot;created_timestamp&quot;:&quot;0&quot;,&quot;copyright&quot;:&quot;&quot;,&quot;focal_length&quot;:&quot;0&quot;,&quot;iso&quot;:&quot;0&quot;,&quot;shutter_speed&quot;:&quot;0&quot;,&quot;title&quot;:&quot;&quot;,&quot;orientation&quot;:&quot;0&quot;}\" data-image-title=\"Goleadores\" data-image-description=\"\" data-image-caption=\"\" data-large-file=\"https:\/\/www.hoymercedes.com.ar\/principal\/wp-content\/uploads\/2016\/06\/Goleadores-1.png\" class=\"aligncenter size-medium wp-image-51817\" src=\"https:\/\/www.hoymercedes.com.ar\/principal\/wp-content\/uploads\/2016\/06\/Goleadores-1-285x620.png\" alt=\"Goleadores\" width=\"285\" height=\"620\" srcset=\"https:\/\/www.hoymercedes.com.ar\/principal\/wp-content\/uploads\/2016\/06\/Goleadores-1-285x620.png 285w, https:\/\/www.hoymercedes.com.ar\/principal\/wp-content\/uploads\/2016\/06\/Goleadores-1-69x150.png 69w, https:\/\/www.hoymercedes.com.ar\/principal\/wp-content\/uploads\/2016\/06\/Goleadores-1.png 314w\" sizes=\"auto, (max-width: 285px) 100vw, 285px\" \/><\/p>\n<p>&nbsp;<\/p>\n","protected":false},"excerpt":{"rendered":"<p>Por Ariel Musante. El conjunto de M\u00f3dolo venci\u00f3 a Ateneo por 4 a 2 en un partido en el que &#8230; <a title=\"A base de goleadas, Trocha clasific\u00f3 a la Liguilla\" class=\"read-more\" href=\"https:\/\/www.hoymercedes.com.ar\/principal\/2016\/06\/27\/a-base-de-goleadas-trocha-clasifico-a-la-liguilla\/\" aria-label=\"Leer m\u00e1s sobre A base de goleadas, Trocha clasific\u00f3 a la Liguilla\">Leer m\u00e1s<\/a><\/p>\n","protected":false},"author":1,"featured_media":51814,"comment_status":"open","ping_status":"open","sticky":false,"template":"","format":"standard","meta":{"_monsterinsights_skip_tracking":false,"_monsterinsights_sitenote_active":false,"_monsterinsights_sitenote_note":"","_monsterinsights_sitenote_category":0,"jetpack_post_was_ever_published":false,"_jetpack_newsletter_access":"","_jetpack_dont_email_post_to_subs":false,"_jetpack_newsletter_tier_id":0,"_jetpack_memberships_contains_paywalled_content":false,"_jetpack_memberships_contains_paid_content":false,"footnotes":"","jetpack_publicize_message":"","jetpack_publicize_feature_enabled":true,"jetpack_social_post_already_shared":true,"jetpack_social_options":{"image_generator_settings":{"template":"highway","default_image_id":0,"font":"","enabled":false},"version":2},"_wpas_customize_per_network":false},"categories":[21],"tags":[2254,2253,1003,1901,9584,1379],"class_list":["post-51813","post","type-post","status-publish","format-standard","has-post-thumbnail","hentry","category-deportes","tag-ateneo","tag-comunicaciones","tag-futbol","tag-liga-mercedina","tag-pabellon","tag-trocha","generate-columns","tablet-grid-50","mobile-grid-100","grid-parent","grid-50"],"jetpack_publicize_connections":[],"jetpack_featured_media_url":"https:\/\/www.hoymercedes.com.ar\/principal\/wp-content\/uploads\/2016\/06\/DSCN17202.jpg","wps_subtitle":"El primer clasificado","jetpack_sharing_enabled":true,"_links":{"self":[{"href":"https:\/\/www.hoymercedes.com.ar\/principal\/wp-json\/wp\/v2\/posts\/51813","targetHints":{"allow":["GET"]}}],"collection":[{"href":"https:\/\/www.hoymercedes.com.ar\/principal\/wp-json\/wp\/v2\/posts"}],"about":[{"href":"https:\/\/www.hoymercedes.com.ar\/principal\/wp-json\/wp\/v2\/types\/post"}],"author":[{"embeddable":true,"href":"https:\/\/www.hoymercedes.com.ar\/principal\/wp-json\/wp\/v2\/users\/1"}],"replies":[{"embeddable":true,"href":"https:\/\/www.hoymercedes.com.ar\/principal\/wp-json\/wp\/v2\/comments?post=51813"}],"version-history":[{"count":0,"href":"https:\/\/www.hoymercedes.com.ar\/principal\/wp-json\/wp\/v2\/posts\/51813\/revisions"}],"wp:featuredmedia":[{"embeddable":true,"href":"https:\/\/www.hoymercedes.com.ar\/principal\/wp-json\/wp\/v2\/media\/51814"}],"wp:attachment":[{"href":"https:\/\/www.hoymercedes.com.ar\/principal\/wp-json\/wp\/v2\/media?parent=51813"}],"wp:term":[{"taxonomy":"category","embeddable":true,"href":"https:\/\/www.hoymercedes.com.ar\/principal\/wp-json\/wp\/v2\/categories?post=51813"},{"taxonomy":"post_tag","embeddable":true,"href":"https:\/\/www.hoymercedes.com.ar\/principal\/wp-json\/wp\/v2\/tags?post=51813"}],"curies":[{"name":"wp","href":"https:\/\/api.w.org\/{rel}","templated":true}]}}