{"id":51825,"date":"2016-06-28T09:29:47","date_gmt":"2016-06-28T12:29:47","guid":{"rendered":"http:\/\/www.hoymercedes.com.ar\/principal\/?p=51825"},"modified":"2016-06-28T09:29:47","modified_gmt":"2016-06-28T12:29:47","slug":"congreso-borgeano-a-30-anos-de-su-fallecimiento","status":"publish","type":"post","link":"https:\/\/www.hoymercedes.com.ar\/principal\/2016\/06\/28\/congreso-borgeano-a-30-anos-de-su-fallecimiento\/","title":{"rendered":"Congreso Borgeano a 30 a\u00f1os de su fallecimiento"},"content":{"rendered":"<p>Durante tres d\u00edas se llev\u00f3 adelante el Congreso de Literatura en homenaje a Jorge Luis Borges, a 30 a\u00f1os de su fallecimiento. Los d\u00edas 23, 24 y 25 de junio, en el MAMM, fue el primer Congreso\u00a0nacional e internacional.<\/p>\n<p>El Congreso de tres jornadas fue presidido por el Dr. Alejandro Vaccaro Chao bi\u00f3grafo de Borges y Presidente Nacional de la SADE y Vicepresidente de la Fundaci\u00f3n El Libro, el Dr. Antonio Las Heras Director del Instituto de Estudios e Investigaciones Yunsvianas de la Socieadad Cient\u00edfica Argentina y de la Gazeta del Progreso, el Dr. Ernesto Fern\u00e1ndez Nu\u00f1ez Secretario General Nacional de SADE.<\/p>\n<p><img loading=\"lazy\" decoding=\"async\" data-attachment-id=\"51828\" data-permalink=\"https:\/\/www.hoymercedes.com.ar\/principal\/2016\/06\/28\/congreso-borgeano-a-30-anos-de-su-fallecimiento\/28-congreso-borgiano-2\/#main\" data-orig-file=\"https:\/\/www.hoymercedes.com.ar\/principal\/wp-content\/uploads\/2016\/06\/28-congreso-borgiano-2.jpg\" data-orig-size=\"448,298\" data-comments-opened=\"1\" data-image-meta=\"{&quot;aperture&quot;:&quot;0&quot;,&quot;credit&quot;:&quot;&quot;,&quot;camera&quot;:&quot;&quot;,&quot;caption&quot;:&quot;&quot;,&quot;created_timestamp&quot;:&quot;0&quot;,&quot;copyright&quot;:&quot;&quot;,&quot;focal_length&quot;:&quot;0&quot;,&quot;iso&quot;:&quot;0&quot;,&quot;shutter_speed&quot;:&quot;0&quot;,&quot;title&quot;:&quot;&quot;,&quot;orientation&quot;:&quot;0&quot;}\" data-image-title=\"28 congreso borgiano 2\" data-image-description=\"\" data-image-caption=\"\" data-large-file=\"https:\/\/www.hoymercedes.com.ar\/principal\/wp-content\/uploads\/2016\/06\/28-congreso-borgiano-2.jpg\" class=\"aligncenter size-full wp-image-51828\" src=\"https:\/\/www.hoymercedes.com.ar\/principal\/wp-content\/uploads\/2016\/06\/28-congreso-borgiano-2.jpg\" alt=\"28 congreso borgiano 2\" width=\"448\" height=\"298\" srcset=\"https:\/\/www.hoymercedes.com.ar\/principal\/wp-content\/uploads\/2016\/06\/28-congreso-borgiano-2.jpg 448w, https:\/\/www.hoymercedes.com.ar\/principal\/wp-content\/uploads\/2016\/06\/28-congreso-borgiano-2-150x100.jpg 150w, https:\/\/www.hoymercedes.com.ar\/principal\/wp-content\/uploads\/2016\/06\/28-congreso-borgiano-2-300x200.jpg 300w\" sizes=\"auto, (max-width: 448px) 100vw, 448px\" \/><\/p>\n<p>Asimismo, se cont\u00f3 con la presencia de un escritor y pintor de Colombia Jair Loaiza Duque que don\u00f3 varios libros de alto valor artistico y literario, la Dra. Zulma Nicolini de Gualeguaych\u00fa (Entre R\u00edos), Dra. Marta Prono Directora de la Red Mundial de los Poetas y autora del proyecto de ley sobre jubilaci\u00f3n y pensi\u00f3n de los escritores y de la Orden internacional de la Manzana, la Dra. Mar\u00eda Cristina Di Lernia Presidenta de la SADE Atl\u00e1ntica, el Prof. y folclor\u00f3lo Alfredo Torres Becerra Dir. de Cultura de Catamarca, la Prof. y Periodista Geve Martha Cleci Presidenta de la SADE Chivilcoy, la Prof. Mar\u00eda Isabel Andriola de SADE Jun\u00edn, la Actriz y escritora Liliana Quevedo y la Prof. Stella Vezzani ambas de SADE Miramar, la Prof. Susana Spano, la Prof. Aurora Traverso de Lares Presidenta de SADE Mercedes, la Prof. Beatr\u00edz Valerio de SADE Z\u00e1rate, la Prof. Ernestina Mo de 25 de Mayo, al Licenciada en Educaci\u00f3n Leonor Ocampo de SADE Mercedes, la Prof. Stella Maris Demergasso de la ciudad de Lobos, la escritora y fot\u00f3grafa Mar\u00eda Amelia Dinova Castro, la periodista Romina Silva de Lobos, Teresita Gallardo de Marenco de SADE Mercedes, Prof. Alicia Albanesi de Lobos, Miguel \u00c1ngel Dipieri de SADE Mercedes, la periodista y conductora Mar\u00eda Rosa Ar\u00e9valo de Mercedes, la escritora Patricia Berho de Lobos, la escritora Lilia S\u00e1nchez de Suipacha, el Dr. Alfredo Lares de SADE Mercedes, la escritora Isabel \u00abPolilla\u00bb Gonz\u00e1lez de SADE Mercedes.<\/p>\n<p><img loading=\"lazy\" decoding=\"async\" data-attachment-id=\"51827\" data-permalink=\"https:\/\/www.hoymercedes.com.ar\/principal\/2016\/06\/28\/congreso-borgeano-a-30-anos-de-su-fallecimiento\/28-congreso-borgiano-1\/#main\" data-orig-file=\"https:\/\/www.hoymercedes.com.ar\/principal\/wp-content\/uploads\/2016\/06\/28-congreso-borgiano-1.jpg\" data-orig-size=\"448,299\" data-comments-opened=\"1\" data-image-meta=\"{&quot;aperture&quot;:&quot;0&quot;,&quot;credit&quot;:&quot;&quot;,&quot;camera&quot;:&quot;&quot;,&quot;caption&quot;:&quot;&quot;,&quot;created_timestamp&quot;:&quot;0&quot;,&quot;copyright&quot;:&quot;&quot;,&quot;focal_length&quot;:&quot;0&quot;,&quot;iso&quot;:&quot;0&quot;,&quot;shutter_speed&quot;:&quot;0&quot;,&quot;title&quot;:&quot;&quot;,&quot;orientation&quot;:&quot;0&quot;}\" data-image-title=\"28 congreso borgiano 1\" data-image-description=\"\" data-image-caption=\"\" data-large-file=\"https:\/\/www.hoymercedes.com.ar\/principal\/wp-content\/uploads\/2016\/06\/28-congreso-borgiano-1.jpg\" class=\"aligncenter size-full wp-image-51827\" src=\"https:\/\/www.hoymercedes.com.ar\/principal\/wp-content\/uploads\/2016\/06\/28-congreso-borgiano-1.jpg\" alt=\"28 congreso borgiano 1\" width=\"448\" height=\"299\" srcset=\"https:\/\/www.hoymercedes.com.ar\/principal\/wp-content\/uploads\/2016\/06\/28-congreso-borgiano-1.jpg 448w, https:\/\/www.hoymercedes.com.ar\/principal\/wp-content\/uploads\/2016\/06\/28-congreso-borgiano-1-150x100.jpg 150w, https:\/\/www.hoymercedes.com.ar\/principal\/wp-content\/uploads\/2016\/06\/28-congreso-borgiano-1-300x200.jpg 300w\" sizes=\"auto, (max-width: 448px) 100vw, 448px\" \/><\/p>\n","protected":false},"excerpt":{"rendered":"<p>Durante tres d\u00edas se llev\u00f3 adelante el Congreso de Literatura en homenaje a Jorge Luis Borges, a 30 a\u00f1os de &#8230; <a title=\"Congreso Borgeano a 30 a\u00f1os de su fallecimiento\" class=\"read-more\" href=\"https:\/\/www.hoymercedes.com.ar\/principal\/2016\/06\/28\/congreso-borgeano-a-30-anos-de-su-fallecimiento\/\" aria-label=\"Leer m\u00e1s sobre Congreso Borgeano a 30 a\u00f1os de su fallecimiento\">Leer m\u00e1s<\/a><\/p>\n","protected":false},"author":1,"featured_media":51827,"comment_status":"open","ping_status":"open","sticky":false,"template":"","format":"standard","meta":{"_monsterinsights_skip_tracking":false,"_monsterinsights_sitenote_active":false,"_monsterinsights_sitenote_note":"","_monsterinsights_sitenote_category":0,"jetpack_post_was_ever_published":false,"_jetpack_newsletter_access":"","_jetpack_dont_email_post_to_subs":false,"_jetpack_newsletter_tier_id":0,"_jetpack_memberships_contains_paywalled_content":false,"_jetpack_memberships_contains_paid_content":false,"footnotes":"","jetpack_publicize_message":"","jetpack_publicize_feature_enabled":true,"jetpack_social_post_already_shared":true,"jetpack_social_options":{"image_generator_settings":{"template":"highway","default_image_id":0,"font":"","enabled":false},"version":2},"_wpas_customize_per_network":false},"categories":[104],"tags":[9587,7805,5148],"class_list":["post-51825","post","type-post","status-publish","format-standard","has-post-thumbnail","hentry","category-cultura","tag-congreso-borgeano","tag-cultura","tag-sade-mercedes","generate-columns","tablet-grid-50","mobile-grid-100","grid-parent","grid-50"],"jetpack_publicize_connections":[],"jetpack_featured_media_url":"https:\/\/www.hoymercedes.com.ar\/principal\/wp-content\/uploads\/2016\/06\/28-congreso-borgiano-1.jpg","wps_subtitle":"Literatura argentina","jetpack_sharing_enabled":true,"_links":{"self":[{"href":"https:\/\/www.hoymercedes.com.ar\/principal\/wp-json\/wp\/v2\/posts\/51825","targetHints":{"allow":["GET"]}}],"collection":[{"href":"https:\/\/www.hoymercedes.com.ar\/principal\/wp-json\/wp\/v2\/posts"}],"about":[{"href":"https:\/\/www.hoymercedes.com.ar\/principal\/wp-json\/wp\/v2\/types\/post"}],"author":[{"embeddable":true,"href":"https:\/\/www.hoymercedes.com.ar\/principal\/wp-json\/wp\/v2\/users\/1"}],"replies":[{"embeddable":true,"href":"https:\/\/www.hoymercedes.com.ar\/principal\/wp-json\/wp\/v2\/comments?post=51825"}],"version-history":[{"count":0,"href":"https:\/\/www.hoymercedes.com.ar\/principal\/wp-json\/wp\/v2\/posts\/51825\/revisions"}],"wp:featuredmedia":[{"embeddable":true,"href":"https:\/\/www.hoymercedes.com.ar\/principal\/wp-json\/wp\/v2\/media\/51827"}],"wp:attachment":[{"href":"https:\/\/www.hoymercedes.com.ar\/principal\/wp-json\/wp\/v2\/media?parent=51825"}],"wp:term":[{"taxonomy":"category","embeddable":true,"href":"https:\/\/www.hoymercedes.com.ar\/principal\/wp-json\/wp\/v2\/categories?post=51825"},{"taxonomy":"post_tag","embeddable":true,"href":"https:\/\/www.hoymercedes.com.ar\/principal\/wp-json\/wp\/v2\/tags?post=51825"}],"curies":[{"name":"wp","href":"https:\/\/api.w.org\/{rel}","templated":true}]}}