{"id":51848,"date":"2016-06-28T13:46:41","date_gmt":"2016-06-28T16:46:41","guid":{"rendered":"http:\/\/www.hoymercedes.com.ar\/principal\/?p=51848"},"modified":"2016-06-28T13:46:41","modified_gmt":"2016-06-28T16:46:41","slug":"el-comisario-sergio-macedo-asumio-como-jefe-de-la-comunal","status":"publish","type":"post","link":"https:\/\/www.hoymercedes.com.ar\/principal\/2016\/06\/28\/el-comisario-sergio-macedo-asumio-como-jefe-de-la-comunal\/","title":{"rendered":"El Comisario Sergio Macedo asumi\u00f3 como Jefe de la Comunal"},"content":{"rendered":"<p>En la ma\u00f1ana de este martes confirmaron los cambios en la Polic\u00eda Comunal. Desde este lunes, el Jefe de la fuerza es el Comisario Sergio Macedo. Oriundo de Chivilcoy, Macedo\u00a0secundaba al ex Jefe Oscar Martignone, que pasa a disposici\u00f3n de la Jefatura Departamental a cargo del Comisario Mayor Carlos\u00a0Gustavo Monta\u00f1ez.<\/p>\n<p><img loading=\"lazy\" decoding=\"async\" data-attachment-id=\"51849\" data-permalink=\"https:\/\/www.hoymercedes.com.ar\/principal\/2016\/06\/28\/el-comisario-sergio-macedo-asumio-como-jefe-de-la-comunal\/28-comisario-nuevo\/#main\" data-orig-file=\"https:\/\/www.hoymercedes.com.ar\/principal\/wp-content\/uploads\/2016\/06\/28-Comisario-Nuevo.jpg\" data-orig-size=\"448,336\" data-comments-opened=\"1\" data-image-meta=\"{&quot;aperture&quot;:&quot;2.8&quot;,&quot;credit&quot;:&quot;&quot;,&quot;camera&quot;:&quot;DSC-H2&quot;,&quot;caption&quot;:&quot;&quot;,&quot;created_timestamp&quot;:&quot;1467112150&quot;,&quot;copyright&quot;:&quot;&quot;,&quot;focal_length&quot;:&quot;6&quot;,&quot;iso&quot;:&quot;800&quot;,&quot;shutter_speed&quot;:&quot;0.025&quot;,&quot;title&quot;:&quot;&quot;,&quot;orientation&quot;:&quot;1&quot;}\" data-image-title=\"28 Comisario Nuevo\" data-image-description=\"\" data-image-caption=\"\" data-large-file=\"https:\/\/www.hoymercedes.com.ar\/principal\/wp-content\/uploads\/2016\/06\/28-Comisario-Nuevo.jpg\" class=\"aligncenter size-full wp-image-51849\" src=\"https:\/\/www.hoymercedes.com.ar\/principal\/wp-content\/uploads\/2016\/06\/28-Comisario-Nuevo.jpg\" alt=\"28 Comisario Nuevo\" width=\"448\" height=\"336\" srcset=\"https:\/\/www.hoymercedes.com.ar\/principal\/wp-content\/uploads\/2016\/06\/28-Comisario-Nuevo.jpg 448w, https:\/\/www.hoymercedes.com.ar\/principal\/wp-content\/uploads\/2016\/06\/28-Comisario-Nuevo-150x113.jpg 150w\" sizes=\"auto, (max-width: 448px) 100vw, 448px\" \/><\/p>\n","protected":false},"excerpt":{"rendered":"<p>En la ma\u00f1ana de este martes confirmaron los cambios en la Polic\u00eda Comunal. Desde este lunes, el Jefe de la &#8230; <a title=\"El Comisario Sergio Macedo asumi\u00f3 como Jefe de la Comunal\" class=\"read-more\" href=\"https:\/\/www.hoymercedes.com.ar\/principal\/2016\/06\/28\/el-comisario-sergio-macedo-asumio-como-jefe-de-la-comunal\/\" aria-label=\"Leer m\u00e1s sobre El Comisario Sergio Macedo asumi\u00f3 como Jefe de la Comunal\">Leer m\u00e1s<\/a><\/p>\n","protected":false},"author":1,"featured_media":51849,"comment_status":"open","ping_status":"open","sticky":false,"template":"","format":"standard","meta":{"_monsterinsights_skip_tracking":false,"_monsterinsights_sitenote_active":false,"_monsterinsights_sitenote_note":"","_monsterinsights_sitenote_category":0,"jetpack_post_was_ever_published":false,"_jetpack_newsletter_access":"","_jetpack_dont_email_post_to_subs":false,"_jetpack_newsletter_tier_id":0,"_jetpack_memberships_contains_paywalled_content":false,"_jetpack_memberships_contains_paid_content":false,"footnotes":"","jetpack_publicize_message":"","jetpack_publicize_feature_enabled":true,"jetpack_social_post_already_shared":true,"jetpack_social_options":{"image_generator_settings":{"template":"highway","default_image_id":0,"font":"","enabled":false},"version":2},"_wpas_customize_per_network":false},"categories":[85,8],"tags":[9591,9346,9592,5766,424],"class_list":["post-51848","post","type-post","status-publish","format-standard","has-post-thumbnail","hentry","category-policial","category-sociedad","tag-cambios","tag-jefe","tag-macedo","tag-policia-comunal","tag-ustarroz","generate-columns","tablet-grid-50","mobile-grid-100","grid-parent","grid-50"],"jetpack_publicize_connections":[],"jetpack_featured_media_url":"https:\/\/www.hoymercedes.com.ar\/principal\/wp-content\/uploads\/2016\/06\/28-Comisario-Nuevo.jpg","wps_subtitle":"Cambios en la Policia","jetpack_sharing_enabled":true,"_links":{"self":[{"href":"https:\/\/www.hoymercedes.com.ar\/principal\/wp-json\/wp\/v2\/posts\/51848","targetHints":{"allow":["GET"]}}],"collection":[{"href":"https:\/\/www.hoymercedes.com.ar\/principal\/wp-json\/wp\/v2\/posts"}],"about":[{"href":"https:\/\/www.hoymercedes.com.ar\/principal\/wp-json\/wp\/v2\/types\/post"}],"author":[{"embeddable":true,"href":"https:\/\/www.hoymercedes.com.ar\/principal\/wp-json\/wp\/v2\/users\/1"}],"replies":[{"embeddable":true,"href":"https:\/\/www.hoymercedes.com.ar\/principal\/wp-json\/wp\/v2\/comments?post=51848"}],"version-history":[{"count":0,"href":"https:\/\/www.hoymercedes.com.ar\/principal\/wp-json\/wp\/v2\/posts\/51848\/revisions"}],"wp:featuredmedia":[{"embeddable":true,"href":"https:\/\/www.hoymercedes.com.ar\/principal\/wp-json\/wp\/v2\/media\/51849"}],"wp:attachment":[{"href":"https:\/\/www.hoymercedes.com.ar\/principal\/wp-json\/wp\/v2\/media?parent=51848"}],"wp:term":[{"taxonomy":"category","embeddable":true,"href":"https:\/\/www.hoymercedes.com.ar\/principal\/wp-json\/wp\/v2\/categories?post=51848"},{"taxonomy":"post_tag","embeddable":true,"href":"https:\/\/www.hoymercedes.com.ar\/principal\/wp-json\/wp\/v2\/tags?post=51848"}],"curies":[{"name":"wp","href":"https:\/\/api.w.org\/{rel}","templated":true}]}}