{"id":51869,"date":"2016-06-30T10:05:18","date_gmt":"2016-06-30T13:05:18","guid":{"rendered":"http:\/\/www.hoymercedes.com.ar\/principal\/?p=51869"},"modified":"2016-07-01T22:35:29","modified_gmt":"2016-07-02T01:35:29","slug":"ante-plantense-el-cervecero-jugo-por-liga-metropolitana","status":"publish","type":"post","link":"https:\/\/www.hoymercedes.com.ar\/principal\/2016\/06\/30\/ante-plantense-el-cervecero-jugo-por-liga-metropolitana\/","title":{"rendered":"Ante Platense, el Cervecero jug\u00f3 por Liga Metropolitana"},"content":{"rendered":"<p>Despu\u00e9s de varias suspensiones por lluvia y por quedar libre, en el predio Salvador Hassan, Quilmes pudo comenzar a jugar en este certamen que tambi\u00e9n lo tiene a Club Mercedes como protagonista.<\/p>\n<p>En su primera presentaci\u00f3n fue local ante Platense donde obtuvo muy buenos resultados, siguiendo los logros obtenidos en los \u00faltimos dos a\u00f1os en la Liga Argentina. El pr\u00f3ximo partido de Quilmes ser\u00e1 ante Gimnasia y Esgrima en La Plata, mientras que el Blanquinegro ser\u00e1 local de Trist\u00e1n Su\u00e1rez.<\/p>\n<p><img loading=\"lazy\" decoding=\"async\" data-attachment-id=\"51870\" data-permalink=\"https:\/\/www.hoymercedes.com.ar\/principal\/2016\/06\/30\/ante-plantense-el-cervecero-jugo-por-liga-metropolitana\/quilmes-liga-metropolitana\/#main\" data-orig-file=\"https:\/\/www.hoymercedes.com.ar\/principal\/wp-content\/uploads\/2016\/06\/Quilmes-liga-metropolitana.jpg\" data-orig-size=\"526,394\" data-comments-opened=\"1\" data-image-meta=\"{&quot;aperture&quot;:&quot;0&quot;,&quot;credit&quot;:&quot;&quot;,&quot;camera&quot;:&quot;&quot;,&quot;caption&quot;:&quot;&quot;,&quot;created_timestamp&quot;:&quot;0&quot;,&quot;copyright&quot;:&quot;&quot;,&quot;focal_length&quot;:&quot;0&quot;,&quot;iso&quot;:&quot;0&quot;,&quot;shutter_speed&quot;:&quot;0&quot;,&quot;title&quot;:&quot;&quot;,&quot;orientation&quot;:&quot;0&quot;}\" data-image-title=\"Quilmes liga metropolitana\" data-image-description=\"\" data-image-caption=\"\" data-large-file=\"https:\/\/www.hoymercedes.com.ar\/principal\/wp-content\/uploads\/2016\/06\/Quilmes-liga-metropolitana.jpg\" class=\"aligncenter size-full wp-image-51870\" src=\"https:\/\/www.hoymercedes.com.ar\/principal\/wp-content\/uploads\/2016\/06\/Quilmes-liga-metropolitana.jpg\" alt=\"Quilmes liga metropolitana\" width=\"526\" height=\"394\" srcset=\"https:\/\/www.hoymercedes.com.ar\/principal\/wp-content\/uploads\/2016\/06\/Quilmes-liga-metropolitana.jpg 526w, https:\/\/www.hoymercedes.com.ar\/principal\/wp-content\/uploads\/2016\/06\/Quilmes-liga-metropolitana-150x112.jpg 150w\" sizes=\"auto, (max-width: 526px) 100vw, 526px\" \/><\/p>\n<p><strong>Resultados<\/strong><\/p>\n<p><strong>Categor\u00eda 2001:<\/strong> 1 (Mat\u00edas C\u00f3caro) \u2013 0<\/p>\n<p><strong>Categor\u00eda 2002:<\/strong> 0 \u2013 1<\/p>\n<p><strong>Categor\u00eda 2003:<\/strong> 2 (Isa\u00edas Bertera y Gregorio San Pedro) \u2013 0<\/p>\n<p><strong>Categor\u00eda 2004:<\/strong> 2 (Gonzalo Ramallo y Brandon Acu\u00f1a) \u2013 1<\/p>\n<p><strong>Categor\u00eda 2005:<\/strong> 1 (Ravassa) \u2013 0<\/p>\n<p><strong>Categor\u00eda 2006:<\/strong> 0 &#8211; 0<\/p>\n<p>&nbsp;<\/p>\n<p><em>(foto: Facebook Club Quilmes Liga)<\/em><\/p>\n","protected":false},"excerpt":{"rendered":"<p>Despu\u00e9s de varias suspensiones por lluvia y por quedar libre, en el predio Salvador Hassan, Quilmes pudo comenzar a jugar &#8230; <a title=\"Ante Platense, el Cervecero jug\u00f3 por Liga Metropolitana\" class=\"read-more\" href=\"https:\/\/www.hoymercedes.com.ar\/principal\/2016\/06\/30\/ante-plantense-el-cervecero-jugo-por-liga-metropolitana\/\" aria-label=\"Leer m\u00e1s sobre Ante Platense, el Cervecero jug\u00f3 por Liga Metropolitana\">Leer m\u00e1s<\/a><\/p>\n","protected":false},"author":1,"featured_media":51870,"comment_status":"open","ping_status":"open","sticky":false,"template":"","format":"standard","meta":{"_monsterinsights_skip_tracking":false,"_monsterinsights_sitenote_active":false,"_monsterinsights_sitenote_note":"","_monsterinsights_sitenote_category":0,"jetpack_post_was_ever_published":false,"_jetpack_newsletter_access":"","_jetpack_dont_email_post_to_subs":false,"_jetpack_newsletter_tier_id":0,"_jetpack_memberships_contains_paywalled_content":false,"_jetpack_memberships_contains_paid_content":false,"footnotes":"","jetpack_publicize_message":"","jetpack_publicize_feature_enabled":true,"jetpack_social_post_already_shared":true,"jetpack_social_options":{"image_generator_settings":{"template":"highway","default_image_id":0,"font":"","enabled":false},"version":2},"_wpas_customize_per_network":false},"categories":[21],"tags":[1003,9597,9598,1413],"class_list":["post-51869","post","type-post","status-publish","format-standard","has-post-thumbnail","hentry","category-deportes","tag-futbol","tag-liga-metropolitana","tag-platense","tag-quilmes","generate-columns","tablet-grid-50","mobile-grid-100","grid-parent","grid-50"],"jetpack_publicize_connections":[],"jetpack_featured_media_url":"https:\/\/www.hoymercedes.com.ar\/principal\/wp-content\/uploads\/2016\/06\/Quilmes-liga-metropolitana.jpg","wps_subtitle":"Fue el turno de Quilmes","jetpack_sharing_enabled":true,"_links":{"self":[{"href":"https:\/\/www.hoymercedes.com.ar\/principal\/wp-json\/wp\/v2\/posts\/51869","targetHints":{"allow":["GET"]}}],"collection":[{"href":"https:\/\/www.hoymercedes.com.ar\/principal\/wp-json\/wp\/v2\/posts"}],"about":[{"href":"https:\/\/www.hoymercedes.com.ar\/principal\/wp-json\/wp\/v2\/types\/post"}],"author":[{"embeddable":true,"href":"https:\/\/www.hoymercedes.com.ar\/principal\/wp-json\/wp\/v2\/users\/1"}],"replies":[{"embeddable":true,"href":"https:\/\/www.hoymercedes.com.ar\/principal\/wp-json\/wp\/v2\/comments?post=51869"}],"version-history":[{"count":0,"href":"https:\/\/www.hoymercedes.com.ar\/principal\/wp-json\/wp\/v2\/posts\/51869\/revisions"}],"wp:featuredmedia":[{"embeddable":true,"href":"https:\/\/www.hoymercedes.com.ar\/principal\/wp-json\/wp\/v2\/media\/51870"}],"wp:attachment":[{"href":"https:\/\/www.hoymercedes.com.ar\/principal\/wp-json\/wp\/v2\/media?parent=51869"}],"wp:term":[{"taxonomy":"category","embeddable":true,"href":"https:\/\/www.hoymercedes.com.ar\/principal\/wp-json\/wp\/v2\/categories?post=51869"},{"taxonomy":"post_tag","embeddable":true,"href":"https:\/\/www.hoymercedes.com.ar\/principal\/wp-json\/wp\/v2\/tags?post=51869"}],"curies":[{"name":"wp","href":"https:\/\/api.w.org\/{rel}","templated":true}]}}