{"id":5187,"date":"2011-06-23T21:16:25","date_gmt":"2011-06-23T21:16:25","guid":{"rendered":"http:\/\/www.hoymercedes.com.ar\/principal\/?p=5187"},"modified":"2011-06-23T21:16:25","modified_gmt":"2011-06-23T21:16:25","slug":"se-pudo-en-marcha-la-red-de-atencion-en-salud-de-mercedes","status":"publish","type":"post","link":"https:\/\/www.hoymercedes.com.ar\/principal\/2011\/06\/23\/se-pudo-en-marcha-la-red-de-atencion-en-salud-de-mercedes\/","title":{"rendered":"Se pudo en marcha la red de atenci\u00f3n en salud de Mercedes"},"content":{"rendered":"<p>El intendente sostuvo que con el nuevo sistema llamado Mercedes Salud se puede acceder a la historia cl\u00ednica de cualquier paciente que vive en Mercedes en cualquier lugar del pa\u00edsSe trata de un trabajo que se realizar\u00e1 mediante la comunicaci\u00f3n en red v\u00eda Internet de la totalidad de Centros Primarios de Atenci\u00f3n a la Salud (CAPS) con el propio Hospital Dubarry efectuar la consulta en forma inmediata de cualquier historia cl\u00ednica confeccionada en las salas perif\u00e9ricas<\/p>\n<p>Con la presencia del Intendente Carlos Selva, la directora de Salud Liliana Masserio, el m\u00e1ximo responsable del Hospital Blas L Dubarry, el Subsecretario de Modernizaci\u00f3n del Estado Maximiliano Chisnerman y Pablo Casciani integrante de la Direcci\u00f3n de Salud Municipal se puso en marcha ayer en las instalaciones del Centro Integrador Complementario (C.I:C) de calle 10 y 65 el programa denominado Sistema Mercedes Salud que consiste en la interconexi\u00f3n simult\u00e1nea a trav\u00e9s de internet de la totalidad de las Salas perif\u00e9ricas de Salud con los m\u00e9dicos que concurren a las mismas y el propio hospital formando una verdadera red en materia de atenci\u00f3n primaria de los vecinos que as\u00ed lo requieran.<\/p>\n<p>De acuerdo a los datos proporcionados especialmente por Pablo Casciani y Maximiliano Chisnerman tanto empleados administrativos como el personal de enfermer\u00eda de cada una de las salas podr\u00e1n informar la profesional m\u00e9dico que tenga que concurrir a cada sala cuantos turnos tiene de pacientes para atender y en general que patol\u00f3gicas presentas adem\u00e1s de adosar notas en cada una de las historias cl\u00ednicas existentes.<\/p>\n<p>Por su parte el medico ubicado en cualquiera de las salas que se encuentra funcionando podr\u00e1 contar con la informaci\u00f3n acerca de un paciente determinado que en  principio su historia cl\u00ednica de comenz\u00f3 a realizar en cualquiera de las restantes Salas, pero lo que el m\u00e9dico no podr\u00e1 hacer es borrar lo que ya se encuentra tipificado en la historia que consulta pero si modificar o reprogramar los turno en principio acordados como as\u00ed tambi\u00e9n establecer interconsultas con otros profesionales directamente con el hospital merced al convenio firmado entre la comuna y el centro asistencial provincial.<\/p>\n<p>Durante la puesta en funcionamiento del nuevo sistema hicieron uso de la palabra en primer t\u00e9rmino la Directora de Salud, luego del Subsecretario de Modernizaci\u00f3n del Estado, a continuaci\u00f3n Pablo Casciani y por ultimo lo hicieron el Director del hospital y el jefe comunal qui\u00e9n entre otros conceptos sostuvo \u201clo que hoy estamos haciendo es un paso important\u00edsimo, estas nuevas tecnolog\u00edas que est\u00e1n utilizando hace que el sistema que hemos logrado sea compatible hasta de manera internacional y o digo porque con esta tecnolog\u00eda cualquiera puede acceder en cualquier circunstancia o situaci\u00f3n en cualquier lugar del pa\u00eds llegar a poder consultar la historia cl\u00ednica de cualquier paciente que resida en la ciudad de Mercedes, somos vanguardistas en esto, es uno de los pasos m\u00e1s que damos   y en tal sentido estamos colocando WIFI abierto y gratuito en muchos lugares.<\/p>\n<p>En este trabajo que hemos venido haciendo hay muchas cosas, deber\u00eda decir la palabra tangible, que no se ven  y ha sido un paso progresivo de algo que hab\u00edamos decidido hace ya tres a\u00f1os.<\/p>\n<p>Este es un paso del desaf\u00edo del crecimiento para lo cual debemos prepararnos, esto es llegar con sistemas que nos permitan controlar desde cualquier sala la situaci\u00f3n de cualquier vecinos en materia de salud como as\u00ed tambi\u00e9n pretendemos desde cualquier lugar de la ciudad tener im\u00e1genes de lo que esta aconteciendo.<\/p>\n<p>Hemos venido trabajando mucho y muy fuerte pensando solo en que no hay un punto final, hay metas a las que vamos llegando a medida que la sociedad evoluciona y nos va exigiendo nuevas cosas.<\/p>\n<p>En los \u00faltimos tres a\u00f1os nuestra ciudad avanz\u00f3 en una forma que me hace sentir orgulloso, por un lado por los equipos t\u00e9cnicos que disponemos y una voluntad pol\u00edtica muy importante para poderlas lograr\u201d.<\/p>\n","protected":false},"excerpt":{"rendered":"<p>El intendente sostuvo que con el nuevo sistema llamado Mercedes Salud se puede acceder a la historia cl\u00ednica de cualquier &#8230; <a title=\"Se pudo en marcha la red de atenci\u00f3n en salud de Mercedes\" class=\"read-more\" href=\"https:\/\/www.hoymercedes.com.ar\/principal\/2011\/06\/23\/se-pudo-en-marcha-la-red-de-atencion-en-salud-de-mercedes\/\" aria-label=\"Leer m\u00e1s sobre Se pudo en marcha la red de atenci\u00f3n en salud de Mercedes\">Leer m\u00e1s<\/a><\/p>\n","protected":false},"author":1,"featured_media":0,"comment_status":"open","ping_status":"open","sticky":false,"template":"","format":"standard","meta":{"_monsterinsights_skip_tracking":false,"_monsterinsights_sitenote_active":false,"_monsterinsights_sitenote_note":"","_monsterinsights_sitenote_category":0,"jetpack_post_was_ever_published":false,"_jetpack_newsletter_access":"","_jetpack_dont_email_post_to_subs":false,"_jetpack_newsletter_tier_id":0,"_jetpack_memberships_contains_paywalled_content":false,"_jetpack_memberships_contains_paid_content":false,"footnotes":"","jetpack_publicize_message":"","jetpack_publicize_feature_enabled":true,"jetpack_social_post_already_shared":false,"jetpack_social_options":{"image_generator_settings":{"template":"highway","default_image_id":0,"font":"","enabled":false},"version":2},"_wpas_customize_per_network":false},"categories":[30],"tags":[10,197,134,18],"class_list":["post-5187","post","type-post","status-publish","format-standard","hentry","category-municipio","tag-mercedes","tag-municipalidad-de-mercedes","tag-salud","tag-selva","generate-columns","tablet-grid-50","mobile-grid-100","grid-parent","grid-50"],"jetpack_publicize_connections":[],"jetpack_featured_media_url":"","wps_subtitle":"","jetpack_sharing_enabled":true,"_links":{"self":[{"href":"https:\/\/www.hoymercedes.com.ar\/principal\/wp-json\/wp\/v2\/posts\/5187","targetHints":{"allow":["GET"]}}],"collection":[{"href":"https:\/\/www.hoymercedes.com.ar\/principal\/wp-json\/wp\/v2\/posts"}],"about":[{"href":"https:\/\/www.hoymercedes.com.ar\/principal\/wp-json\/wp\/v2\/types\/post"}],"author":[{"embeddable":true,"href":"https:\/\/www.hoymercedes.com.ar\/principal\/wp-json\/wp\/v2\/users\/1"}],"replies":[{"embeddable":true,"href":"https:\/\/www.hoymercedes.com.ar\/principal\/wp-json\/wp\/v2\/comments?post=5187"}],"version-history":[{"count":0,"href":"https:\/\/www.hoymercedes.com.ar\/principal\/wp-json\/wp\/v2\/posts\/5187\/revisions"}],"wp:attachment":[{"href":"https:\/\/www.hoymercedes.com.ar\/principal\/wp-json\/wp\/v2\/media?parent=5187"}],"wp:term":[{"taxonomy":"category","embeddable":true,"href":"https:\/\/www.hoymercedes.com.ar\/principal\/wp-json\/wp\/v2\/categories?post=5187"},{"taxonomy":"post_tag","embeddable":true,"href":"https:\/\/www.hoymercedes.com.ar\/principal\/wp-json\/wp\/v2\/tags?post=5187"}],"curies":[{"name":"wp","href":"https:\/\/api.w.org\/{rel}","templated":true}]}}