{"id":51876,"date":"2016-06-28T23:37:11","date_gmt":"2016-06-29T02:37:11","guid":{"rendered":"http:\/\/www.hoymercedes.com.ar\/principal\/?p=51876"},"modified":"2016-06-28T23:37:11","modified_gmt":"2016-06-29T02:37:11","slug":"destacada-presencia-de-vecinos-en-convocatoria-del-ejecutivo-contra-el-tarifazo","status":"publish","type":"post","link":"https:\/\/www.hoymercedes.com.ar\/principal\/2016\/06\/28\/destacada-presencia-de-vecinos-en-convocatoria-del-ejecutivo-contra-el-tarifazo\/","title":{"rendered":"Destacada presencia de vecinos en convocatoria del Ejecutivo contra el tarifazo"},"content":{"rendered":"<figure id=\"attachment_51877\" aria-describedby=\"caption-attachment-51877\" style=\"width: 620px\" class=\"wp-caption aligncenter\"><img loading=\"lazy\" decoding=\"async\" data-attachment-id=\"51877\" data-permalink=\"https:\/\/www.hoymercedes.com.ar\/principal\/2016\/06\/28\/destacada-presencia-de-vecinos-en-convocatoria-del-ejecutivo-contra-el-tarifazo\/contra-tarifazodsc_0394\/#main\" data-orig-file=\"https:\/\/www.hoymercedes.com.ar\/principal\/wp-content\/uploads\/2016\/06\/contra-tarifazoDSC_0394.jpg\" data-orig-size=\"1200,798\" data-comments-opened=\"1\" data-image-meta=\"{&quot;aperture&quot;:&quot;3.5&quot;,&quot;credit&quot;:&quot;&quot;,&quot;camera&quot;:&quot;NIKON D3200&quot;,&quot;caption&quot;:&quot;&quot;,&quot;created_timestamp&quot;:&quot;1467140643&quot;,&quot;copyright&quot;:&quot;&quot;,&quot;focal_length&quot;:&quot;18&quot;,&quot;iso&quot;:&quot;3200&quot;,&quot;shutter_speed&quot;:&quot;0.016666666666667&quot;,&quot;title&quot;:&quot;&quot;,&quot;orientation&quot;:&quot;0&quot;}\" data-image-title=\"contra-tarifazoDSC_0394\" data-image-description=\"\" data-image-caption=\"&lt;p&gt;Importante participaci\u00f3n de vecinos&lt;\/p&gt;\n\" data-large-file=\"https:\/\/www.hoymercedes.com.ar\/principal\/wp-content\/uploads\/2016\/06\/contra-tarifazoDSC_0394-1024x681.jpg\" class=\"wp-image-51877 size-medium\" src=\"https:\/\/www.hoymercedes.com.ar\/principal\/wp-content\/uploads\/2016\/06\/contra-tarifazoDSC_0394-630x419.jpg\" alt=\"Importante participaci\u00f3n de vecinos\" width=\"630\" height=\"419\" srcset=\"https:\/\/www.hoymercedes.com.ar\/principal\/wp-content\/uploads\/2016\/06\/contra-tarifazoDSC_0394-630x419.jpg 630w, https:\/\/www.hoymercedes.com.ar\/principal\/wp-content\/uploads\/2016\/06\/contra-tarifazoDSC_0394-150x100.jpg 150w, https:\/\/www.hoymercedes.com.ar\/principal\/wp-content\/uploads\/2016\/06\/contra-tarifazoDSC_0394-1024x681.jpg 1024w, https:\/\/www.hoymercedes.com.ar\/principal\/wp-content\/uploads\/2016\/06\/contra-tarifazoDSC_0394-300x200.jpg 300w, https:\/\/www.hoymercedes.com.ar\/principal\/wp-content\/uploads\/2016\/06\/contra-tarifazoDSC_0394.jpg 1200w\" sizes=\"auto, (max-width: 630px) 100vw, 630px\" \/><figcaption id=\"caption-attachment-51877\" class=\"wp-caption-text\">Importante participaci\u00f3n de vecinos<\/figcaption><\/figure>\n<p>&nbsp;<\/p>\n<p><strong>Una importante cantidad de vecinos se hizo presente en el Palacio Municipal tras la convocatoria del Ejecutivo para empezar a efectuar un camino de rechazo al fuerte tarifazo que lleg\u00f3 a las familias locales. Ustarroz afirm\u00f3 que pondr\u00e1 \u201ctodo lo necesario\u201d para \u201cdefender al vecino\u201d y se eval\u00faa la v\u00eda judicial.<\/strong><\/p>\n<p>Tras arribar los recibos de gas con un gran impacto en las tarifas que en algunos casos pas\u00f3 de $300 a $3600, tal como mostr\u00f3 un vecino, la Comuna convoc\u00f3 a acercarse al Palacio Municipal para sumarse a un reclamo colectivo encabezado por el Departamento Ejecutivo. Fue as\u00ed que m\u00e1s de un centenar de mercedinos llev\u00f3 su factura con aumento y la misma del periodo correspondiente al a\u00f1o pasado para graficar el impacto y dar copia a la gesti\u00f3n municipal que ser\u00e1 quien impulse el reclamo colectivo en defensa de la ciudadan\u00eda.<\/p>\n<p><span class=\"embed-youtube\" style=\"text-align:center; display: block;\"><iframe loading=\"lazy\" class=\"youtube-player\" width=\"1200\" height=\"675\" src=\"https:\/\/www.youtube.com\/embed\/R3qdePIyY7Q?version=3&#038;rel=1&#038;showsearch=0&#038;showinfo=1&#038;iv_load_policy=1&#038;fs=1&#038;hl=es-ES&#038;autohide=2&#038;wmode=transparent\" allowfullscreen=\"true\" style=\"border:0;\" sandbox=\"allow-scripts allow-same-origin allow-popups allow-presentation allow-popups-to-escape-sandbox\"><\/iframe><\/span><\/p>\n<p>Desde la escalinata el intendente Ustarroz dialog\u00f3 con los presentes, expuso el estado de situaci\u00f3n, los pasos a seguir, cuestiones legales, pol\u00edticas y administrativas para intercambiar con los vecinos opiniones y reflexiones.<\/p>\n<p>Para hacer m\u00e1s r\u00e1pido el intercambio se abrieron varias oficinas, como la Secretar\u00eda de Gobierno, el Concejo Deliberante, la Secretar\u00eda Privada, la Coordinaci\u00f3n de Recursos Humanos y funcionarios, empleados y adherentes sacaron fotocopias, entregaron planillas, dieron folleter\u00eda y explicaron a cada vecino cualquier duda que surg\u00eda en el tr\u00e1mite y la gesti\u00f3n que se inicia.<\/p>\n<p><strong>Juan Ignacio Ustarroz<\/strong> coment\u00f3 que: \u201cla verdad vino mucha gente. A uno le sorprende grandemente el impacto de \u00e9ste tarifazo donde hay gente que tiene un incremento en t\u00e9rminos reales del 2500 por ciento y personas que pagaban $300 ahora pagan hasta $5000. Esto genera un clima de bronca, de angustia, de desesperaci\u00f3n por parte de la gente. Los vecinos se vieron afectados, pero tambi\u00e9n las instituciones, como clubes, escuelas, escuelas privadas, comerciantes, las pymes, el sector de la producci\u00f3n que al incrementarse de esta manera la luz y el gas se traslada lamentablemente para ellos a la estructura de costos y caemos en algo que en lugar de atacar la inflaci\u00f3n parece se tira nafta al fuego y se genera la angustia en la gente que ve que en todos los espacios recibe los aumentos del tarifazo generalizado\u201d sostuvo y luego coment\u00f3: \u201choy vimos ac\u00e1 el caso de Elsa. Tiene una jubilaci\u00f3n que de cerca de nueve mil pesos y le vino m\u00e1s de cinco mil de gas, eso hace imposible que pueda vivir\u201d narrando una de las voces que se pudo o\u00edr en el encuentro.<\/p>\n<p>El primer mandatario tambi\u00e9n efectu\u00f3 una reflexi\u00f3n respecto al panorama general, expresando que: \u201cnos aumenta la luz, el gas, todos los servicios, no uno s\u00f3lo. Es por eso que ni siquiera est\u00e1 la posibilidad de ahorrar en algo para pagar lo otro. Ac\u00e1 es en todos los niveles y campos el aumento que no para de golpear las econom\u00edas dom\u00e9sticas generando un grav\u00edsimo perjuicio. La poblaci\u00f3n compara y se da cuenta de la gravedad situacional\u201d.<\/p>\n<p>La tarde fue un momento de encuentro ciudadano que promete continuar dado que se vendr\u00e1n nuevos cap\u00edtulos en los pr\u00f3ximos d\u00edas. Con m\u00e1s junta de firmas, entrega de documentaci\u00f3n por parte de los ciudadanos y con las acciones judiciales que se iniciar\u00e1n.<\/p>\n<p><img loading=\"lazy\" decoding=\"async\" data-attachment-id=\"51878\" data-permalink=\"https:\/\/www.hoymercedes.com.ar\/principal\/2016\/06\/28\/destacada-presencia-de-vecinos-en-convocatoria-del-ejecutivo-contra-el-tarifazo\/contra-tarifazodsc_0397\/#main\" data-orig-file=\"https:\/\/www.hoymercedes.com.ar\/principal\/wp-content\/uploads\/2016\/06\/contra-tarifazoDSC_0397.jpg\" data-orig-size=\"1200,798\" data-comments-opened=\"1\" data-image-meta=\"{&quot;aperture&quot;:&quot;5.6&quot;,&quot;credit&quot;:&quot;&quot;,&quot;camera&quot;:&quot;NIKON D3200&quot;,&quot;caption&quot;:&quot;&quot;,&quot;created_timestamp&quot;:&quot;1467140656&quot;,&quot;copyright&quot;:&quot;&quot;,&quot;focal_length&quot;:&quot;50&quot;,&quot;iso&quot;:&quot;3200&quot;,&quot;shutter_speed&quot;:&quot;0.016666666666667&quot;,&quot;title&quot;:&quot;&quot;,&quot;orientation&quot;:&quot;0&quot;}\" data-image-title=\"contra-tarifazoDSC_0397\" data-image-description=\"\" data-image-caption=\"\" data-large-file=\"https:\/\/www.hoymercedes.com.ar\/principal\/wp-content\/uploads\/2016\/06\/contra-tarifazoDSC_0397-1024x681.jpg\" class=\"aligncenter size-medium wp-image-51878\" src=\"https:\/\/www.hoymercedes.com.ar\/principal\/wp-content\/uploads\/2016\/06\/contra-tarifazoDSC_0397-630x419.jpg\" alt=\"contra-tarifazoDSC_0397\" width=\"630\" height=\"419\" srcset=\"https:\/\/www.hoymercedes.com.ar\/principal\/wp-content\/uploads\/2016\/06\/contra-tarifazoDSC_0397-630x419.jpg 630w, https:\/\/www.hoymercedes.com.ar\/principal\/wp-content\/uploads\/2016\/06\/contra-tarifazoDSC_0397-150x100.jpg 150w, https:\/\/www.hoymercedes.com.ar\/principal\/wp-content\/uploads\/2016\/06\/contra-tarifazoDSC_0397-1024x681.jpg 1024w, https:\/\/www.hoymercedes.com.ar\/principal\/wp-content\/uploads\/2016\/06\/contra-tarifazoDSC_0397-300x200.jpg 300w, https:\/\/www.hoymercedes.com.ar\/principal\/wp-content\/uploads\/2016\/06\/contra-tarifazoDSC_0397.jpg 1200w\" sizes=\"auto, (max-width: 630px) 100vw, 630px\" \/><\/p>\n<p><img loading=\"lazy\" decoding=\"async\" data-attachment-id=\"51879\" data-permalink=\"https:\/\/www.hoymercedes.com.ar\/principal\/2016\/06\/28\/destacada-presencia-de-vecinos-en-convocatoria-del-ejecutivo-contra-el-tarifazo\/contra-tarifazodsc_0400\/#main\" data-orig-file=\"https:\/\/www.hoymercedes.com.ar\/principal\/wp-content\/uploads\/2016\/06\/contra-tarifazoDSC_0400.jpg\" data-orig-size=\"1200,798\" data-comments-opened=\"1\" data-image-meta=\"{&quot;aperture&quot;:&quot;3.5&quot;,&quot;credit&quot;:&quot;&quot;,&quot;camera&quot;:&quot;NIKON D3200&quot;,&quot;caption&quot;:&quot;&quot;,&quot;created_timestamp&quot;:&quot;1467140664&quot;,&quot;copyright&quot;:&quot;&quot;,&quot;focal_length&quot;:&quot;18&quot;,&quot;iso&quot;:&quot;3200&quot;,&quot;shutter_speed&quot;:&quot;0.016666666666667&quot;,&quot;title&quot;:&quot;&quot;,&quot;orientation&quot;:&quot;0&quot;}\" data-image-title=\"contra-tarifazoDSC_0400\" data-image-description=\"\" data-image-caption=\"\" data-large-file=\"https:\/\/www.hoymercedes.com.ar\/principal\/wp-content\/uploads\/2016\/06\/contra-tarifazoDSC_0400-1024x681.jpg\" class=\"aligncenter size-medium wp-image-51879\" src=\"https:\/\/www.hoymercedes.com.ar\/principal\/wp-content\/uploads\/2016\/06\/contra-tarifazoDSC_0400-630x419.jpg\" alt=\"contra-tarifazoDSC_0400\" width=\"630\" height=\"419\" srcset=\"https:\/\/www.hoymercedes.com.ar\/principal\/wp-content\/uploads\/2016\/06\/contra-tarifazoDSC_0400-630x419.jpg 630w, https:\/\/www.hoymercedes.com.ar\/principal\/wp-content\/uploads\/2016\/06\/contra-tarifazoDSC_0400-150x100.jpg 150w, https:\/\/www.hoymercedes.com.ar\/principal\/wp-content\/uploads\/2016\/06\/contra-tarifazoDSC_0400-1024x681.jpg 1024w, https:\/\/www.hoymercedes.com.ar\/principal\/wp-content\/uploads\/2016\/06\/contra-tarifazoDSC_0400-300x200.jpg 300w, https:\/\/www.hoymercedes.com.ar\/principal\/wp-content\/uploads\/2016\/06\/contra-tarifazoDSC_0400.jpg 1200w\" sizes=\"auto, (max-width: 630px) 100vw, 630px\" \/><\/p>\n<p><img loading=\"lazy\" decoding=\"async\" data-attachment-id=\"51880\" data-permalink=\"https:\/\/www.hoymercedes.com.ar\/principal\/2016\/06\/28\/destacada-presencia-de-vecinos-en-convocatoria-del-ejecutivo-contra-el-tarifazo\/contra-tarifazodsc_0408\/#main\" data-orig-file=\"https:\/\/www.hoymercedes.com.ar\/principal\/wp-content\/uploads\/2016\/06\/contra-tarifazoDSC_0408.jpg\" data-orig-size=\"1200,798\" data-comments-opened=\"1\" data-image-meta=\"{&quot;aperture&quot;:&quot;4.8&quot;,&quot;credit&quot;:&quot;&quot;,&quot;camera&quot;:&quot;NIKON D3200&quot;,&quot;caption&quot;:&quot;&quot;,&quot;created_timestamp&quot;:&quot;1467142261&quot;,&quot;copyright&quot;:&quot;&quot;,&quot;focal_length&quot;:&quot;38&quot;,&quot;iso&quot;:&quot;500&quot;,&quot;shutter_speed&quot;:&quot;0.066666666666667&quot;,&quot;title&quot;:&quot;&quot;,&quot;orientation&quot;:&quot;0&quot;}\" data-image-title=\"contra-tarifazoDSC_0408\" data-image-description=\"\" data-image-caption=\"\" data-large-file=\"https:\/\/www.hoymercedes.com.ar\/principal\/wp-content\/uploads\/2016\/06\/contra-tarifazoDSC_0408-1024x681.jpg\" class=\"aligncenter size-medium wp-image-51880\" src=\"https:\/\/www.hoymercedes.com.ar\/principal\/wp-content\/uploads\/2016\/06\/contra-tarifazoDSC_0408-630x419.jpg\" alt=\"contra-tarifazoDSC_0408\" width=\"630\" height=\"419\" srcset=\"https:\/\/www.hoymercedes.com.ar\/principal\/wp-content\/uploads\/2016\/06\/contra-tarifazoDSC_0408-630x419.jpg 630w, https:\/\/www.hoymercedes.com.ar\/principal\/wp-content\/uploads\/2016\/06\/contra-tarifazoDSC_0408-150x100.jpg 150w, https:\/\/www.hoymercedes.com.ar\/principal\/wp-content\/uploads\/2016\/06\/contra-tarifazoDSC_0408-1024x681.jpg 1024w, https:\/\/www.hoymercedes.com.ar\/principal\/wp-content\/uploads\/2016\/06\/contra-tarifazoDSC_0408-300x200.jpg 300w, https:\/\/www.hoymercedes.com.ar\/principal\/wp-content\/uploads\/2016\/06\/contra-tarifazoDSC_0408.jpg 1200w\" sizes=\"auto, (max-width: 630px) 100vw, 630px\" \/><\/p>\n<p><img loading=\"lazy\" decoding=\"async\" data-attachment-id=\"51885\" data-permalink=\"https:\/\/www.hoymercedes.com.ar\/principal\/2016\/06\/28\/destacada-presencia-de-vecinos-en-convocatoria-del-ejecutivo-contra-el-tarifazo\/contra-tarifazodsc_0420\/#main\" data-orig-file=\"https:\/\/www.hoymercedes.com.ar\/principal\/wp-content\/uploads\/2016\/06\/contra-tarifazoDSC_0420.jpg\" data-orig-size=\"1200,798\" data-comments-opened=\"1\" data-image-meta=\"{&quot;aperture&quot;:&quot;4.8&quot;,&quot;credit&quot;:&quot;&quot;,&quot;camera&quot;:&quot;NIKON D3200&quot;,&quot;caption&quot;:&quot;&quot;,&quot;created_timestamp&quot;:&quot;1467142417&quot;,&quot;copyright&quot;:&quot;&quot;,&quot;focal_length&quot;:&quot;36&quot;,&quot;iso&quot;:&quot;500&quot;,&quot;shutter_speed&quot;:&quot;0.066666666666667&quot;,&quot;title&quot;:&quot;&quot;,&quot;orientation&quot;:&quot;0&quot;}\" data-image-title=\"contra-tarifazoDSC_0420\" data-image-description=\"\" data-image-caption=\"\" data-large-file=\"https:\/\/www.hoymercedes.com.ar\/principal\/wp-content\/uploads\/2016\/06\/contra-tarifazoDSC_0420-1024x681.jpg\" class=\"aligncenter size-medium wp-image-51885\" src=\"https:\/\/www.hoymercedes.com.ar\/principal\/wp-content\/uploads\/2016\/06\/contra-tarifazoDSC_0420-630x419.jpg\" alt=\"contra-tarifazoDSC_0420\" width=\"630\" height=\"419\" srcset=\"https:\/\/www.hoymercedes.com.ar\/principal\/wp-content\/uploads\/2016\/06\/contra-tarifazoDSC_0420-630x419.jpg 630w, https:\/\/www.hoymercedes.com.ar\/principal\/wp-content\/uploads\/2016\/06\/contra-tarifazoDSC_0420-150x100.jpg 150w, https:\/\/www.hoymercedes.com.ar\/principal\/wp-content\/uploads\/2016\/06\/contra-tarifazoDSC_0420-1024x681.jpg 1024w, https:\/\/www.hoymercedes.com.ar\/principal\/wp-content\/uploads\/2016\/06\/contra-tarifazoDSC_0420-300x200.jpg 300w, https:\/\/www.hoymercedes.com.ar\/principal\/wp-content\/uploads\/2016\/06\/contra-tarifazoDSC_0420.jpg 1200w\" sizes=\"auto, (max-width: 630px) 100vw, 630px\" \/><\/p>\n<p><img loading=\"lazy\" decoding=\"async\" data-attachment-id=\"51881\" data-permalink=\"https:\/\/www.hoymercedes.com.ar\/principal\/2016\/06\/28\/destacada-presencia-de-vecinos-en-convocatoria-del-ejecutivo-contra-el-tarifazo\/contra-tarifazodsc_0409\/#main\" data-orig-file=\"https:\/\/www.hoymercedes.com.ar\/principal\/wp-content\/uploads\/2016\/06\/contra-tarifazoDSC_0409.jpg\" data-orig-size=\"1200,798\" data-comments-opened=\"1\" data-image-meta=\"{&quot;aperture&quot;:&quot;5&quot;,&quot;credit&quot;:&quot;&quot;,&quot;camera&quot;:&quot;NIKON D3200&quot;,&quot;caption&quot;:&quot;&quot;,&quot;created_timestamp&quot;:&quot;1467142268&quot;,&quot;copyright&quot;:&quot;&quot;,&quot;focal_length&quot;:&quot;42&quot;,&quot;iso&quot;:&quot;500&quot;,&quot;shutter_speed&quot;:&quot;0.066666666666667&quot;,&quot;title&quot;:&quot;&quot;,&quot;orientation&quot;:&quot;0&quot;}\" data-image-title=\"contra-tarifazoDSC_0409\" data-image-description=\"\" data-image-caption=\"\" data-large-file=\"https:\/\/www.hoymercedes.com.ar\/principal\/wp-content\/uploads\/2016\/06\/contra-tarifazoDSC_0409-1024x681.jpg\" class=\"aligncenter size-medium wp-image-51881\" src=\"https:\/\/www.hoymercedes.com.ar\/principal\/wp-content\/uploads\/2016\/06\/contra-tarifazoDSC_0409-630x419.jpg\" alt=\"contra-tarifazoDSC_0409\" width=\"630\" height=\"419\" srcset=\"https:\/\/www.hoymercedes.com.ar\/principal\/wp-content\/uploads\/2016\/06\/contra-tarifazoDSC_0409-630x419.jpg 630w, https:\/\/www.hoymercedes.com.ar\/principal\/wp-content\/uploads\/2016\/06\/contra-tarifazoDSC_0409-150x100.jpg 150w, https:\/\/www.hoymercedes.com.ar\/principal\/wp-content\/uploads\/2016\/06\/contra-tarifazoDSC_0409-1024x681.jpg 1024w, https:\/\/www.hoymercedes.com.ar\/principal\/wp-content\/uploads\/2016\/06\/contra-tarifazoDSC_0409-300x200.jpg 300w, https:\/\/www.hoymercedes.com.ar\/principal\/wp-content\/uploads\/2016\/06\/contra-tarifazoDSC_0409.jpg 1200w\" sizes=\"auto, (max-width: 630px) 100vw, 630px\" \/><\/p>\n<p><img loading=\"lazy\" decoding=\"async\" data-attachment-id=\"51882\" data-permalink=\"https:\/\/www.hoymercedes.com.ar\/principal\/2016\/06\/28\/destacada-presencia-de-vecinos-en-convocatoria-del-ejecutivo-contra-el-tarifazo\/contra-tarifazodsc_0414\/#main\" data-orig-file=\"https:\/\/www.hoymercedes.com.ar\/principal\/wp-content\/uploads\/2016\/06\/contra-tarifazoDSC_0414.jpg\" data-orig-size=\"1200,798\" data-comments-opened=\"1\" data-image-meta=\"{&quot;aperture&quot;:&quot;3.5&quot;,&quot;credit&quot;:&quot;&quot;,&quot;camera&quot;:&quot;NIKON D3200&quot;,&quot;caption&quot;:&quot;&quot;,&quot;created_timestamp&quot;:&quot;1467142313&quot;,&quot;copyright&quot;:&quot;&quot;,&quot;focal_length&quot;:&quot;18&quot;,&quot;iso&quot;:&quot;560&quot;,&quot;shutter_speed&quot;:&quot;0.066666666666667&quot;,&quot;title&quot;:&quot;&quot;,&quot;orientation&quot;:&quot;0&quot;}\" data-image-title=\"contra-tarifazoDSC_0414\" data-image-description=\"\" data-image-caption=\"\" data-large-file=\"https:\/\/www.hoymercedes.com.ar\/principal\/wp-content\/uploads\/2016\/06\/contra-tarifazoDSC_0414-1024x681.jpg\" class=\"aligncenter size-medium wp-image-51882\" src=\"https:\/\/www.hoymercedes.com.ar\/principal\/wp-content\/uploads\/2016\/06\/contra-tarifazoDSC_0414-630x419.jpg\" alt=\"contra-tarifazoDSC_0414\" width=\"630\" height=\"419\" srcset=\"https:\/\/www.hoymercedes.com.ar\/principal\/wp-content\/uploads\/2016\/06\/contra-tarifazoDSC_0414-630x419.jpg 630w, https:\/\/www.hoymercedes.com.ar\/principal\/wp-content\/uploads\/2016\/06\/contra-tarifazoDSC_0414-150x100.jpg 150w, https:\/\/www.hoymercedes.com.ar\/principal\/wp-content\/uploads\/2016\/06\/contra-tarifazoDSC_0414-1024x681.jpg 1024w, https:\/\/www.hoymercedes.com.ar\/principal\/wp-content\/uploads\/2016\/06\/contra-tarifazoDSC_0414-300x200.jpg 300w, https:\/\/www.hoymercedes.com.ar\/principal\/wp-content\/uploads\/2016\/06\/contra-tarifazoDSC_0414.jpg 1200w\" sizes=\"auto, (max-width: 630px) 100vw, 630px\" \/><\/p>\n<p><img loading=\"lazy\" decoding=\"async\" data-attachment-id=\"51886\" data-permalink=\"https:\/\/www.hoymercedes.com.ar\/principal\/2016\/06\/28\/destacada-presencia-de-vecinos-en-convocatoria-del-ejecutivo-contra-el-tarifazo\/contra-tarifazodsc_0426\/#main\" data-orig-file=\"https:\/\/www.hoymercedes.com.ar\/principal\/wp-content\/uploads\/2016\/06\/contra-tarifazoDSC_0426.jpg\" data-orig-size=\"1200,798\" data-comments-opened=\"1\" data-image-meta=\"{&quot;aperture&quot;:&quot;3.5&quot;,&quot;credit&quot;:&quot;&quot;,&quot;camera&quot;:&quot;NIKON D3200&quot;,&quot;caption&quot;:&quot;&quot;,&quot;created_timestamp&quot;:&quot;1467142636&quot;,&quot;copyright&quot;:&quot;&quot;,&quot;focal_length&quot;:&quot;18&quot;,&quot;iso&quot;:&quot;450&quot;,&quot;shutter_speed&quot;:&quot;0.066666666666667&quot;,&quot;title&quot;:&quot;&quot;,&quot;orientation&quot;:&quot;0&quot;}\" data-image-title=\"contra-tarifazoDSC_0426\" data-image-description=\"\" data-image-caption=\"\" data-large-file=\"https:\/\/www.hoymercedes.com.ar\/principal\/wp-content\/uploads\/2016\/06\/contra-tarifazoDSC_0426-1024x681.jpg\" class=\"aligncenter size-medium wp-image-51886\" src=\"https:\/\/www.hoymercedes.com.ar\/principal\/wp-content\/uploads\/2016\/06\/contra-tarifazoDSC_0426-630x419.jpg\" alt=\"contra-tarifazoDSC_0426\" width=\"630\" height=\"419\" srcset=\"https:\/\/www.hoymercedes.com.ar\/principal\/wp-content\/uploads\/2016\/06\/contra-tarifazoDSC_0426-630x419.jpg 630w, https:\/\/www.hoymercedes.com.ar\/principal\/wp-content\/uploads\/2016\/06\/contra-tarifazoDSC_0426-150x100.jpg 150w, https:\/\/www.hoymercedes.com.ar\/principal\/wp-content\/uploads\/2016\/06\/contra-tarifazoDSC_0426-1024x681.jpg 1024w, https:\/\/www.hoymercedes.com.ar\/principal\/wp-content\/uploads\/2016\/06\/contra-tarifazoDSC_0426-300x200.jpg 300w, https:\/\/www.hoymercedes.com.ar\/principal\/wp-content\/uploads\/2016\/06\/contra-tarifazoDSC_0426.jpg 1200w\" sizes=\"auto, (max-width: 630px) 100vw, 630px\" \/><\/p>\n<p><img loading=\"lazy\" decoding=\"async\" data-attachment-id=\"51883\" data-permalink=\"https:\/\/www.hoymercedes.com.ar\/principal\/2016\/06\/28\/destacada-presencia-de-vecinos-en-convocatoria-del-ejecutivo-contra-el-tarifazo\/contra-tarifazodsc_0415\/#main\" data-orig-file=\"https:\/\/www.hoymercedes.com.ar\/principal\/wp-content\/uploads\/2016\/06\/contra-tarifazoDSC_0415.jpg\" data-orig-size=\"1200,798\" data-comments-opened=\"1\" data-image-meta=\"{&quot;aperture&quot;:&quot;3.5&quot;,&quot;credit&quot;:&quot;&quot;,&quot;camera&quot;:&quot;NIKON D3200&quot;,&quot;caption&quot;:&quot;&quot;,&quot;created_timestamp&quot;:&quot;1467142331&quot;,&quot;copyright&quot;:&quot;&quot;,&quot;focal_length&quot;:&quot;18&quot;,&quot;iso&quot;:&quot;3200&quot;,&quot;shutter_speed&quot;:&quot;0.016666666666667&quot;,&quot;title&quot;:&quot;&quot;,&quot;orientation&quot;:&quot;0&quot;}\" data-image-title=\"contra-tarifazoDSC_0415\" data-image-description=\"\" data-image-caption=\"\" data-large-file=\"https:\/\/www.hoymercedes.com.ar\/principal\/wp-content\/uploads\/2016\/06\/contra-tarifazoDSC_0415-1024x681.jpg\" class=\"aligncenter size-medium wp-image-51883\" src=\"https:\/\/www.hoymercedes.com.ar\/principal\/wp-content\/uploads\/2016\/06\/contra-tarifazoDSC_0415-630x419.jpg\" alt=\"contra-tarifazoDSC_0415\" width=\"630\" height=\"419\" srcset=\"https:\/\/www.hoymercedes.com.ar\/principal\/wp-content\/uploads\/2016\/06\/contra-tarifazoDSC_0415-630x419.jpg 630w, https:\/\/www.hoymercedes.com.ar\/principal\/wp-content\/uploads\/2016\/06\/contra-tarifazoDSC_0415-150x100.jpg 150w, https:\/\/www.hoymercedes.com.ar\/principal\/wp-content\/uploads\/2016\/06\/contra-tarifazoDSC_0415-1024x681.jpg 1024w, https:\/\/www.hoymercedes.com.ar\/principal\/wp-content\/uploads\/2016\/06\/contra-tarifazoDSC_0415-300x200.jpg 300w, https:\/\/www.hoymercedes.com.ar\/principal\/wp-content\/uploads\/2016\/06\/contra-tarifazoDSC_0415.jpg 1200w\" sizes=\"auto, (max-width: 630px) 100vw, 630px\" \/><\/p>\n<p><img loading=\"lazy\" decoding=\"async\" data-attachment-id=\"51884\" data-permalink=\"https:\/\/www.hoymercedes.com.ar\/principal\/2016\/06\/28\/destacada-presencia-de-vecinos-en-convocatoria-del-ejecutivo-contra-el-tarifazo\/contra-tarifazodsc_0416\/#main\" data-orig-file=\"https:\/\/www.hoymercedes.com.ar\/principal\/wp-content\/uploads\/2016\/06\/contra-tarifazoDSC_0416.jpg\" data-orig-size=\"1200,798\" data-comments-opened=\"1\" data-image-meta=\"{&quot;aperture&quot;:&quot;5.3&quot;,&quot;credit&quot;:&quot;&quot;,&quot;camera&quot;:&quot;NIKON D3200&quot;,&quot;caption&quot;:&quot;&quot;,&quot;created_timestamp&quot;:&quot;1467142352&quot;,&quot;copyright&quot;:&quot;&quot;,&quot;focal_length&quot;:&quot;48&quot;,&quot;iso&quot;:&quot;1800&quot;,&quot;shutter_speed&quot;:&quot;0.066666666666667&quot;,&quot;title&quot;:&quot;&quot;,&quot;orientation&quot;:&quot;0&quot;}\" data-image-title=\"contra-tarifazoDSC_0416\" data-image-description=\"\" data-image-caption=\"\" data-large-file=\"https:\/\/www.hoymercedes.com.ar\/principal\/wp-content\/uploads\/2016\/06\/contra-tarifazoDSC_0416-1024x681.jpg\" class=\"aligncenter size-medium wp-image-51884\" src=\"https:\/\/www.hoymercedes.com.ar\/principal\/wp-content\/uploads\/2016\/06\/contra-tarifazoDSC_0416-630x419.jpg\" alt=\"contra-tarifazoDSC_0416\" width=\"630\" height=\"419\" srcset=\"https:\/\/www.hoymercedes.com.ar\/principal\/wp-content\/uploads\/2016\/06\/contra-tarifazoDSC_0416-630x419.jpg 630w, https:\/\/www.hoymercedes.com.ar\/principal\/wp-content\/uploads\/2016\/06\/contra-tarifazoDSC_0416-150x100.jpg 150w, https:\/\/www.hoymercedes.com.ar\/principal\/wp-content\/uploads\/2016\/06\/contra-tarifazoDSC_0416-1024x681.jpg 1024w, https:\/\/www.hoymercedes.com.ar\/principal\/wp-content\/uploads\/2016\/06\/contra-tarifazoDSC_0416-300x200.jpg 300w, https:\/\/www.hoymercedes.com.ar\/principal\/wp-content\/uploads\/2016\/06\/contra-tarifazoDSC_0416.jpg 1200w\" sizes=\"auto, (max-width: 630px) 100vw, 630px\" \/><\/p>\n","protected":false},"excerpt":{"rendered":"<p>&nbsp; Una importante cantidad de vecinos se hizo presente en el Palacio Municipal tras la convocatoria del Ejecutivo para empezar &#8230; <a title=\"Destacada presencia de vecinos en convocatoria del Ejecutivo contra el tarifazo\" class=\"read-more\" href=\"https:\/\/www.hoymercedes.com.ar\/principal\/2016\/06\/28\/destacada-presencia-de-vecinos-en-convocatoria-del-ejecutivo-contra-el-tarifazo\/\" aria-label=\"Leer m\u00e1s sobre Destacada presencia de vecinos en convocatoria del Ejecutivo contra el tarifazo\">Leer m\u00e1s<\/a><\/p>\n","protected":false},"author":1,"featured_media":51879,"comment_status":"open","ping_status":"open","sticky":false,"template":"","format":"standard","meta":{"_monsterinsights_skip_tracking":false,"_monsterinsights_sitenote_active":false,"_monsterinsights_sitenote_note":"","_monsterinsights_sitenote_category":0,"jetpack_post_was_ever_published":false,"_jetpack_newsletter_access":"","_jetpack_dont_email_post_to_subs":false,"_jetpack_newsletter_tier_id":0,"_jetpack_memberships_contains_paywalled_content":false,"_jetpack_memberships_contains_paid_content":false,"footnotes":"","jetpack_publicize_message":"","jetpack_publicize_feature_enabled":true,"jetpack_social_post_already_shared":true,"jetpack_social_options":{"image_generator_settings":{"template":"highway","default_image_id":0,"font":"","enabled":false},"version":2},"_wpas_customize_per_network":false},"categories":[8,5608],"tags":[9603,5946,9602,424],"class_list":["post-51876","post","type-post","status-publish","format-standard","has-post-thumbnail","hentry","category-sociedad","category-sin-categoria","tag-accion-legal-contra-tarifazo","tag-aumento-del-gas","tag-contra-el-tarifazo","tag-ustarroz","generate-columns","tablet-grid-50","mobile-grid-100","grid-parent","grid-50"],"jetpack_publicize_connections":[],"jetpack_featured_media_url":"https:\/\/www.hoymercedes.com.ar\/principal\/wp-content\/uploads\/2016\/06\/contra-tarifazoDSC_0400.jpg","wps_subtitle":"Contra el tarifazo","jetpack_sharing_enabled":true,"_links":{"self":[{"href":"https:\/\/www.hoymercedes.com.ar\/principal\/wp-json\/wp\/v2\/posts\/51876","targetHints":{"allow":["GET"]}}],"collection":[{"href":"https:\/\/www.hoymercedes.com.ar\/principal\/wp-json\/wp\/v2\/posts"}],"about":[{"href":"https:\/\/www.hoymercedes.com.ar\/principal\/wp-json\/wp\/v2\/types\/post"}],"author":[{"embeddable":true,"href":"https:\/\/www.hoymercedes.com.ar\/principal\/wp-json\/wp\/v2\/users\/1"}],"replies":[{"embeddable":true,"href":"https:\/\/www.hoymercedes.com.ar\/principal\/wp-json\/wp\/v2\/comments?post=51876"}],"version-history":[{"count":0,"href":"https:\/\/www.hoymercedes.com.ar\/principal\/wp-json\/wp\/v2\/posts\/51876\/revisions"}],"wp:featuredmedia":[{"embeddable":true,"href":"https:\/\/www.hoymercedes.com.ar\/principal\/wp-json\/wp\/v2\/media\/51879"}],"wp:attachment":[{"href":"https:\/\/www.hoymercedes.com.ar\/principal\/wp-json\/wp\/v2\/media?parent=51876"}],"wp:term":[{"taxonomy":"category","embeddable":true,"href":"https:\/\/www.hoymercedes.com.ar\/principal\/wp-json\/wp\/v2\/categories?post=51876"},{"taxonomy":"post_tag","embeddable":true,"href":"https:\/\/www.hoymercedes.com.ar\/principal\/wp-json\/wp\/v2\/tags?post=51876"}],"curies":[{"name":"wp","href":"https:\/\/api.w.org\/{rel}","templated":true}]}}