{"id":51889,"date":"2016-06-29T09:57:44","date_gmt":"2016-06-29T12:57:44","guid":{"rendered":"http:\/\/www.hoymercedes.com.ar\/principal\/?p=51889"},"modified":"2016-06-29T09:57:44","modified_gmt":"2016-06-29T12:57:44","slug":"monica-brown-presenta-libro-sobre-belgrano","status":"publish","type":"post","link":"https:\/\/www.hoymercedes.com.ar\/principal\/2016\/06\/29\/monica-brown-presenta-libro-sobre-belgrano\/","title":{"rendered":"M\u00f3nica Brown presenta libro sobre Belgrano"},"content":{"rendered":"<p>El\u00a0Instituto Belgraniano filial\u00a0Mercedes inform\u00f3 que el pr\u00f3ximo mi\u00e9rcoles 6 de julio su\u00a0Presidente, la Prof. Mar\u00eda M\u00f3nica Brown, presentar\u00e1 un libro de su autor\u00eda titulado \u00abBelgrano y el Rey Inca que no fue.\u00bb<\/p>\n<p>En homenaje a la presencia de Manuel Belgrano en el Congreso de Tucum\u00e1n de 1816 en el A\u00f1o del Bicentenario de la Independencia Nacional, dicha presentaci\u00f3n tendr\u00e1 lugar en el C\u00edrculo Mutual de Suboficiales Retirados, sito en Avenida 17 N\u00ba 261, a la hora 19.<\/p>\n<p><img loading=\"lazy\" decoding=\"async\" data-attachment-id=\"51890\" data-permalink=\"https:\/\/www.hoymercedes.com.ar\/principal\/2016\/06\/29\/monica-brown-presenta-libro-sobre-belgrano\/29-monica-brown\/#main\" data-orig-file=\"https:\/\/www.hoymercedes.com.ar\/principal\/wp-content\/uploads\/2016\/06\/29-Monica-brown.jpg\" data-orig-size=\"283,413\" data-comments-opened=\"1\" data-image-meta=\"{&quot;aperture&quot;:&quot;0&quot;,&quot;credit&quot;:&quot;&quot;,&quot;camera&quot;:&quot;&quot;,&quot;caption&quot;:&quot;&quot;,&quot;created_timestamp&quot;:&quot;0&quot;,&quot;copyright&quot;:&quot;&quot;,&quot;focal_length&quot;:&quot;0&quot;,&quot;iso&quot;:&quot;0&quot;,&quot;shutter_speed&quot;:&quot;0&quot;,&quot;title&quot;:&quot;&quot;,&quot;orientation&quot;:&quot;0&quot;}\" data-image-title=\"29 Monica brown\" data-image-description=\"\" data-image-caption=\"\" data-large-file=\"https:\/\/www.hoymercedes.com.ar\/principal\/wp-content\/uploads\/2016\/06\/29-Monica-brown.jpg\" class=\"aligncenter size-full wp-image-51890\" src=\"https:\/\/www.hoymercedes.com.ar\/principal\/wp-content\/uploads\/2016\/06\/29-Monica-brown.jpg\" alt=\"29 Monica brown\" width=\"283\" height=\"413\" srcset=\"https:\/\/www.hoymercedes.com.ar\/principal\/wp-content\/uploads\/2016\/06\/29-Monica-brown.jpg 283w, https:\/\/www.hoymercedes.com.ar\/principal\/wp-content\/uploads\/2016\/06\/29-Monica-brown-103x150.jpg 103w\" sizes=\"auto, (max-width: 283px) 100vw, 283px\" \/><\/p>\n","protected":false},"excerpt":{"rendered":"<p>El\u00a0Instituto Belgraniano filial\u00a0Mercedes inform\u00f3 que el pr\u00f3ximo mi\u00e9rcoles 6 de julio su\u00a0Presidente, la Prof. Mar\u00eda M\u00f3nica Brown, presentar\u00e1 un libro &#8230; <a title=\"M\u00f3nica Brown presenta libro sobre Belgrano\" class=\"read-more\" href=\"https:\/\/www.hoymercedes.com.ar\/principal\/2016\/06\/29\/monica-brown-presenta-libro-sobre-belgrano\/\" aria-label=\"Leer m\u00e1s sobre M\u00f3nica Brown presenta libro sobre Belgrano\">Leer m\u00e1s<\/a><\/p>\n","protected":false},"author":1,"featured_media":51890,"comment_status":"open","ping_status":"open","sticky":false,"template":"","format":"standard","meta":{"_monsterinsights_skip_tracking":false,"_monsterinsights_sitenote_active":false,"_monsterinsights_sitenote_note":"","_monsterinsights_sitenote_category":0,"jetpack_post_was_ever_published":false,"_jetpack_newsletter_access":"","_jetpack_dont_email_post_to_subs":false,"_jetpack_newsletter_tier_id":0,"_jetpack_memberships_contains_paywalled_content":false,"_jetpack_memberships_contains_paid_content":false,"footnotes":"","jetpack_publicize_message":"","jetpack_publicize_feature_enabled":true,"jetpack_social_post_already_shared":true,"jetpack_social_options":{"image_generator_settings":{"template":"highway","default_image_id":0,"font":"","enabled":false},"version":2},"_wpas_customize_per_network":false},"categories":[104],"tags":[592,7805,320,869,421],"class_list":["post-51889","post","type-post","status-publish","format-standard","has-post-thumbnail","hentry","category-cultura","tag-belgrano","tag-cultura","tag-historia","tag-libro","tag-monica-brown","generate-columns","tablet-grid-50","mobile-grid-100","grid-parent","grid-50"],"jetpack_publicize_connections":[],"jetpack_featured_media_url":"https:\/\/www.hoymercedes.com.ar\/principal\/wp-content\/uploads\/2016\/06\/29-Monica-brown.jpg","wps_subtitle":"El pr\u00f3ximo 6 de julio","jetpack_sharing_enabled":true,"_links":{"self":[{"href":"https:\/\/www.hoymercedes.com.ar\/principal\/wp-json\/wp\/v2\/posts\/51889","targetHints":{"allow":["GET"]}}],"collection":[{"href":"https:\/\/www.hoymercedes.com.ar\/principal\/wp-json\/wp\/v2\/posts"}],"about":[{"href":"https:\/\/www.hoymercedes.com.ar\/principal\/wp-json\/wp\/v2\/types\/post"}],"author":[{"embeddable":true,"href":"https:\/\/www.hoymercedes.com.ar\/principal\/wp-json\/wp\/v2\/users\/1"}],"replies":[{"embeddable":true,"href":"https:\/\/www.hoymercedes.com.ar\/principal\/wp-json\/wp\/v2\/comments?post=51889"}],"version-history":[{"count":0,"href":"https:\/\/www.hoymercedes.com.ar\/principal\/wp-json\/wp\/v2\/posts\/51889\/revisions"}],"wp:featuredmedia":[{"embeddable":true,"href":"https:\/\/www.hoymercedes.com.ar\/principal\/wp-json\/wp\/v2\/media\/51890"}],"wp:attachment":[{"href":"https:\/\/www.hoymercedes.com.ar\/principal\/wp-json\/wp\/v2\/media?parent=51889"}],"wp:term":[{"taxonomy":"category","embeddable":true,"href":"https:\/\/www.hoymercedes.com.ar\/principal\/wp-json\/wp\/v2\/categories?post=51889"},{"taxonomy":"post_tag","embeddable":true,"href":"https:\/\/www.hoymercedes.com.ar\/principal\/wp-json\/wp\/v2\/tags?post=51889"}],"curies":[{"name":"wp","href":"https:\/\/api.w.org\/{rel}","templated":true}]}}