{"id":51906,"date":"2016-06-29T16:49:12","date_gmt":"2016-06-29T19:49:12","guid":{"rendered":"http:\/\/www.hoymercedes.com.ar\/principal\/?p=51906"},"modified":"2016-06-29T11:55:44","modified_gmt":"2016-06-29T14:55:44","slug":"entregaron-utiles-escolares-para-los-internos","status":"publish","type":"post","link":"https:\/\/www.hoymercedes.com.ar\/principal\/2016\/06\/29\/entregaron-utiles-escolares-para-los-internos\/","title":{"rendered":"Entregaron \u00fatiles escolares para los internos"},"content":{"rendered":"<p>Se llev\u00f3 a cabo la entrega de importante cantidad de \u00fatiles escolares\u00a0 por parte de la Subdirecci\u00f3n General de Educaci\u00f3n del Servicio Penitenciario Bonaerense para los internos que estudian en alguna de las instituciones educativas que funcionan dentro de la Unidad Penitenciaria N\u00ba 5 de Mercedes.<\/p>\n<p>Los Directivos de la Escuela N \u00ba 701 Eduardo Pisoni, de la Escuela de Educaci\u00f3n Media N\u00ba 2 Sergio Denapole y el Regente del Instituto de Formaci\u00f3n\u00a0 Docente y T\u00e9cnica N\u00ba 7 Luis Porcelli, recibieron el material por parte del Subdirector de Asistencia y Tratamiento Fernando Gonz\u00e1lez G\u00fcemes, y la Delegada de Escuela F\u00e1tima Vita.<\/p>\n<p>Los \u00fatiles fueron muy bien recibidos, ya que son de suma necesidad para lograr llevar adelante las clases y que los alumnos tengan lo que precisan para hacerlo.<\/p>\n<p>&nbsp;<\/p>\n<p>Fuente: Prensa Unidad N\u00ba 5<\/p>\n","protected":false},"excerpt":{"rendered":"<p>Se llev\u00f3 a cabo la entrega de importante cantidad de \u00fatiles escolares\u00a0 por parte de la Subdirecci\u00f3n General de Educaci\u00f3n &#8230; <a title=\"Entregaron \u00fatiles escolares para los internos\" class=\"read-more\" href=\"https:\/\/www.hoymercedes.com.ar\/principal\/2016\/06\/29\/entregaron-utiles-escolares-para-los-internos\/\" aria-label=\"Leer m\u00e1s sobre Entregaron \u00fatiles escolares para los internos\">Leer m\u00e1s<\/a><\/p>\n","protected":false},"author":1,"featured_media":51908,"comment_status":"open","ping_status":"open","sticky":false,"template":"","format":"standard","meta":{"_monsterinsights_skip_tracking":false,"_monsterinsights_sitenote_active":false,"_monsterinsights_sitenote_note":"","_monsterinsights_sitenote_category":0,"jetpack_post_was_ever_published":false,"_jetpack_newsletter_access":"","_jetpack_dont_email_post_to_subs":false,"_jetpack_newsletter_tier_id":0,"_jetpack_memberships_contains_paywalled_content":false,"_jetpack_memberships_contains_paid_content":false,"footnotes":"","jetpack_publicize_message":"","jetpack_publicize_feature_enabled":true,"jetpack_social_post_already_shared":true,"jetpack_social_options":{"image_generator_settings":{"template":"highway","default_image_id":0,"font":"","enabled":false},"version":2},"_wpas_customize_per_network":false},"categories":[23,8],"tags":[1011,47,113],"class_list":["post-51906","post","type-post","status-publish","format-standard","has-post-thumbnail","hentry","category-educacion","category-sociedad","tag-carcel","tag-educacion-2","tag-unidad-5","generate-columns","tablet-grid-50","mobile-grid-100","grid-parent","grid-50"],"jetpack_publicize_connections":[],"jetpack_featured_media_url":"https:\/\/www.hoymercedes.com.ar\/principal\/wp-content\/uploads\/2016\/06\/29-carcel-utiles.jpg","wps_subtitle":"Educaci\u00f3n del SPB","jetpack_sharing_enabled":true,"_links":{"self":[{"href":"https:\/\/www.hoymercedes.com.ar\/principal\/wp-json\/wp\/v2\/posts\/51906","targetHints":{"allow":["GET"]}}],"collection":[{"href":"https:\/\/www.hoymercedes.com.ar\/principal\/wp-json\/wp\/v2\/posts"}],"about":[{"href":"https:\/\/www.hoymercedes.com.ar\/principal\/wp-json\/wp\/v2\/types\/post"}],"author":[{"embeddable":true,"href":"https:\/\/www.hoymercedes.com.ar\/principal\/wp-json\/wp\/v2\/users\/1"}],"replies":[{"embeddable":true,"href":"https:\/\/www.hoymercedes.com.ar\/principal\/wp-json\/wp\/v2\/comments?post=51906"}],"version-history":[{"count":0,"href":"https:\/\/www.hoymercedes.com.ar\/principal\/wp-json\/wp\/v2\/posts\/51906\/revisions"}],"wp:featuredmedia":[{"embeddable":true,"href":"https:\/\/www.hoymercedes.com.ar\/principal\/wp-json\/wp\/v2\/media\/51908"}],"wp:attachment":[{"href":"https:\/\/www.hoymercedes.com.ar\/principal\/wp-json\/wp\/v2\/media?parent=51906"}],"wp:term":[{"taxonomy":"category","embeddable":true,"href":"https:\/\/www.hoymercedes.com.ar\/principal\/wp-json\/wp\/v2\/categories?post=51906"},{"taxonomy":"post_tag","embeddable":true,"href":"https:\/\/www.hoymercedes.com.ar\/principal\/wp-json\/wp\/v2\/tags?post=51906"}],"curies":[{"name":"wp","href":"https:\/\/api.w.org\/{rel}","templated":true}]}}