{"id":51921,"date":"2016-06-30T10:45:30","date_gmt":"2016-06-30T13:45:30","guid":{"rendered":"http:\/\/www.hoymercedes.com.ar\/principal\/?p=51921"},"modified":"2016-06-30T10:12:09","modified_gmt":"2016-06-30T13:12:09","slug":"radicales-celebraron-el-aniversario-del-partido-y-recordaron-a-illia","status":"publish","type":"post","link":"https:\/\/www.hoymercedes.com.ar\/principal\/2016\/06\/30\/radicales-celebraron-el-aniversario-del-partido-y-recordaron-a-illia\/","title":{"rendered":"Radicales celebraron el aniversario del partido y recordaron a Illia"},"content":{"rendered":"<p>Con motivo de cumplirse el 26 de junio los 125 a\u00f1os del nacimiento de la Uni\u00f3n C\u00edvica Radical y el martes 28, los 50 a\u00f1os del derrocamiento del Presidente Dr. Arturo Illia; el Comit\u00e9 de Distrito de Mercedes, realiz\u00f3 un acto conmemorativo en la noche del mi\u00e9rcoles para evocar estos hechos. All\u00ed mismo, el Dr Juan Antonio Portesi hizo una rese\u00f1a hist\u00f3rica del partido centenario y se reconoci\u00f3 a los afiliados\u00a0 Victor Cestari, ahijado de Hip\u00f3lito Yrigoyen, y a Graciela \u00abTitina\u00bb Oliver, adem\u00e1s de recodarse a Ra\u00fal Alfons\u00edn con un video institucional del partido.<\/p>\n<p><img loading=\"lazy\" decoding=\"async\" data-attachment-id=\"51922\" data-permalink=\"https:\/\/www.hoymercedes.com.ar\/principal\/2016\/06\/30\/radicales-celebraron-el-aniversario-del-partido-y-recordaron-a-illia\/30-ucr-aniversario\/#main\" data-orig-file=\"https:\/\/www.hoymercedes.com.ar\/principal\/wp-content\/uploads\/2016\/06\/30-UCR-Aniversario.jpg\" data-orig-size=\"448,299\" data-comments-opened=\"1\" data-image-meta=\"{&quot;aperture&quot;:&quot;3.5&quot;,&quot;credit&quot;:&quot;&quot;,&quot;camera&quot;:&quot;NIKON D3100&quot;,&quot;caption&quot;:&quot;&quot;,&quot;created_timestamp&quot;:&quot;1467232856&quot;,&quot;copyright&quot;:&quot;&quot;,&quot;focal_length&quot;:&quot;18&quot;,&quot;iso&quot;:&quot;3200&quot;,&quot;shutter_speed&quot;:&quot;0.016666666666667&quot;,&quot;title&quot;:&quot;&quot;,&quot;orientation&quot;:&quot;1&quot;}\" data-image-title=\"30 UCR Aniversario\" data-image-description=\"\" data-image-caption=\"\" data-large-file=\"https:\/\/www.hoymercedes.com.ar\/principal\/wp-content\/uploads\/2016\/06\/30-UCR-Aniversario.jpg\" class=\"aligncenter size-full wp-image-51922\" src=\"https:\/\/www.hoymercedes.com.ar\/principal\/wp-content\/uploads\/2016\/06\/30-UCR-Aniversario.jpg\" alt=\"30 UCR Aniversario\" width=\"448\" height=\"299\" srcset=\"https:\/\/www.hoymercedes.com.ar\/principal\/wp-content\/uploads\/2016\/06\/30-UCR-Aniversario.jpg 448w, https:\/\/www.hoymercedes.com.ar\/principal\/wp-content\/uploads\/2016\/06\/30-UCR-Aniversario-150x100.jpg 150w, https:\/\/www.hoymercedes.com.ar\/principal\/wp-content\/uploads\/2016\/06\/30-UCR-Aniversario-300x200.jpg 300w\" sizes=\"auto, (max-width: 448px) 100vw, 448px\" \/><\/p>\n<p>\u00abSon 125 a\u00f1os de historia, 125 a\u00f1os de un partido al servicio de la gente, con valores, con ideales, no es poca cosas. No es f\u00e1cil mantenerse durante todo este periodo. Con aciertos, con errores, pero la Uni\u00f3n C\u00edvica Radical, siempre firme\u201d, dijo el Presidente del Comit\u00e9, el concejal Oscar Albini.<\/p>\n<p>\u00abQueremos homenajear a dos afiliados que se brindaron durante tantos a\u00f1os y mantuvieron viva la llama de este partido. Graciela \u00abTitina\u00bb Oliver, es una de ellas, que por razones de salud no pudo venir y le entregamos en el presente en su casa. Pero tambi\u00e9n quisimos distinguir y homenajear, que con 94 a\u00f1os, es el ahijado de Hip\u00f3lito Yrigoyen, historiador y escritor de varios libros entre ellos una rese\u00f1a de los primeros 188 a\u00f1os de nuestra ciudad. V\u00edctor Cestari. Que adem\u00e1s nos aporta muchas ideas para el Concejo Deliberante, pero tambi\u00e9n para mantener viva la historia de nuestra ciudad\u201d, explic\u00f3 Albini y le entreg\u00f3 el presente a V\u00edctor Cestari.<\/p>\n<p><span class=\"embed-youtube\" style=\"text-align:center; display: block;\"><iframe loading=\"lazy\" class=\"youtube-player\" width=\"1200\" height=\"675\" src=\"https:\/\/www.youtube.com\/embed\/ucYOR4Nr_9M?version=3&#038;rel=1&#038;showsearch=0&#038;showinfo=1&#038;iv_load_policy=1&#038;fs=1&#038;hl=es-ES&#038;autohide=2&#038;wmode=transparent\" allowfullscreen=\"true\" style=\"border:0;\" sandbox=\"allow-scripts allow-same-origin allow-popups allow-presentation allow-popups-to-escape-sandbox\"><\/iframe><\/span><\/p>\n<p>El encargado de relatar los 125 a\u00f1os de historia de la Uni\u00f3n C\u00edvica Radical fue el Dr. Juan Antonio Portesi. Sus palabras recordaron cada a\u00f1o y cada acontecimiento del partido creado en 1891 por Leandro N. Alem y cont\u00f3 el acto que realiz\u00f3 en el Comit\u00e9 Nacional el d\u00eda martes a la hora de recordar los a\u00f1os de presidencia de Arturo Illia. Pero tambi\u00e9n, resalt\u00f3 la tarea de la Juventud Radical de Mercedes y habl\u00f3 del trabajo que deb\u00eda continuar haciendo manteniendo los valores del partido cuyos principales referentes fueron Alem, Illia y Alfons\u00edn.<\/p>\n","protected":false},"excerpt":{"rendered":"<p>Con motivo de cumplirse el 26 de junio los 125 a\u00f1os del nacimiento de la Uni\u00f3n C\u00edvica Radical y el &#8230; <a title=\"Radicales celebraron el aniversario del partido y recordaron a Illia\" class=\"read-more\" href=\"https:\/\/www.hoymercedes.com.ar\/principal\/2016\/06\/30\/radicales-celebraron-el-aniversario-del-partido-y-recordaron-a-illia\/\" aria-label=\"Leer m\u00e1s sobre Radicales celebraron el aniversario del partido y recordaron a Illia\">Leer m\u00e1s<\/a><\/p>\n","protected":false},"author":1,"featured_media":51922,"comment_status":"open","ping_status":"open","sticky":false,"template":"","format":"standard","meta":{"_monsterinsights_skip_tracking":false,"_monsterinsights_sitenote_active":false,"_monsterinsights_sitenote_note":"","_monsterinsights_sitenote_category":0,"jetpack_post_was_ever_published":false,"_jetpack_newsletter_access":"","_jetpack_dont_email_post_to_subs":false,"_jetpack_newsletter_tier_id":0,"_jetpack_memberships_contains_paywalled_content":false,"_jetpack_memberships_contains_paid_content":false,"footnotes":"","jetpack_publicize_message":"","jetpack_publicize_feature_enabled":true,"jetpack_social_post_already_shared":true,"jetpack_social_options":{"image_generator_settings":{"template":"highway","default_image_id":0,"font":"","enabled":false},"version":2},"_wpas_customize_per_network":false},"categories":[5],"tags":[3250,8829,9588,10,9612,408],"class_list":["post-51921","post","type-post","status-publish","format-standard","has-post-thumbnail","hentry","category-politica","tag-albini","tag-aniversario","tag-illia","tag-mercedes","tag-portesi","tag-ucr","generate-columns","tablet-grid-50","mobile-grid-100","grid-parent","grid-50"],"jetpack_publicize_connections":[],"jetpack_featured_media_url":"https:\/\/www.hoymercedes.com.ar\/principal\/wp-content\/uploads\/2016\/06\/30-UCR-Aniversario.jpg","wps_subtitle":"Acto en el Comit\u00e9","jetpack_sharing_enabled":true,"_links":{"self":[{"href":"https:\/\/www.hoymercedes.com.ar\/principal\/wp-json\/wp\/v2\/posts\/51921","targetHints":{"allow":["GET"]}}],"collection":[{"href":"https:\/\/www.hoymercedes.com.ar\/principal\/wp-json\/wp\/v2\/posts"}],"about":[{"href":"https:\/\/www.hoymercedes.com.ar\/principal\/wp-json\/wp\/v2\/types\/post"}],"author":[{"embeddable":true,"href":"https:\/\/www.hoymercedes.com.ar\/principal\/wp-json\/wp\/v2\/users\/1"}],"replies":[{"embeddable":true,"href":"https:\/\/www.hoymercedes.com.ar\/principal\/wp-json\/wp\/v2\/comments?post=51921"}],"version-history":[{"count":0,"href":"https:\/\/www.hoymercedes.com.ar\/principal\/wp-json\/wp\/v2\/posts\/51921\/revisions"}],"wp:featuredmedia":[{"embeddable":true,"href":"https:\/\/www.hoymercedes.com.ar\/principal\/wp-json\/wp\/v2\/media\/51922"}],"wp:attachment":[{"href":"https:\/\/www.hoymercedes.com.ar\/principal\/wp-json\/wp\/v2\/media?parent=51921"}],"wp:term":[{"taxonomy":"category","embeddable":true,"href":"https:\/\/www.hoymercedes.com.ar\/principal\/wp-json\/wp\/v2\/categories?post=51921"},{"taxonomy":"post_tag","embeddable":true,"href":"https:\/\/www.hoymercedes.com.ar\/principal\/wp-json\/wp\/v2\/tags?post=51921"}],"curies":[{"name":"wp","href":"https:\/\/api.w.org\/{rel}","templated":true}]}}