{"id":51926,"date":"2016-06-30T11:30:38","date_gmt":"2016-06-30T14:30:38","guid":{"rendered":"http:\/\/www.hoymercedes.com.ar\/principal\/?p=51926"},"modified":"2016-06-30T15:05:00","modified_gmt":"2016-06-30T18:05:00","slug":"policia-local-colabora-con-el-mantenimiento-comunal","status":"publish","type":"post","link":"https:\/\/www.hoymercedes.com.ar\/principal\/2016\/06\/30\/policia-local-colabora-con-el-mantenimiento-comunal\/","title":{"rendered":"Polic\u00eda Local colabora con el mantenimiento comunal"},"content":{"rendered":"<p>En las primeras horas de la tarde de este\u00a0mi\u00e9rcoles, el Intendente Municipal Dr. Juan Ignacio Ustarroz, recibi\u00f3 en la plaza San Mart\u00edn, a aproximadamente 70 aspirantes a la Polic\u00eda Local que ten\u00edan como actividad una jornada comunitaria.<\/p>\n<p>Acompa\u00f1ado por la Secretaria de Control Urbano, Dra. Josefina Kelly, Ustarroz explic\u00f3 que buscaban un acercamiento de la polic\u00eda local ante la comunidad.\u00a0\u00abEl ponerse en contacto con la gente para que de alguna forma sientan que estamos para responder a sus necesidades en materia de seguridad, adem\u00e1s de poder concretar una tarea que demuestra compromiso, solidaridad y ejemplo, que es lo que la polic\u00eda debe inspirar\u00bb indic\u00f3 el Jefe Comunal<\/p>\n<p>Es as\u00ed como los aspirantes,\u00a0realizaron tareas de limpieza y pintura en las esquinas de la ciudad, realizando el pintado de amarillo y tambi\u00e9n la colocaci\u00f3n de se\u00f1ales de tr\u00e1nsito. El radio a cubrir en el inicio, ser\u00e1 desde calle 18 hacia 38, desde calle 31 hacia la avenida 47 por un lado, y de calle 27 hacia avenida 1 seria el otro sector a cubrir.<\/p>\n<p>&nbsp;<\/p>\n","protected":false},"excerpt":{"rendered":"<p>En las primeras horas de la tarde de este\u00a0mi\u00e9rcoles, el Intendente Municipal Dr. Juan Ignacio Ustarroz, recibi\u00f3 en la plaza &#8230; <a title=\"Polic\u00eda Local colabora con el mantenimiento comunal\" class=\"read-more\" href=\"https:\/\/www.hoymercedes.com.ar\/principal\/2016\/06\/30\/policia-local-colabora-con-el-mantenimiento-comunal\/\" aria-label=\"Leer m\u00e1s sobre Polic\u00eda Local colabora con el mantenimiento comunal\">Leer m\u00e1s<\/a><\/p>\n","protected":false},"author":1,"featured_media":51927,"comment_status":"open","ping_status":"open","sticky":false,"template":"","format":"standard","meta":{"_monsterinsights_skip_tracking":false,"_monsterinsights_sitenote_active":false,"_monsterinsights_sitenote_note":"","_monsterinsights_sitenote_category":0,"jetpack_post_was_ever_published":false,"_jetpack_newsletter_access":"","_jetpack_dont_email_post_to_subs":false,"_jetpack_newsletter_tier_id":0,"_jetpack_memberships_contains_paywalled_content":false,"_jetpack_memberships_contains_paid_content":false,"footnotes":"","jetpack_publicize_message":"","jetpack_publicize_feature_enabled":true,"jetpack_social_post_already_shared":true,"jetpack_social_options":{"image_generator_settings":{"template":"highway","default_image_id":0,"font":"","enabled":false},"version":2},"_wpas_customize_per_network":false},"categories":[30],"tags":[7854,9615],"class_list":["post-51926","post","type-post","status-publish","format-standard","has-post-thumbnail","hentry","category-municipio","tag-policia-local","tag-trabajo-comunitario","generate-columns","tablet-grid-50","mobile-grid-100","grid-parent","grid-50"],"jetpack_publicize_connections":[],"jetpack_featured_media_url":"https:\/\/www.hoymercedes.com.ar\/principal\/wp-content\/uploads\/2016\/06\/30-trabajo-comunitario.jpg","wps_subtitle":"Trabajo Comunitario","jetpack_sharing_enabled":true,"_links":{"self":[{"href":"https:\/\/www.hoymercedes.com.ar\/principal\/wp-json\/wp\/v2\/posts\/51926","targetHints":{"allow":["GET"]}}],"collection":[{"href":"https:\/\/www.hoymercedes.com.ar\/principal\/wp-json\/wp\/v2\/posts"}],"about":[{"href":"https:\/\/www.hoymercedes.com.ar\/principal\/wp-json\/wp\/v2\/types\/post"}],"author":[{"embeddable":true,"href":"https:\/\/www.hoymercedes.com.ar\/principal\/wp-json\/wp\/v2\/users\/1"}],"replies":[{"embeddable":true,"href":"https:\/\/www.hoymercedes.com.ar\/principal\/wp-json\/wp\/v2\/comments?post=51926"}],"version-history":[{"count":0,"href":"https:\/\/www.hoymercedes.com.ar\/principal\/wp-json\/wp\/v2\/posts\/51926\/revisions"}],"wp:featuredmedia":[{"embeddable":true,"href":"https:\/\/www.hoymercedes.com.ar\/principal\/wp-json\/wp\/v2\/media\/51927"}],"wp:attachment":[{"href":"https:\/\/www.hoymercedes.com.ar\/principal\/wp-json\/wp\/v2\/media?parent=51926"}],"wp:term":[{"taxonomy":"category","embeddable":true,"href":"https:\/\/www.hoymercedes.com.ar\/principal\/wp-json\/wp\/v2\/categories?post=51926"},{"taxonomy":"post_tag","embeddable":true,"href":"https:\/\/www.hoymercedes.com.ar\/principal\/wp-json\/wp\/v2\/tags?post=51926"}],"curies":[{"name":"wp","href":"https:\/\/api.w.org\/{rel}","templated":true}]}}