{"id":51929,"date":"2016-06-30T12:15:58","date_gmt":"2016-06-30T15:15:58","guid":{"rendered":"http:\/\/www.hoymercedes.com.ar\/principal\/?p=51929"},"modified":"2016-06-30T11:02:09","modified_gmt":"2016-06-30T14:02:09","slug":"pami-charlas-preventivas-en-centros-de-jubilados","status":"publish","type":"post","link":"https:\/\/www.hoymercedes.com.ar\/principal\/2016\/06\/30\/pami-charlas-preventivas-en-centros-de-jubilados\/","title":{"rendered":"PAMI: Charlas preventivas en Centros de Jubilados"},"content":{"rendered":"<p>&nbsp;<\/p>\n<p>Desde la filial locales del Instituto Nacional de de Servicios Sociales para Jubilados y Pensionados (PAMI), se comenzar\u00e1n a dar una serie de charlas haciendo foco en la prevenci\u00f3n de salud. Estas disertaciones se dar\u00e1n en los diferentes Centros de Jubilados de la ciudad, y ser\u00e1n llevadas a cabo por distintos profesionales de la salud.<\/p>\n<p>\u201cEstas actividades son organizadas por el \u00e1rea de servicios sociales del Instituto, y cuentan con la colaboraci\u00f3n de varios profesionales de la salud que colaboran con el PAMI, para estimular conductas de auto cuidado de la salud a trav\u00e9s de la difusi\u00f3n del conocimiento para la colaborar con los cambios de h\u00e1bitos negativos y establecer comportamientos pr\u00e1cticos en t\u00e9rminos de salud\u00bb, explic\u00f3 Nicol\u00e1s Farias, titular de la sede local del PAMI.<\/p>\n<p>\u00abConsideramos que estos tipos de actividades son una inversi\u00f3n para toda la sociedad, cuando alguien trabaja en la prevenci\u00f3n para intentar disminuir los alcances de diferentes patolog\u00edas, a largo plazo consigue que la poblaci\u00f3n tome conciencia y disminuya considerablemente en los cuidados de algunas enfermedades\u201d agreg\u00f3.<\/p>\n<p>Las disertaciones comenzar\u00e1n este viernes 1\u00ba de julio, en el Centro de Jubilados \u00ab21 de septiembre\u00bb de calle 10 entre 5 y 3, a las 15 horas con la presencia del doctor Zazzeron.<\/p>\n<p>El cronograma continuar\u00e1 el jueves 7, a las 10 horas, y el viernes 15, a las 15 horas, en el Centro de Jubilados de calle 50 y 21. All\u00ed quienes dar\u00e1n las charlas ser\u00e1n los doctores Mosca y Siri respectivamente. Por ultimo, el d\u00eda 5 de agosto el doctor Mauricio Castro expondr\u00e1 en el Centro de Jubilados \u00abRenacer\u00bb.<\/p>\n<p>\u201cLas exposiciones ser\u00e1n de patolog\u00edas como hipertensi\u00f3n, y diabetes, son el comienzo de una serie de charlas que queremos que no solo vayan todos los afiliados a PAMI sino toda la comunidad, ya que entendemos que es un servicio importante para los vecinos. Pr\u00f3ximamente se podr\u00edan sumar otras modalidades y mas patolog\u00edas\u201d, finaliz\u00f3 Farias.<\/p>\n","protected":false},"excerpt":{"rendered":"<p>&nbsp; Desde la filial locales del Instituto Nacional de de Servicios Sociales para Jubilados y Pensionados (PAMI), se comenzar\u00e1n a &#8230; <a title=\"PAMI: Charlas preventivas en Centros de Jubilados\" class=\"read-more\" href=\"https:\/\/www.hoymercedes.com.ar\/principal\/2016\/06\/30\/pami-charlas-preventivas-en-centros-de-jubilados\/\" aria-label=\"Leer m\u00e1s sobre PAMI: Charlas preventivas en Centros de Jubilados\">Leer m\u00e1s<\/a><\/p>\n","protected":false},"author":1,"featured_media":12330,"comment_status":"open","ping_status":"open","sticky":false,"template":"","format":"standard","meta":{"_monsterinsights_skip_tracking":false,"_monsterinsights_sitenote_active":false,"_monsterinsights_sitenote_note":"","_monsterinsights_sitenote_category":0,"jetpack_post_was_ever_published":false,"_jetpack_newsletter_access":"","_jetpack_dont_email_post_to_subs":false,"_jetpack_newsletter_tier_id":0,"_jetpack_memberships_contains_paywalled_content":false,"_jetpack_memberships_contains_paid_content":false,"footnotes":"","jetpack_publicize_message":"","jetpack_publicize_feature_enabled":true,"jetpack_social_post_already_shared":true,"jetpack_social_options":{"image_generator_settings":{"template":"highway","default_image_id":0,"font":"","enabled":false},"version":2},"_wpas_customize_per_network":false},"categories":[5485,8],"tags":[9616,5337,2781,7802],"class_list":["post-51929","post","type-post","status-publish","format-standard","has-post-thumbnail","hentry","category-comunidad","category-sociedad","tag-charlas","tag-nicolas-farias","tag-pami","tag-sociedad","generate-columns","tablet-grid-50","mobile-grid-100","grid-parent","grid-50"],"jetpack_publicize_connections":[],"jetpack_featured_media_url":"https:\/\/www.hoymercedes.com.ar\/principal\/wp-content\/uploads\/2012\/04\/Pami.jpg","wps_subtitle":"Salud para adultos mayores","jetpack_sharing_enabled":true,"_links":{"self":[{"href":"https:\/\/www.hoymercedes.com.ar\/principal\/wp-json\/wp\/v2\/posts\/51929","targetHints":{"allow":["GET"]}}],"collection":[{"href":"https:\/\/www.hoymercedes.com.ar\/principal\/wp-json\/wp\/v2\/posts"}],"about":[{"href":"https:\/\/www.hoymercedes.com.ar\/principal\/wp-json\/wp\/v2\/types\/post"}],"author":[{"embeddable":true,"href":"https:\/\/www.hoymercedes.com.ar\/principal\/wp-json\/wp\/v2\/users\/1"}],"replies":[{"embeddable":true,"href":"https:\/\/www.hoymercedes.com.ar\/principal\/wp-json\/wp\/v2\/comments?post=51929"}],"version-history":[{"count":0,"href":"https:\/\/www.hoymercedes.com.ar\/principal\/wp-json\/wp\/v2\/posts\/51929\/revisions"}],"wp:featuredmedia":[{"embeddable":true,"href":"https:\/\/www.hoymercedes.com.ar\/principal\/wp-json\/wp\/v2\/media\/12330"}],"wp:attachment":[{"href":"https:\/\/www.hoymercedes.com.ar\/principal\/wp-json\/wp\/v2\/media?parent=51929"}],"wp:term":[{"taxonomy":"category","embeddable":true,"href":"https:\/\/www.hoymercedes.com.ar\/principal\/wp-json\/wp\/v2\/categories?post=51929"},{"taxonomy":"post_tag","embeddable":true,"href":"https:\/\/www.hoymercedes.com.ar\/principal\/wp-json\/wp\/v2\/tags?post=51929"}],"curies":[{"name":"wp","href":"https:\/\/api.w.org\/{rel}","templated":true}]}}