{"id":5194,"date":"2011-06-23T21:21:42","date_gmt":"2011-06-23T21:21:42","guid":{"rendered":"http:\/\/www.hoymercedes.com.ar\/principal\/?p=5194"},"modified":"2011-06-23T21:21:42","modified_gmt":"2011-06-23T21:21:42","slug":"firmaron-convenio-para-crear-la-mesa-de-violencia-local","status":"publish","type":"post","link":"https:\/\/www.hoymercedes.com.ar\/principal\/2011\/06\/23\/firmaron-convenio-para-crear-la-mesa-de-violencia-local\/","title":{"rendered":"Firmaron Convenio para crear la Mesa de Violencia Local"},"content":{"rendered":"<p>Esta ma\u00f1ana  en el recinto del Honorable Concejo Deliberante, se llevo  adelante el acto donde se procedi\u00f3 a la Firma del Convenio de Fondo Permanente entre la Secretaria de Derechos Humanos de la Provincia de Bs As, con la Municipalidad de Mercedes, para la creaci\u00f3n en nuestra ciudad de la Mesa local de Violencia.<\/p>\n<p>Para ello estuvieron presentes el  Intendente Municipal de Mercedes, Carlos Selva<\/p>\n<p>y el Sr. Sub Srio de Derechos Humanos de la Provincia de Bs. As. Lic. Fernando Cano<\/p>\n<p>acompa\u00f1ados por  autoridades del Departamento Ejecutivo, Legislativo, representantes de dependencias municipales, e invitados especiales.<\/p>\n<p>A trav\u00e9s de este convenio, la Secretaria de Derechos Humanos de la Provincia de Bs As, y la Municipalidad de Mercedes, proceder\u00e1n a la creaci\u00f3n en nuestra ciudad de la Mesa de Violencia Local, destinada a organizar y aunar esfuerzos  para el trabajo mancomunado entre los actores locales representantes de Derechos Humanos, Desarrollo Social, Salud, Educacion, Seguridad y Justicia.<\/p>\n<p>Primeramente dio la bienvenida a los presentes el titular de la Oficina de Derechos Humanos de nuestra ciudad, Marcelo Melo, y una vez efectuada la firma correspondiente, se escucharon las palabras del  Sr. Sub Srio de Derechos Humanos de la Provincia de Bs. As. Lic. Fernando Cano. Finalmente, cerrando el encuentro,  hizo uso de la palabra el Intendente Municipal Carlos Selva.-<\/p>\n<p><span style=\"color: #888888;\">Fuente: Municipio<\/span><\/p>\n","protected":false},"excerpt":{"rendered":"<p>Esta ma\u00f1ana en el recinto del Honorable Concejo Deliberante, se llevo adelante el acto donde se procedi\u00f3 a la Firma &#8230; <a title=\"Firmaron Convenio para crear la Mesa de Violencia Local\" class=\"read-more\" href=\"https:\/\/www.hoymercedes.com.ar\/principal\/2011\/06\/23\/firmaron-convenio-para-crear-la-mesa-de-violencia-local\/\" aria-label=\"Leer m\u00e1s sobre Firmaron Convenio para crear la Mesa de Violencia Local\">Leer m\u00e1s<\/a><\/p>\n","protected":false},"author":1,"featured_media":0,"comment_status":"open","ping_status":"open","sticky":false,"template":"","format":"standard","meta":{"_monsterinsights_skip_tracking":false,"_monsterinsights_sitenote_active":false,"_monsterinsights_sitenote_note":"","_monsterinsights_sitenote_category":0,"jetpack_post_was_ever_published":false,"_jetpack_newsletter_access":"","_jetpack_dont_email_post_to_subs":false,"_jetpack_newsletter_tier_id":0,"_jetpack_memberships_contains_paywalled_content":false,"_jetpack_memberships_contains_paid_content":false,"footnotes":"","jetpack_publicize_message":"","jetpack_publicize_feature_enabled":true,"jetpack_social_post_already_shared":false,"jetpack_social_options":{"image_generator_settings":{"template":"highway","default_image_id":0,"font":"","enabled":false},"version":2},"_wpas_customize_per_network":false},"categories":[1],"tags":[951,18],"class_list":["post-5194","post","type-post","status-publish","format-standard","hentry","category-opinion","tag-mesa-de-violencia","tag-selva","generate-columns","tablet-grid-50","mobile-grid-100","grid-parent","grid-50"],"jetpack_publicize_connections":[],"jetpack_featured_media_url":"","wps_subtitle":"","jetpack_sharing_enabled":true,"_links":{"self":[{"href":"https:\/\/www.hoymercedes.com.ar\/principal\/wp-json\/wp\/v2\/posts\/5194","targetHints":{"allow":["GET"]}}],"collection":[{"href":"https:\/\/www.hoymercedes.com.ar\/principal\/wp-json\/wp\/v2\/posts"}],"about":[{"href":"https:\/\/www.hoymercedes.com.ar\/principal\/wp-json\/wp\/v2\/types\/post"}],"author":[{"embeddable":true,"href":"https:\/\/www.hoymercedes.com.ar\/principal\/wp-json\/wp\/v2\/users\/1"}],"replies":[{"embeddable":true,"href":"https:\/\/www.hoymercedes.com.ar\/principal\/wp-json\/wp\/v2\/comments?post=5194"}],"version-history":[{"count":0,"href":"https:\/\/www.hoymercedes.com.ar\/principal\/wp-json\/wp\/v2\/posts\/5194\/revisions"}],"wp:attachment":[{"href":"https:\/\/www.hoymercedes.com.ar\/principal\/wp-json\/wp\/v2\/media?parent=5194"}],"wp:term":[{"taxonomy":"category","embeddable":true,"href":"https:\/\/www.hoymercedes.com.ar\/principal\/wp-json\/wp\/v2\/categories?post=5194"},{"taxonomy":"post_tag","embeddable":true,"href":"https:\/\/www.hoymercedes.com.ar\/principal\/wp-json\/wp\/v2\/tags?post=5194"}],"curies":[{"name":"wp","href":"https:\/\/api.w.org\/{rel}","templated":true}]}}