{"id":51968,"date":"2016-07-01T08:27:36","date_gmt":"2016-07-01T11:27:36","guid":{"rendered":"http:\/\/www.hoymercedes.com.ar\/principal\/?p=51968"},"modified":"2016-07-01T00:34:13","modified_gmt":"2016-07-01T03:34:13","slug":"ustarroz-recorre-los-diferentes-centros-primarios-de-la-salud","status":"publish","type":"post","link":"https:\/\/www.hoymercedes.com.ar\/principal\/2016\/07\/01\/ustarroz-recorre-los-diferentes-centros-primarios-de-la-salud\/","title":{"rendered":"Ustarroz recorre los diferentes Centros Primarios de la Salud"},"content":{"rendered":"<p>Llevando adelante el compromiso de reforzar la salud en Mercedes, el intendente Dr. Juan Ignacio Ustarroz visit\u00f3 el CAPS Lomas del Pacifico, junto al Secretario de Salud Dr. Pablo Cassiani.<\/p>\n<p>Actualmente hay en la sala las especialidades de ginecolog\u00eda, cl\u00ednica m\u00e9dica, \u00a0pediatr\u00eda, estimulaci\u00f3n temprana (que trabaja funcionalmente con el Programa Ni\u00f1o Sano), trabajo social, psicolog\u00eda y podolog\u00eda, que se incorpor\u00f3 hace unos meses.<\/p>\n<p>En Lomas del Pacifico son 9 profesionales adem\u00e1s de las Promotoras de la Salud.<\/p>\n<p>Esta sala es la encargada de atender no solamente gente de este barrio sino tambi\u00e9n de alrededores, vienen personas de Acceso Sur, Villa Industrial Oeste, Gowland, del barrio de la Terminal todos los barrios que pertenecen al \u00e1rea program\u00e1tica de la salita.<\/p>\n<p>El Jefe Comunal visit\u00f3 el centro de atenci\u00f3n primaria y afirm\u00f3 \u201cLa idea es\u00a0 fortalecer los CAPS porque es la atenci\u00f3n primaria de la salud y necesitamos, con un muy buen trabajo que se est\u00e1 haciendo en el Hospital, descomprimir el mismo y hacer que la gente se acerque a los CAPS. Ac\u00e1 la zona Oeste tiene cobertura pedi\u00e1trica de lunes a lunes y esto es a lo que apuntamos. Quiero aprovechar para felicitar a este equipo interdisciplinario y trabajadores de la salud que d\u00eda a d\u00eda realizan una labor muy importante.<\/p>\n<p>Estamos pensando en realizar una ampliaci\u00f3n para este CAPS que lo estar\u00edamos llevando a cabo para este a\u00f1o. Hay un incremento muy grande en la cantidad de pacientes que se vienen a atender, esto se debe a una mejor organizaci\u00f3n, hay profesionales que cumplen con el horario y eso hace que haya una continuidad y una constancia por parte de las personas y que cada vez m\u00e1s individuos elijan atenderse en los CAPS\u201d.<\/p>\n<p>Tambi\u00e9n remarc\u00f3 el trabajo de los municipales que trabajan en los centros \u201dtenemos que destacar todo el trabajo administrativo que se est\u00e1 realizando en las diferentes salitas, porque a trav\u00e9s de lo que es el SAMO se logra hacer un recupero a las Obras Sociales, esto nos va a permitir seguir invirtiendo en la Atenci\u00f3n Primaria de la Salud que es tan importante en nuestra ciudad. Vemos en estos tiempos un nivel de respuesta muy eficiente por parte de la Secretar\u00eda de Salud y de\u00a0 todo el equipo de trabajo, estamos recorriendo las diferentes salas y podemos observar el compromiso de los profesionales, las enfermeras y las administrativas\u201d dijo Ustarroz.<\/p>\n<p>Fuente; Prensa Municipal<\/p>\n","protected":false},"excerpt":{"rendered":"<p>Llevando adelante el compromiso de reforzar la salud en Mercedes, el intendente Dr. Juan Ignacio Ustarroz visit\u00f3 el CAPS Lomas &#8230; <a title=\"Ustarroz recorre los diferentes Centros Primarios de la Salud\" class=\"read-more\" href=\"https:\/\/www.hoymercedes.com.ar\/principal\/2016\/07\/01\/ustarroz-recorre-los-diferentes-centros-primarios-de-la-salud\/\" aria-label=\"Leer m\u00e1s sobre Ustarroz recorre los diferentes Centros Primarios de la Salud\">Leer m\u00e1s<\/a><\/p>\n","protected":false},"author":1,"featured_media":51972,"comment_status":"open","ping_status":"open","sticky":false,"template":"","format":"standard","meta":{"_monsterinsights_skip_tracking":false,"_monsterinsights_sitenote_active":false,"_monsterinsights_sitenote_note":"","_monsterinsights_sitenote_category":0,"jetpack_post_was_ever_published":false,"_jetpack_newsletter_access":"","_jetpack_dont_email_post_to_subs":false,"_jetpack_newsletter_tier_id":0,"_jetpack_memberships_contains_paywalled_content":false,"_jetpack_memberships_contains_paid_content":false,"footnotes":"","jetpack_publicize_message":"","jetpack_publicize_feature_enabled":true,"jetpack_social_post_already_shared":true,"jetpack_social_options":{"image_generator_settings":{"template":"highway","default_image_id":0,"font":"","enabled":false},"version":2},"_wpas_customize_per_network":false},"categories":[30],"tags":[1078,8637,244,424],"class_list":["post-51968","post","type-post","status-publish","format-standard","has-post-thumbnail","hentry","category-municipio","tag-caps","tag-cassiani","tag-municipio-2","tag-ustarroz","generate-columns","tablet-grid-50","mobile-grid-100","grid-parent","grid-50"],"jetpack_publicize_connections":[],"jetpack_featured_media_url":"https:\/\/www.hoymercedes.com.ar\/principal\/wp-content\/uploads\/2016\/07\/01-CAPS-Muni.jpg","wps_subtitle":"Salud Municipal","jetpack_sharing_enabled":true,"_links":{"self":[{"href":"https:\/\/www.hoymercedes.com.ar\/principal\/wp-json\/wp\/v2\/posts\/51968","targetHints":{"allow":["GET"]}}],"collection":[{"href":"https:\/\/www.hoymercedes.com.ar\/principal\/wp-json\/wp\/v2\/posts"}],"about":[{"href":"https:\/\/www.hoymercedes.com.ar\/principal\/wp-json\/wp\/v2\/types\/post"}],"author":[{"embeddable":true,"href":"https:\/\/www.hoymercedes.com.ar\/principal\/wp-json\/wp\/v2\/users\/1"}],"replies":[{"embeddable":true,"href":"https:\/\/www.hoymercedes.com.ar\/principal\/wp-json\/wp\/v2\/comments?post=51968"}],"version-history":[{"count":0,"href":"https:\/\/www.hoymercedes.com.ar\/principal\/wp-json\/wp\/v2\/posts\/51968\/revisions"}],"wp:featuredmedia":[{"embeddable":true,"href":"https:\/\/www.hoymercedes.com.ar\/principal\/wp-json\/wp\/v2\/media\/51972"}],"wp:attachment":[{"href":"https:\/\/www.hoymercedes.com.ar\/principal\/wp-json\/wp\/v2\/media?parent=51968"}],"wp:term":[{"taxonomy":"category","embeddable":true,"href":"https:\/\/www.hoymercedes.com.ar\/principal\/wp-json\/wp\/v2\/categories?post=51968"},{"taxonomy":"post_tag","embeddable":true,"href":"https:\/\/www.hoymercedes.com.ar\/principal\/wp-json\/wp\/v2\/tags?post=51968"}],"curies":[{"name":"wp","href":"https:\/\/api.w.org\/{rel}","templated":true}]}}