{"id":51976,"date":"2016-07-01T13:08:15","date_gmt":"2016-07-01T16:08:15","guid":{"rendered":"http:\/\/www.hoymercedes.com.ar\/principal\/?p=51976"},"modified":"2016-07-01T13:08:15","modified_gmt":"2016-07-01T16:08:15","slug":"daniel-correa-es-el-nuevo-dt-de-club-mercedes","status":"publish","type":"post","link":"https:\/\/www.hoymercedes.com.ar\/principal\/2016\/07\/01\/daniel-correa-es-el-nuevo-dt-de-club-mercedes\/","title":{"rendered":"Daniel Correa es el nuevo DT de Club Mercedes"},"content":{"rendered":"<p>Quien estuviera a cargo de la direcci\u00f3n t\u00e9cnica de Juventud de Suipacha hasta el fin de semana pasado, dej\u00f3 de entrenar al Lechero para ponerse de llen\u00f3 en su nueva experiencia: Club Mercedes. Si bien era algo que se ven\u00eda manejando desde hace varias semanas y se hab\u00eda anunciado a trav\u00e9s de las transmisiones de FM La Tribuna 103.5, el \u00abCholo\u00bb confirm\u00f3 que lo que iba a ocurrir al final del Apertura, termin\u00f3 apresur\u00e1ndose.<\/p>\n<p><img loading=\"lazy\" decoding=\"async\" data-attachment-id=\"51977\" data-permalink=\"https:\/\/www.hoymercedes.com.ar\/principal\/2016\/07\/01\/daniel-correa-es-el-nuevo-dt-de-club-mercedes\/daniel-correa-2\/#main\" data-orig-file=\"https:\/\/www.hoymercedes.com.ar\/principal\/wp-content\/uploads\/2016\/07\/Daniel-Correa-2.jpg\" data-orig-size=\"403,403\" data-comments-opened=\"1\" data-image-meta=\"{&quot;aperture&quot;:&quot;0&quot;,&quot;credit&quot;:&quot;&quot;,&quot;camera&quot;:&quot;&quot;,&quot;caption&quot;:&quot;&quot;,&quot;created_timestamp&quot;:&quot;0&quot;,&quot;copyright&quot;:&quot;&quot;,&quot;focal_length&quot;:&quot;0&quot;,&quot;iso&quot;:&quot;0&quot;,&quot;shutter_speed&quot;:&quot;0&quot;,&quot;title&quot;:&quot;&quot;,&quot;orientation&quot;:&quot;0&quot;}\" data-image-title=\"Daniel Correa 2\" data-image-description=\"\" data-image-caption=\"\" data-large-file=\"https:\/\/www.hoymercedes.com.ar\/principal\/wp-content\/uploads\/2016\/07\/Daniel-Correa-2.jpg\" class=\"aligncenter size-full wp-image-51977\" src=\"https:\/\/www.hoymercedes.com.ar\/principal\/wp-content\/uploads\/2016\/07\/Daniel-Correa-2.jpg\" alt=\"Daniel Correa 2\" width=\"403\" height=\"403\" srcset=\"https:\/\/www.hoymercedes.com.ar\/principal\/wp-content\/uploads\/2016\/07\/Daniel-Correa-2.jpg 403w, https:\/\/www.hoymercedes.com.ar\/principal\/wp-content\/uploads\/2016\/07\/Daniel-Correa-2-150x150.jpg 150w\" sizes=\"auto, (max-width: 403px) 100vw, 403px\" \/><\/p>\n<p>\u00abSe dieron un mont\u00f3n de circunstancias y vimos con la Comisi\u00f3n Directiva de Juventud y con el cuerpo t\u00e9cnico m\u00edo que no eran convenientes por distintas situaciones que se dieron y la intenci\u00f3n es asumir al inicio del Clausura\u00bb, coment\u00f3 el DT al programa El Pulso, que se emite de lunes a viernes de 8 a 12 por FM La Tribuna 103.5, y agreg\u00f3 que ya tuvo \u00abreuniones con los dirigentes de Mercedes y la semana que viene ya empezar\u00e9 a estar en los entrenamientos visando algunas cosas y tratando de meterme en este nuevo tema.\u00a0Se aceler\u00f3 un poco la salida m\u00eda de Juventud y as\u00ed son las cosas hoy en d\u00eda\u00bb,<\/p>\n<p>Cuando se le consult\u00f3 si su salida con el Lechero, por lo apresurada que fue, ocurri\u00f3 en buenos t\u00e9rminos, Correa se\u00f1al\u00f3 que \u00abdesde el momento en que uno decide terminar una uni\u00f3n con un club es obvio que habr\u00e1 voces a favor y otras en contra. No termin\u00e9 mal, pero por ejemplo con los jugadores, que sab\u00edan que yo iba a estar hasta determinada fecha y de no saber qui\u00e9n viene, se crean un mont\u00f3n de suspicacias, nada m\u00e1s all\u00e1 de la honra y el buen proceder de todo el mundo, pero bueno, a veces las situaciones no se dan de la mejor manera porque lo mejor es empezar a principio de a\u00f1o y con una pretemporada, pero no se dio as\u00ed y hay que tomar las cosas como vienen y mirar hacia delante y yo a esto lo veo como una muy buena oportunidad\u00bb.<\/p>\n<p>Correa, que dirigi\u00f3 a Juventud en dos etapas, una hace tres a\u00f1os durante una temporada y el \u00faltimo a\u00f1o y medio, destac\u00f3 que \u00abel cuerpo t\u00e9cnico en Mercedes tendr\u00e1 a Alejandro Romagnoli, que vive en Mercedes y que estuvo tambi\u00e9n en Juventud y Abel \u201cGato\u201d Far\u00edas, que es ayudante m\u00edo. Ya tuvimos reuniones con Facundo Fiorelli para que eso siga todo igual, mejorar lo que sea necesario y fortalecer lo bueno que tienen, ya que por ejemplo tienen un gran plantel y que hasta fin de a\u00f1o permanecer\u00e1 as\u00ed\u00bb. Sin embargo, hasta la finalizaci\u00f3n del Apertura, seguir\u00e1n entrenando Luis Fiorelli junto a \u00abTato\u00bb Dadea.<\/p>\n<p>\u00abAc\u00e1 venimos a trabajar, no a experimentar. Nos interesa obtener resultados, juego para ganar. Ser\u00e1 dif\u00edcil, pero no imposible y tenemos muchas ganas. Me llena de satisfacci\u00f3n que Mercedes se haya fijado en mi porque no soy muy conocido en la ciudad\u00bb, concluy\u00f3 el flamante DT Blanquinegro, quien se despidi\u00f3 de Juventud de Suipacha el domingo al dirigir el medio partido que se disput\u00f3 ante San Marcos, con victoria del tricolor por 2 a 1.<\/p>\n","protected":false},"excerpt":{"rendered":"<p>Quien estuviera a cargo de la direcci\u00f3n t\u00e9cnica de Juventud de Suipacha hasta el fin de semana pasado, dej\u00f3 de &#8230; <a title=\"Daniel Correa es el nuevo DT de Club Mercedes\" class=\"read-more\" href=\"https:\/\/www.hoymercedes.com.ar\/principal\/2016\/07\/01\/daniel-correa-es-el-nuevo-dt-de-club-mercedes\/\" aria-label=\"Leer m\u00e1s sobre Daniel Correa es el nuevo DT de Club Mercedes\">Leer m\u00e1s<\/a><\/p>\n","protected":false},"author":1,"featured_media":51977,"comment_status":"open","ping_status":"open","sticky":false,"template":"","format":"standard","meta":{"_monsterinsights_skip_tracking":false,"_monsterinsights_sitenote_active":false,"_monsterinsights_sitenote_note":"","_monsterinsights_sitenote_category":0,"jetpack_post_was_ever_published":false,"_jetpack_newsletter_access":"","_jetpack_dont_email_post_to_subs":false,"_jetpack_newsletter_tier_id":0,"_jetpack_memberships_contains_paywalled_content":false,"_jetpack_memberships_contains_paid_content":false,"footnotes":"","jetpack_publicize_message":"","jetpack_publicize_feature_enabled":true,"jetpack_social_post_already_shared":true,"jetpack_social_options":{"image_generator_settings":{"template":"highway","default_image_id":0,"font":"","enabled":false},"version":2},"_wpas_customize_per_network":false},"categories":[21],"tags":[122,9624,1003,2666],"class_list":["post-51976","post","type-post","status-publish","format-standard","has-post-thumbnail","hentry","category-deportes","tag-club-mercedes","tag-daniel-correa","tag-futbol","tag-juventud-suipacha","generate-columns","tablet-grid-50","mobile-grid-100","grid-parent","grid-50"],"jetpack_publicize_connections":[],"jetpack_featured_media_url":"https:\/\/www.hoymercedes.com.ar\/principal\/wp-content\/uploads\/2016\/07\/Daniel-Correa-2.jpg","wps_subtitle":"Asumir\u00e1 en el Clausura","jetpack_sharing_enabled":true,"_links":{"self":[{"href":"https:\/\/www.hoymercedes.com.ar\/principal\/wp-json\/wp\/v2\/posts\/51976","targetHints":{"allow":["GET"]}}],"collection":[{"href":"https:\/\/www.hoymercedes.com.ar\/principal\/wp-json\/wp\/v2\/posts"}],"about":[{"href":"https:\/\/www.hoymercedes.com.ar\/principal\/wp-json\/wp\/v2\/types\/post"}],"author":[{"embeddable":true,"href":"https:\/\/www.hoymercedes.com.ar\/principal\/wp-json\/wp\/v2\/users\/1"}],"replies":[{"embeddable":true,"href":"https:\/\/www.hoymercedes.com.ar\/principal\/wp-json\/wp\/v2\/comments?post=51976"}],"version-history":[{"count":0,"href":"https:\/\/www.hoymercedes.com.ar\/principal\/wp-json\/wp\/v2\/posts\/51976\/revisions"}],"wp:featuredmedia":[{"embeddable":true,"href":"https:\/\/www.hoymercedes.com.ar\/principal\/wp-json\/wp\/v2\/media\/51977"}],"wp:attachment":[{"href":"https:\/\/www.hoymercedes.com.ar\/principal\/wp-json\/wp\/v2\/media?parent=51976"}],"wp:term":[{"taxonomy":"category","embeddable":true,"href":"https:\/\/www.hoymercedes.com.ar\/principal\/wp-json\/wp\/v2\/categories?post=51976"},{"taxonomy":"post_tag","embeddable":true,"href":"https:\/\/www.hoymercedes.com.ar\/principal\/wp-json\/wp\/v2\/tags?post=51976"}],"curies":[{"name":"wp","href":"https:\/\/api.w.org\/{rel}","templated":true}]}}