{"id":51985,"date":"2016-07-01T15:54:30","date_gmt":"2016-07-01T18:54:30","guid":{"rendered":"http:\/\/www.hoymercedes.com.ar\/principal\/?p=51985"},"modified":"2016-07-01T15:54:30","modified_gmt":"2016-07-01T18:54:30","slug":"tres-tristes-tigres","status":"publish","type":"post","link":"https:\/\/www.hoymercedes.com.ar\/principal\/2016\/07\/01\/tres-tristes-tigres\/","title":{"rendered":"Tres Tristes Tigres"},"content":{"rendered":"<p style=\"text-align: right;\">\u00abEs mejor tener la boca cerrada y parecer est\u00fapido<\/p>\n<p style=\"text-align: right;\">que abrirla y confirmarlo\u00bb (Mark Twain).<\/p>\n<p><img loading=\"lazy\" decoding=\"async\" data-attachment-id=\"51986\" data-permalink=\"https:\/\/www.hoymercedes.com.ar\/principal\/2016\/07\/01\/tres-tristes-tigres\/01-dinova-opinion\/#main\" data-orig-file=\"https:\/\/www.hoymercedes.com.ar\/principal\/wp-content\/uploads\/2016\/07\/01-Dinova-opinion.jpg\" data-orig-size=\"958,638\" data-comments-opened=\"1\" data-image-meta=\"{&quot;aperture&quot;:&quot;0&quot;,&quot;credit&quot;:&quot;&quot;,&quot;camera&quot;:&quot;&quot;,&quot;caption&quot;:&quot;&quot;,&quot;created_timestamp&quot;:&quot;0&quot;,&quot;copyright&quot;:&quot;&quot;,&quot;focal_length&quot;:&quot;0&quot;,&quot;iso&quot;:&quot;0&quot;,&quot;shutter_speed&quot;:&quot;0&quot;,&quot;title&quot;:&quot;&quot;,&quot;orientation&quot;:&quot;0&quot;}\" data-image-title=\"01 Dinova opinion\" data-image-description=\"\" data-image-caption=\"\" data-large-file=\"https:\/\/www.hoymercedes.com.ar\/principal\/wp-content\/uploads\/2016\/07\/01-Dinova-opinion.jpg\" class=\"aligncenter size-medium wp-image-51986\" src=\"https:\/\/www.hoymercedes.com.ar\/principal\/wp-content\/uploads\/2016\/07\/01-Dinova-opinion-630x420.jpg\" alt=\"01 Dinova opinion\" width=\"630\" height=\"420\" srcset=\"https:\/\/www.hoymercedes.com.ar\/principal\/wp-content\/uploads\/2016\/07\/01-Dinova-opinion-630x420.jpg 630w, https:\/\/www.hoymercedes.com.ar\/principal\/wp-content\/uploads\/2016\/07\/01-Dinova-opinion-150x100.jpg 150w, https:\/\/www.hoymercedes.com.ar\/principal\/wp-content\/uploads\/2016\/07\/01-Dinova-opinion-300x200.jpg 300w, https:\/\/www.hoymercedes.com.ar\/principal\/wp-content\/uploads\/2016\/07\/01-Dinova-opinion.jpg 958w\" sizes=\"auto, (max-width: 630px) 100vw, 630px\" \/>Como salidos de una obra teatral del absurdo (pero sin gracia alguna) pudimos ver ayer al titular de Quebracho, paradigma de la agrupaci\u00f3n m\u00e1s violenta de la democracia, y vendible al mejor postor de servicios de inteligencia, junto a Gabriel Mariotto, \u00faltimo Vicegobernador de Buenos Aires -que practicara la sedici\u00f3n con Daniel Scioli- y al saliente ex-Vicepresidente de la Naci\u00f3n, Amado Boudou, habitante de m\u00e9danos inhallables y generador de Casas de la Moneda con impresi\u00f3n propia, coleccionista de motos caras y p\u00e9simo guitarrista ocasional, llevar adelante un acto donde entre otras bravatas golpistas se afirmaba que;<\/p>\n<p>\u00abEste gobierno (actual) va hacia una crisis segura, que ayudaremos a desatar. Es un gobierno que va a caer, y que vamos a ayudar a que se caiga, porque gobierna contra el pueblo. Por lo tanto, vamos a hacer lo posible por no dejarlos gobernar\u00bb.<\/p>\n<p>Que un impresentable marginal de la pol\u00edtica, proponga ni m\u00e1s ni menos un golpe de estado a un gobierno democr\u00e1tico, deber\u00eda ser del \u00e1mbito judicial inmediato, pero que un Vicepresidente y un Vicegobernador avalen esta locura con sus presencias, sus camperas caras y su hipocres\u00eda de pol\u00edticos de segunda, al servicio de su l\u00edder Patag\u00f3nica en peligro de justicia, nos ofende y nos repugna hasta la m\u00e9dula.<\/p>\n<p>E insulta la memoria de miles de v\u00edctimas que no tuvieron un Estado Democr\u00e1tico que los protegiera y del pueblo argentino que dijo Nunca M\u00e1s a los Golpes de Estado.<\/p>\n<p>No pertenecen al pasado, pertenecen al basurero de la historia. Han ido a barrios carenciados, que nunca pudieron salir de su postraci\u00f3n en los 12 a\u00f1os en los que les toc\u00f3 gobernar, para agitar los peligros\u00edsimos demonios de la ruptura institucional.<\/p>\n<p>\u00bfC\u00f3mo si alguna vez, una sola familia pobre hubiera atentado contra la democracia para defender el plato de comida de sus hijos? Es cierto, no lo pueden saber, nunca han trabajado.<\/p>\n<p>NO lo vamos a permitir!! NO lo vamos a permitir!!<\/p>\n<p>Son Tres Tristes Tigres, que ning\u00fan zool\u00f3gico del mundo querr\u00e1 recibir&#8230;<\/p>\n<p>Por suerte.<\/p>\n<p>&nbsp;<\/p>\n<p>Oscar Dinova &#8211;\u00a0 Escritor<\/p>\n","protected":false},"excerpt":{"rendered":"<p>\u00abEs mejor tener la boca cerrada y parecer est\u00fapido que abrirla y confirmarlo\u00bb (Mark Twain). Como salidos de una obra &#8230; <a title=\"Tres Tristes Tigres\" class=\"read-more\" href=\"https:\/\/www.hoymercedes.com.ar\/principal\/2016\/07\/01\/tres-tristes-tigres\/\" aria-label=\"Leer m\u00e1s sobre Tres Tristes Tigres\">Leer m\u00e1s<\/a><\/p>\n","protected":false},"author":1,"featured_media":51986,"comment_status":"open","ping_status":"open","sticky":false,"template":"","format":"standard","meta":{"_monsterinsights_skip_tracking":false,"_monsterinsights_sitenote_active":false,"_monsterinsights_sitenote_note":"","_monsterinsights_sitenote_category":0,"jetpack_post_was_ever_published":false,"_jetpack_newsletter_access":"","_jetpack_dont_email_post_to_subs":false,"_jetpack_newsletter_tier_id":0,"_jetpack_memberships_contains_paywalled_content":false,"_jetpack_memberships_contains_paid_content":false,"footnotes":"","jetpack_publicize_message":"","jetpack_publicize_feature_enabled":true,"jetpack_social_post_already_shared":true,"jetpack_social_options":{"image_generator_settings":{"template":"highway","default_image_id":0,"font":"","enabled":false},"version":2},"_wpas_customize_per_network":false},"categories":[1],"tags":[8748,1288],"class_list":["post-51985","post","type-post","status-publish","format-standard","has-post-thumbnail","hentry","category-opinion","tag-opinion","tag-oscar-dinova","generate-columns","tablet-grid-50","mobile-grid-100","grid-parent","grid-50"],"jetpack_publicize_connections":[],"jetpack_featured_media_url":"https:\/\/www.hoymercedes.com.ar\/principal\/wp-content\/uploads\/2016\/07\/01-Dinova-opinion.jpg","wps_subtitle":"Opini\u00f3n Oscar Dinova","jetpack_sharing_enabled":true,"_links":{"self":[{"href":"https:\/\/www.hoymercedes.com.ar\/principal\/wp-json\/wp\/v2\/posts\/51985","targetHints":{"allow":["GET"]}}],"collection":[{"href":"https:\/\/www.hoymercedes.com.ar\/principal\/wp-json\/wp\/v2\/posts"}],"about":[{"href":"https:\/\/www.hoymercedes.com.ar\/principal\/wp-json\/wp\/v2\/types\/post"}],"author":[{"embeddable":true,"href":"https:\/\/www.hoymercedes.com.ar\/principal\/wp-json\/wp\/v2\/users\/1"}],"replies":[{"embeddable":true,"href":"https:\/\/www.hoymercedes.com.ar\/principal\/wp-json\/wp\/v2\/comments?post=51985"}],"version-history":[{"count":0,"href":"https:\/\/www.hoymercedes.com.ar\/principal\/wp-json\/wp\/v2\/posts\/51985\/revisions"}],"wp:featuredmedia":[{"embeddable":true,"href":"https:\/\/www.hoymercedes.com.ar\/principal\/wp-json\/wp\/v2\/media\/51986"}],"wp:attachment":[{"href":"https:\/\/www.hoymercedes.com.ar\/principal\/wp-json\/wp\/v2\/media?parent=51985"}],"wp:term":[{"taxonomy":"category","embeddable":true,"href":"https:\/\/www.hoymercedes.com.ar\/principal\/wp-json\/wp\/v2\/categories?post=51985"},{"taxonomy":"post_tag","embeddable":true,"href":"https:\/\/www.hoymercedes.com.ar\/principal\/wp-json\/wp\/v2\/tags?post=51985"}],"curies":[{"name":"wp","href":"https:\/\/api.w.org\/{rel}","templated":true}]}}