{"id":52021,"date":"2016-07-02T09:25:06","date_gmt":"2016-07-02T12:25:06","guid":{"rendered":"http:\/\/www.hoymercedes.com.ar\/principal\/?p=52021"},"modified":"2016-07-02T11:23:46","modified_gmt":"2016-07-02T14:23:46","slug":"la-educacion-el-educador","status":"publish","type":"post","link":"https:\/\/www.hoymercedes.com.ar\/principal\/2016\/07\/02\/la-educacion-el-educador\/","title":{"rendered":"La Educaci\u00f3n, el Educador"},"content":{"rendered":"<p><em>Por \u00a0el Prof.Eduardo J. Pisoni*<\/em> \/ El concepto de \u201c<strong>calidad educativa<\/strong>\u201d es un concepto complejo puesto que, el hecho al que alude (la educaci\u00f3n), es una realidad compleja en s\u00ed mismo y de m\u00faltiples dimensiones, desde la estructura del sistema educativo, pasando por las pol\u00edticas educativas, las diferentes realidades sociales, hasta el acto educativo mismo que se concreta en las aulas y sus \u201cresultados\u201d;\u00a0 porque es \u00a0en los resultados donde se verifica\u00a0 dicha calidad.<\/p>\n<p>En esta misma l\u00ednea diremos que una instituci\u00f3n educativa de calidad es aquella en que sus alumnos progresan al m\u00e1ximo de sus posibilidades para insertarse exitosamente en la sociedad. Y uno de los actores axiales de la instituci\u00f3n educativa es el <strong>educador<\/strong>. Muy claramente lo expresa la Acad\u00e9mica Prof. Mar\u00eda C. Agudo de C\u00f3rsico cuando refiri\u00e9ndose a formaci\u00f3n docente se\u00f1ala que \u00ab&#8230;la misi\u00f3n de quien educa consiste en contribuir, con la mayor nobleza, a configurar espiritualmente la personalidad de otros seres humanos ayudando a estos al desarrollo pleno de sus mejores potencialidades, provey\u00e9ndoles recursos cognoscitivos, morales y pr\u00e1cticos que les permitan insertarse en su sociedad de manera arm\u00f3nica, eficiente y exitosa\u201d. Queda sumamente claro cu\u00e1l es la misi\u00f3n de quien educa, y por tanto la formaci\u00f3n personal y acad\u00e9mica requerida en orden a una educaci\u00f3n de excelencia, en orden tambi\u00e9n al reconocimiento social de su labor.<\/p>\n<p>Ahora bien, cuando cotejamos estas afirmaciones con algunos aspectos de nuestra realidad, se nos presenta una seria preocupaci\u00f3n. Seg\u00fan datos obtenidos en la Escuela Normal Superior\u00a0 \u00a0I.S.F.D. \u00a0N\u00b0 137, en los \u00faltimos 10 a\u00f1os el promedio de egresados con el t\u00edtulo de maestro no alcanza a 11 alumnos recibidos por a\u00f1o. A su vez, la demanda de maestros para la cobertura de suplencias y provisionalidades en nuestro distrito es enorme; seg\u00fan datos obtenidos en la Secretar\u00eda de Asuntos Docentes (S.A.D.),\u00a0 en\u00a0 el per\u00edodo lectivo 2015 se efectuaron alrededor de 200 coberturas de cargos suplentes y provisionales en el nivel primario.<\/p>\n<p>\u00bfQu\u00e9 ocurre cuando S.A.D., a demanda de los servicios educativos,\u00a0 debe\u00a0 designar docentes para cubrir los cargos solicitados y no\u00a0 cuenta con inscriptos con t\u00edtulo habilitante? Recurre al listado de emergencia en el que, como tal, se encuentran inscriptos docentes sin t\u00edtulo habilitante, estudiantes del profesorado, \u00a0docentes de otras ramas de la ense\u00f1anza, etc .etc. que sin dudas tendr\u00e1n las mejores cualidades personales\u00a0 y deseos de inserci\u00f3n laboral, pero no siempre cuentan con el aval del\u00a0 t\u00edtulo que habilita para el desempe\u00f1o en el nivel. En el presente per\u00edodo lectivo (2016), a dos meses de iniciadas las clases, la S.A.D. tuvo que recurrir al listado de emergencia para cubrir suplencias en el nivel primario de educaci\u00f3n de adultos.<\/p>\n<p>Para lograr el objetivo de alcanzar calidad y excelencia educativa, adem\u00e1s de las adecuadas condiciones personales del educador, la mejor disposici\u00f3n para el trabajo y el deseo personal para ejercer la tarea docente, se requiere algo m\u00e1s. La escuela no s\u00f3lo debe contener, ser\u00eda ocioso explicar aqu\u00ed cu\u00e1l es la funci\u00f3n de la escuela y del educador.<\/p>\n<p>Entendemos \u00a0que esta es una realidad\u00a0 dif\u00edcil de revertir a corto o mediano plazo, no es una cuesti\u00f3n coyuntural ni de una gesti\u00f3n pol\u00edtica de gobierno, pero es de tal importancia que no se puede obviar y requiere comenzar pensar en estrategias de acci\u00f3n por parte de todos los estamentos del sistema educativo. Necesitamos m\u00e1s educadores formados. \u00a0Creo que debemos pensar esto desde los equipos escolares, las inspecciones respectivas hasta el nivel central de educaci\u00f3n, sin descartar la participaci\u00f3n de diferentes \u00a0actores de la comunidad.<\/p>\n<p>&nbsp;<\/p>\n<p><em>Eduardo J. Pisoni* es Docente de Pedagog\u00eda en el Instituto Superior de Formaci\u00f3n Docente N\u00ba 137 (Escuela Normal) de Mercedes.\u00a0<\/em><\/p>\n<p>&nbsp;<\/p>\n<p>&nbsp;<\/p>\n<p>&nbsp;<\/p>\n<p>&nbsp;<\/p>\n<p>&nbsp;<\/p>\n<p>&nbsp;<\/p>\n","protected":false},"excerpt":{"rendered":"<p>Por \u00a0el Prof.Eduardo J. Pisoni* \/ El concepto de \u201ccalidad educativa\u201d es un concepto complejo puesto que, el hecho al &#8230; <a title=\"La Educaci\u00f3n, el Educador\" class=\"read-more\" href=\"https:\/\/www.hoymercedes.com.ar\/principal\/2016\/07\/02\/la-educacion-el-educador\/\" aria-label=\"Leer m\u00e1s sobre La Educaci\u00f3n, el Educador\">Leer m\u00e1s<\/a><\/p>\n","protected":false},"author":1,"featured_media":0,"comment_status":"open","ping_status":"open","sticky":false,"template":"","format":"standard","meta":{"_monsterinsights_skip_tracking":false,"_monsterinsights_sitenote_active":false,"_monsterinsights_sitenote_note":"","_monsterinsights_sitenote_category":0,"jetpack_post_was_ever_published":false,"_jetpack_newsletter_access":"","_jetpack_dont_email_post_to_subs":false,"_jetpack_newsletter_tier_id":0,"_jetpack_memberships_contains_paywalled_content":false,"_jetpack_memberships_contains_paid_content":false,"footnotes":"","jetpack_publicize_message":"","jetpack_publicize_feature_enabled":true,"jetpack_social_post_already_shared":true,"jetpack_social_options":{"image_generator_settings":{"template":"highway","default_image_id":0,"font":"","enabled":false},"version":2},"_wpas_customize_per_network":false},"categories":[23],"tags":[47,8748,9261],"class_list":["post-52021","post","type-post","status-publish","format-standard","hentry","category-educacion","tag-educacion-2","tag-opinion","tag-pisoni","generate-columns","tablet-grid-50","mobile-grid-100","grid-parent","grid-50"],"jetpack_publicize_connections":[],"jetpack_featured_media_url":"","wps_subtitle":"Opini\u00f3n","jetpack_sharing_enabled":true,"_links":{"self":[{"href":"https:\/\/www.hoymercedes.com.ar\/principal\/wp-json\/wp\/v2\/posts\/52021","targetHints":{"allow":["GET"]}}],"collection":[{"href":"https:\/\/www.hoymercedes.com.ar\/principal\/wp-json\/wp\/v2\/posts"}],"about":[{"href":"https:\/\/www.hoymercedes.com.ar\/principal\/wp-json\/wp\/v2\/types\/post"}],"author":[{"embeddable":true,"href":"https:\/\/www.hoymercedes.com.ar\/principal\/wp-json\/wp\/v2\/users\/1"}],"replies":[{"embeddable":true,"href":"https:\/\/www.hoymercedes.com.ar\/principal\/wp-json\/wp\/v2\/comments?post=52021"}],"version-history":[{"count":0,"href":"https:\/\/www.hoymercedes.com.ar\/principal\/wp-json\/wp\/v2\/posts\/52021\/revisions"}],"wp:attachment":[{"href":"https:\/\/www.hoymercedes.com.ar\/principal\/wp-json\/wp\/v2\/media?parent=52021"}],"wp:term":[{"taxonomy":"category","embeddable":true,"href":"https:\/\/www.hoymercedes.com.ar\/principal\/wp-json\/wp\/v2\/categories?post=52021"},{"taxonomy":"post_tag","embeddable":true,"href":"https:\/\/www.hoymercedes.com.ar\/principal\/wp-json\/wp\/v2\/tags?post=52021"}],"curies":[{"name":"wp","href":"https:\/\/api.w.org\/{rel}","templated":true}]}}