{"id":52113,"date":"2016-07-05T12:07:05","date_gmt":"2016-07-05T15:07:05","guid":{"rendered":"http:\/\/www.hoymercedes.com.ar\/principal\/?p=52113"},"modified":"2016-07-05T12:07:05","modified_gmt":"2016-07-05T15:07:05","slug":"desbaratan-casa-de-venta-de-drogas-tras-denuncias","status":"publish","type":"post","link":"https:\/\/www.hoymercedes.com.ar\/principal\/2016\/07\/05\/desbaratan-casa-de-venta-de-drogas-tras-denuncias\/","title":{"rendered":"Desbaratan casa de venta de drogas tras denuncias"},"content":{"rendered":"<p><img loading=\"lazy\" decoding=\"async\" data-attachment-id=\"52114\" data-permalink=\"https:\/\/www.hoymercedes.com.ar\/principal\/2016\/07\/05\/desbaratan-casa-de-venta-de-drogas-tras-denuncias\/poli-8\/#main\" data-orig-file=\"https:\/\/www.hoymercedes.com.ar\/principal\/wp-content\/uploads\/2016\/07\/poli.jpg\" data-orig-size=\"600,340\" data-comments-opened=\"1\" data-image-meta=\"{&quot;aperture&quot;:&quot;0&quot;,&quot;credit&quot;:&quot;&quot;,&quot;camera&quot;:&quot;&quot;,&quot;caption&quot;:&quot;&quot;,&quot;created_timestamp&quot;:&quot;0&quot;,&quot;copyright&quot;:&quot;&quot;,&quot;focal_length&quot;:&quot;0&quot;,&quot;iso&quot;:&quot;0&quot;,&quot;shutter_speed&quot;:&quot;0&quot;,&quot;title&quot;:&quot;&quot;,&quot;orientation&quot;:&quot;0&quot;}\" data-image-title=\"poli\" data-image-description=\"\" data-image-caption=\"\" data-large-file=\"https:\/\/www.hoymercedes.com.ar\/principal\/wp-content\/uploads\/2016\/07\/poli.jpg\" class=\"aligncenter size-full wp-image-52114\" src=\"https:\/\/www.hoymercedes.com.ar\/principal\/wp-content\/uploads\/2016\/07\/poli.jpg\" alt=\"poli\" width=\"600\" height=\"340\" srcset=\"https:\/\/www.hoymercedes.com.ar\/principal\/wp-content\/uploads\/2016\/07\/poli.jpg 600w, https:\/\/www.hoymercedes.com.ar\/principal\/wp-content\/uploads\/2016\/07\/poli-150x85.jpg 150w\" sizes=\"auto, (max-width: 600px) 100vw, 600px\" \/>Un importante operativo antinarc\u00f3ticos se desarroll\u00f3 durante este fin de semana en la ciudad.<\/p>\n<p>Este s\u00e1bado, personal de la DDI, Narcotr\u00e1fico y Polic\u00eda Comunal Mercedes en forma conjunta con el Gabinete Criminol\u00f3gico llevaron adelante un allanamiento en calle 48 N\u00b0 881 donde se logr\u00f3 la incautaci\u00f3n de distintos elementos y la detenci\u00f3n de dos personas. Se trata de Agust\u00edn Andr\u00e9s, alias \u201cEl Gordo\u201d (38 a\u00f1os) y Andrea Castro, conocida como \u201cLa Negra\u201d (29).<\/p>\n<p>El operativo se desarroll\u00f3 con instrucciones de la UFI N\u00ba 3 y orden del Juzgado de Garant\u00edas N\u00b0 1 del Departamento Judicial Mercedes, sobre dos viviendas que se encuentran en el mismo terreno.<\/p>\n<p>Se lograron secuestrar 23 gramos de coca\u00edna, 15 gramos de marihuana, dinero en efectivo de distinta denominaci\u00f3n, elementos de \u201ccorte\u201d de droga, balanza de precisi\u00f3n, y aparatos de telefon\u00eda celular.<\/p>\n<p>Ambos detenidos fueron puestos a disposici\u00f3n de la Fiscal\u00eda interviniente junto al juzgado de Garant\u00edas actuante por el delito de \u201cInfracci\u00f3n a la Ley 23.737\u201d.<\/p>\n<p>Seg\u00fan trascendi\u00f3 los vecinos del barrio ya hab\u00edan realizado en el \u00faltimo tiempo varias denuncias por posibles il\u00edcitos en dicha finca. De hecho hace poco tiempo vecinos hab\u00edan mantenido reuniones con autoridades municipales solicitando intervenci\u00f3n y soluci\u00f3n a este tema porque tra\u00eda muchos problemas en el barrio. Es en ese sentido que el municipio apoy\u00f3 fuertemente a la fuerza policial con recursos para erradicar este tipo de delitos, con el trabajo mancomunado de la Fiscal\u00eda General para poder avanzar y terminar con este flagelo en la ciudad.<\/p>\n<p>Seg\u00fan informaron, si existen vecinos que en la ciudad tengan este tipo de problemas las denuncias son an\u00f3nimas y se realizan en la fiscal\u00eda.<\/p>\n<p>A su vez trascendi\u00f3 el municipio est\u00e1 trabajando en la creaci\u00f3n de un 0-800 para recepcionar denuncias an\u00f3nimas por ventas de drogas en Mercedes, marcando as\u00ed una clara decisi\u00f3n pol\u00edtica de terminar con este flagelo que afecta a algunos sectores de la comunidad.<\/p>\n","protected":false},"excerpt":{"rendered":"<p>Un importante operativo antinarc\u00f3ticos se desarroll\u00f3 durante este fin de semana en la ciudad. Este s\u00e1bado, personal de la DDI, &#8230; <a title=\"Desbaratan casa de venta de drogas tras denuncias\" class=\"read-more\" href=\"https:\/\/www.hoymercedes.com.ar\/principal\/2016\/07\/05\/desbaratan-casa-de-venta-de-drogas-tras-denuncias\/\" aria-label=\"Leer m\u00e1s sobre Desbaratan casa de venta de drogas tras denuncias\">Leer m\u00e1s<\/a><\/p>\n","protected":false},"author":1,"featured_media":52114,"comment_status":"open","ping_status":"open","sticky":false,"template":"","format":"standard","meta":{"_monsterinsights_skip_tracking":false,"_monsterinsights_sitenote_active":false,"_monsterinsights_sitenote_note":"","_monsterinsights_sitenote_category":0,"jetpack_post_was_ever_published":false,"_jetpack_newsletter_access":"","_jetpack_dont_email_post_to_subs":false,"_jetpack_newsletter_tier_id":0,"_jetpack_memberships_contains_paywalled_content":false,"_jetpack_memberships_contains_paid_content":false,"footnotes":"","jetpack_publicize_message":"","jetpack_publicize_feature_enabled":true,"jetpack_social_post_already_shared":true,"jetpack_social_options":{"image_generator_settings":{"template":"highway","default_image_id":0,"font":"","enabled":false},"version":2},"_wpas_customize_per_network":false},"categories":[85],"tags":[97,9646,9647,26,3924],"class_list":["post-52113","post","type-post","status-publish","format-standard","has-post-thumbnail","hentry","category-policial","tag-allanamiento","tag-antinarcoticos","tag-cocaina","tag-detenidos","tag-marihuana","generate-columns","tablet-grid-50","mobile-grid-100","grid-parent","grid-50"],"jetpack_publicize_connections":[],"jetpack_featured_media_url":"https:\/\/www.hoymercedes.com.ar\/principal\/wp-content\/uploads\/2016\/07\/poli.jpg","wps_subtitle":"El s\u00e1bado","jetpack_sharing_enabled":true,"_links":{"self":[{"href":"https:\/\/www.hoymercedes.com.ar\/principal\/wp-json\/wp\/v2\/posts\/52113","targetHints":{"allow":["GET"]}}],"collection":[{"href":"https:\/\/www.hoymercedes.com.ar\/principal\/wp-json\/wp\/v2\/posts"}],"about":[{"href":"https:\/\/www.hoymercedes.com.ar\/principal\/wp-json\/wp\/v2\/types\/post"}],"author":[{"embeddable":true,"href":"https:\/\/www.hoymercedes.com.ar\/principal\/wp-json\/wp\/v2\/users\/1"}],"replies":[{"embeddable":true,"href":"https:\/\/www.hoymercedes.com.ar\/principal\/wp-json\/wp\/v2\/comments?post=52113"}],"version-history":[{"count":0,"href":"https:\/\/www.hoymercedes.com.ar\/principal\/wp-json\/wp\/v2\/posts\/52113\/revisions"}],"wp:featuredmedia":[{"embeddable":true,"href":"https:\/\/www.hoymercedes.com.ar\/principal\/wp-json\/wp\/v2\/media\/52114"}],"wp:attachment":[{"href":"https:\/\/www.hoymercedes.com.ar\/principal\/wp-json\/wp\/v2\/media?parent=52113"}],"wp:term":[{"taxonomy":"category","embeddable":true,"href":"https:\/\/www.hoymercedes.com.ar\/principal\/wp-json\/wp\/v2\/categories?post=52113"},{"taxonomy":"post_tag","embeddable":true,"href":"https:\/\/www.hoymercedes.com.ar\/principal\/wp-json\/wp\/v2\/tags?post=52113"}],"curies":[{"name":"wp","href":"https:\/\/api.w.org\/{rel}","templated":true}]}}