{"id":52116,"date":"2016-07-05T17:07:15","date_gmt":"2016-07-05T20:07:15","guid":{"rendered":"http:\/\/www.hoymercedes.com.ar\/principal\/?p=52116"},"modified":"2016-07-06T10:09:54","modified_gmt":"2016-07-06T13:09:54","slug":"en-el-barrio-redes-lo-detuvieron-en-fraganti","status":"publish","type":"post","link":"https:\/\/www.hoymercedes.com.ar\/principal\/2016\/07\/05\/en-el-barrio-redes-lo-detuvieron-en-fraganti\/","title":{"rendered":"En el barrio Redes, lo detuvieron \u00abin fraganti\u00bb"},"content":{"rendered":"<p><img loading=\"lazy\" decoding=\"async\" data-attachment-id=\"52114\" data-permalink=\"https:\/\/www.hoymercedes.com.ar\/principal\/2016\/07\/05\/desbaratan-casa-de-venta-de-drogas-tras-denuncias\/poli-8\/#main\" data-orig-file=\"https:\/\/www.hoymercedes.com.ar\/principal\/wp-content\/uploads\/2016\/07\/poli.jpg\" data-orig-size=\"600,340\" data-comments-opened=\"1\" data-image-meta=\"{&quot;aperture&quot;:&quot;0&quot;,&quot;credit&quot;:&quot;&quot;,&quot;camera&quot;:&quot;&quot;,&quot;caption&quot;:&quot;&quot;,&quot;created_timestamp&quot;:&quot;0&quot;,&quot;copyright&quot;:&quot;&quot;,&quot;focal_length&quot;:&quot;0&quot;,&quot;iso&quot;:&quot;0&quot;,&quot;shutter_speed&quot;:&quot;0&quot;,&quot;title&quot;:&quot;&quot;,&quot;orientation&quot;:&quot;0&quot;}\" data-image-title=\"poli\" data-image-description=\"\" data-image-caption=\"\" data-large-file=\"https:\/\/www.hoymercedes.com.ar\/principal\/wp-content\/uploads\/2016\/07\/poli.jpg\" class=\"aligncenter size-full wp-image-52114\" src=\"https:\/\/www.hoymercedes.com.ar\/principal\/wp-content\/uploads\/2016\/07\/poli.jpg\" alt=\"poli\" width=\"600\" height=\"340\" srcset=\"https:\/\/www.hoymercedes.com.ar\/principal\/wp-content\/uploads\/2016\/07\/poli.jpg 600w, https:\/\/www.hoymercedes.com.ar\/principal\/wp-content\/uploads\/2016\/07\/poli-150x85.jpg 150w\" sizes=\"auto, (max-width: 600px) 100vw, 600px\" \/>El jueves, la Polic\u00eda Comunal recibi\u00f3 una denuncia a trav\u00e9s de un llamado al 911 dando cuenta que en una obra en construcci\u00f3n de calles 26 y 61 desconocidos estar\u00edan llev\u00e1ndose elementos del lugar.<\/p>\n<p>Cuando los efectivos policiales llegaron al predio del Club Redes, pudieron observar a tres personas que llevaban sobre sus hombros chapas perteneciente a dicha obra. Al darse cuenta de la presencia de los uniformados, estos se dieron r\u00e1pidamente a la fuga, abandonando los elementos de la obra.<\/p>\n<p>Se realiz\u00f3 una persecuci\u00f3n\u00a0 tras la cual se logr\u00f3 aprehender a uno de estos, entre los pastizales cercanos al lugar. Fue identificado como Jorge Vega, de 34 a\u00f1os y en la requisa se le encontr\u00f3 un arma tipo faca.<\/p>\n<p>Se iniciaron actuaciones por el delito de robo, con intervenci\u00f3n de la UFI N\u00ba 6, en turno, a cargo del doctor Guillermo Massaroni.<\/p>\n<p>&nbsp;<\/p>\n<p><strong>\u00a0Otros hechos policiales<\/strong><\/p>\n<p>En tanto, el pasado lunes, un sujeto viol\u00f3 la restricci\u00f3n perimetral dispuesta por el Tribunal de Familia N\u00ba 2 al ser sorprendido frente a una vivienda de calles 30 entre 61 y 63, donde se domicilia su ex pareja.<\/p>\n<p>En tanto, el martes, otro sujeto tambi\u00e9n viol\u00f3 la restricci\u00f3n y se adentr\u00f3 a la vivienda de su ex pareja en calles 14 y avenida 47.<\/p>\n<p>Por desobedecer la medida, ambos fueron aprendidos y llevados a la comisar\u00eda local.<\/p>\n<p>El viernes, personal de la Polic\u00eda Comunal, en el marco de los operativos de interceptaci\u00f3n que se llevan a diario junto a efectivos de Polic\u00eda Local, en calle 35 y 12 de esta ciudad, procedieron al secuestro de una motocicleta marca Maverik cilindrada 110, por poseer el motor pedido de secuestro en vigencia.<\/p>\n<p>El ocupante del rodado secuestrado fue conducido a la Estaci\u00f3n de Polic\u00eda Comunal Mercedes, donde se lo notific\u00f3 de la formaci\u00f3n de una causa por el delito de \u201cencubrimiento\u201d, quedando luego en libertad.<\/p>\n<p>Mientras que el s\u00e1bado, en avenida 29 entre 44 y 46 ocurri\u00f3 un accidente de tr\u00e1nsito, entre dos veh\u00edculos que afortunadamente no result\u00f3 en heridas mayores.<\/p>\n<p>Sin perjuicio de la realizaci\u00f3n de las respectivas actuaciones judiciales por \u201cLesiones Culposas\u201d se procedi\u00f3 a la aprehensi\u00f3n del conductor de motocicleta Yamaha, YBR cilindrada 125, que result\u00f3 ser menor de edad, por poseer en vigencia dicho rodado pedido de secuestro, por el robo de la misma en el mes de marzo, solicitado por la seccional 50 de Polic\u00eda Federal. El menor fue entregado a sus progenitores.<\/p>\n","protected":false},"excerpt":{"rendered":"<p>El jueves, la Polic\u00eda Comunal recibi\u00f3 una denuncia a trav\u00e9s de un llamado al 911 dando cuenta que en una &#8230; <a title=\"En el barrio Redes, lo detuvieron \u00abin fraganti\u00bb\" class=\"read-more\" href=\"https:\/\/www.hoymercedes.com.ar\/principal\/2016\/07\/05\/en-el-barrio-redes-lo-detuvieron-en-fraganti\/\" aria-label=\"Leer m\u00e1s sobre En el barrio Redes, lo detuvieron \u00abin fraganti\u00bb\">Leer m\u00e1s<\/a><\/p>\n","protected":false},"author":1,"featured_media":52114,"comment_status":"open","ping_status":"open","sticky":false,"template":"","format":"standard","meta":{"_monsterinsights_skip_tracking":false,"_monsterinsights_sitenote_active":false,"_monsterinsights_sitenote_note":"","_monsterinsights_sitenote_category":0,"jetpack_post_was_ever_published":false,"_jetpack_newsletter_access":"","_jetpack_dont_email_post_to_subs":false,"_jetpack_newsletter_tier_id":0,"_jetpack_memberships_contains_paywalled_content":false,"_jetpack_memberships_contains_paid_content":false,"footnotes":"","jetpack_publicize_message":"","jetpack_publicize_feature_enabled":true,"jetpack_social_post_already_shared":true,"jetpack_social_options":{"image_generator_settings":{"template":"highway","default_image_id":0,"font":"","enabled":false},"version":2},"_wpas_customize_per_network":false},"categories":[85],"tags":[6728,8927,889],"class_list":["post-52116","post","type-post","status-publish","format-standard","has-post-thumbnail","hentry","category-policial","tag-detenido","tag-hechos-policiales","tag-robo","generate-columns","tablet-grid-50","mobile-grid-100","grid-parent","grid-50"],"jetpack_publicize_connections":[],"jetpack_featured_media_url":"https:\/\/www.hoymercedes.com.ar\/principal\/wp-content\/uploads\/2016\/07\/poli.jpg","wps_subtitle":"Hechos policiales","jetpack_sharing_enabled":true,"_links":{"self":[{"href":"https:\/\/www.hoymercedes.com.ar\/principal\/wp-json\/wp\/v2\/posts\/52116","targetHints":{"allow":["GET"]}}],"collection":[{"href":"https:\/\/www.hoymercedes.com.ar\/principal\/wp-json\/wp\/v2\/posts"}],"about":[{"href":"https:\/\/www.hoymercedes.com.ar\/principal\/wp-json\/wp\/v2\/types\/post"}],"author":[{"embeddable":true,"href":"https:\/\/www.hoymercedes.com.ar\/principal\/wp-json\/wp\/v2\/users\/1"}],"replies":[{"embeddable":true,"href":"https:\/\/www.hoymercedes.com.ar\/principal\/wp-json\/wp\/v2\/comments?post=52116"}],"version-history":[{"count":0,"href":"https:\/\/www.hoymercedes.com.ar\/principal\/wp-json\/wp\/v2\/posts\/52116\/revisions"}],"wp:featuredmedia":[{"embeddable":true,"href":"https:\/\/www.hoymercedes.com.ar\/principal\/wp-json\/wp\/v2\/media\/52114"}],"wp:attachment":[{"href":"https:\/\/www.hoymercedes.com.ar\/principal\/wp-json\/wp\/v2\/media?parent=52116"}],"wp:term":[{"taxonomy":"category","embeddable":true,"href":"https:\/\/www.hoymercedes.com.ar\/principal\/wp-json\/wp\/v2\/categories?post=52116"},{"taxonomy":"post_tag","embeddable":true,"href":"https:\/\/www.hoymercedes.com.ar\/principal\/wp-json\/wp\/v2\/tags?post=52116"}],"curies":[{"name":"wp","href":"https:\/\/api.w.org\/{rel}","templated":true}]}}