{"id":52170,"date":"2016-07-08T15:25:34","date_gmt":"2016-07-08T18:25:34","guid":{"rendered":"http:\/\/www.hoymercedes.com.ar\/principal\/?p=52170"},"modified":"2016-07-06T15:32:48","modified_gmt":"2016-07-06T18:32:48","slug":"52170","status":"publish","type":"post","link":"https:\/\/www.hoymercedes.com.ar\/principal\/2016\/07\/08\/52170\/","title":{"rendered":"MRC derrot\u00f3 a Tigre y sue\u00f1a"},"content":{"rendered":"<div class=\"itemIntroText\">\n<p><strong>Por Diego C\u00e1rdenas. Con una muy buena actuaci\u00f3n, venci\u00f3 a Tigre Rugby Club 29 a 11. En Intermedia tambi\u00e9n gan\u00f3 Mercedes: 20 a 10.<\/strong><\/p>\n<p><img loading=\"lazy\" decoding=\"async\" data-attachment-id=\"52171\" data-permalink=\"https:\/\/www.hoymercedes.com.ar\/principal\/2016\/07\/08\/52170\/mrcvstigre-reubicgiii-2016-15-730x485\/#main\" data-orig-file=\"https:\/\/www.hoymercedes.com.ar\/principal\/wp-content\/uploads\/2016\/07\/MRCVsTigre-ReubicGIII-2016-15-730x485.jpg\" data-orig-size=\"730,485\" data-comments-opened=\"1\" data-image-meta=\"{&quot;aperture&quot;:&quot;0&quot;,&quot;credit&quot;:&quot;&quot;,&quot;camera&quot;:&quot;&quot;,&quot;caption&quot;:&quot;&quot;,&quot;created_timestamp&quot;:&quot;0&quot;,&quot;copyright&quot;:&quot;&quot;,&quot;focal_length&quot;:&quot;0&quot;,&quot;iso&quot;:&quot;0&quot;,&quot;shutter_speed&quot;:&quot;0&quot;,&quot;title&quot;:&quot;&quot;,&quot;orientation&quot;:&quot;0&quot;}\" data-image-title=\"MRCVsTigre-ReubicGIII-2016-15-730&amp;#215;485\" data-image-description=\"\" data-image-caption=\"\" data-large-file=\"https:\/\/www.hoymercedes.com.ar\/principal\/wp-content\/uploads\/2016\/07\/MRCVsTigre-ReubicGIII-2016-15-730x485.jpg\" class=\"aligncenter size-medium wp-image-52171\" src=\"https:\/\/www.hoymercedes.com.ar\/principal\/wp-content\/uploads\/2016\/07\/MRCVsTigre-ReubicGIII-2016-15-730x485-630x419.jpg\" alt=\"MRCVsTigre-ReubicGIII-2016-15-730x485\" width=\"630\" height=\"419\" srcset=\"https:\/\/www.hoymercedes.com.ar\/principal\/wp-content\/uploads\/2016\/07\/MRCVsTigre-ReubicGIII-2016-15-730x485-630x419.jpg 630w, https:\/\/www.hoymercedes.com.ar\/principal\/wp-content\/uploads\/2016\/07\/MRCVsTigre-ReubicGIII-2016-15-730x485-150x100.jpg 150w, https:\/\/www.hoymercedes.com.ar\/principal\/wp-content\/uploads\/2016\/07\/MRCVsTigre-ReubicGIII-2016-15-730x485-300x200.jpg 300w, https:\/\/www.hoymercedes.com.ar\/principal\/wp-content\/uploads\/2016\/07\/MRCVsTigre-ReubicGIII-2016-15-730x485.jpg 730w\" sizes=\"auto, (max-width: 630px) 100vw, 630px\" \/><\/p>\n<\/div>\n<div class=\"itemFullText\">\n<p>Mercedes est\u00e1 cumpliendo en la Reubicaci\u00f3n del GIII, y esta vez, ante su p\u00fablico, logr\u00f3 imponerse claramente a Tigre R.C.\u00a0Pero al comienzo no la pas\u00f3 bien, ya que el equipo visitante arranc\u00f3 ganando con un try. Luego, el partido se emparej\u00f3 casi hasta el final de la primera parte, cuando los nuestros comenzaron a manejar la pelota y sacando una diferencia, apoyaron dos tries, uno con su conversi\u00f3n. Sobre el pitazo que marcaba el entretiempo, Tigre sum\u00f3 de a tres con un penal y quedaron 12 a 8.\u00a0Pero el segundo tiempo no se desarroll\u00f3 de la misma manera, porque Mercedes fue m\u00e1s categ\u00f3rico. Lleg\u00f3 un try con gol, luego Tigre acert\u00f3 un penal y sobre el final del encuentro llegaron los dos tries que pusieron las cifras definitivas en 29 a 11.Mercedes fue mejorando a medida que pasaban los minutos. Su rival lo primeri\u00f3 y de entrada le anot\u00f3, pero luego supo adecuarse, sus gordos buscaron protagonismo y obtuvieron pelotas para jugar. Entreverados en el abierto, pudieron liquidar el partido.\u00a0Tigre jug\u00f3 bien media hora, en la cual apoy\u00f3 y mantuvo a su rival a raya. Pero luego, en el cambio de ritmo, no pudo contenerlo. Trat\u00f3 de restablecer juego con los cambios, pero su rival estuvo m\u00e1s concentrado.<\/p>\n<p><strong>S\u00edntesis:<\/strong><\/p>\n<p>Primer tiempo: 7\u00b4 try de Mart\u00edn Guiraldi (T),\u00a0 35\u00b4 gol de Franco Paladino por try de Norberto Ber\u00f3n (M), 39\u00b4 try de Mateo Martino (M) y 41\u00b4 penal de Mart\u00edn Guiraldi (T). Resultado parcial: 12 a 8.<\/p>\n<p>Segundo tiempo: 12\u00b4 gol de Jonatan Reynoso por try de Maximiliano Mainieri (M), 19\u00b4 penal de Juan Mazzei (T), 35\u00b4 try de Mateo Martino (M) y 40\u00b4 try de Norberto Ber\u00f3n (M). Resultado global: 29 a 11.<\/p>\n<p>Mercedes R.C. alist\u00f3 a Tom\u00e1s Barsotti, Guillermo Paladino y Tom\u00e1s Dzurdzia, Agust\u00edn Caricatto y Lucas Rotelli, Mateo Martino, Norberto Ber\u00f3n y Maximiliano Mainieri, Franco paladino y Sebasti\u00e1n Taverne, Ezequiel Reynoso, Sebasti\u00e1n Bubenick, Juan Mart\u00edn Mana, Jonatan Reynoso y Jer\u00f3nimo Sukich.<\/p>\n<p>Luego ingresaron: Thomas Lagrenade y Santiago Dans.<\/p>\n<p>Completaron el plantel: Agust\u00edn Dell\u00b4 Immagine, Rodrigo Bengoechea, Mart\u00edn Despalanques, Ezequiel Vignau, Mat\u00edas Galiani y Santiago Gonz\u00e1lez de Quevedo.<\/p>\n<p>&nbsp;<\/p>\n<p><strong>Intermedia<\/strong><\/p>\n<p>La Inter mercedina sigue a paso firme en la Reubicaci\u00f3n. Esta vez se impuso a Tigre por 20 a 10, en un partido muy entretenido, a pesar de la lluvia que cay\u00f3 a lo largo del mismo.\u00a0El conjunto del Parque hizo la diferencia en el primer parcial y Tigre, a pesar de mejorar mucho el rendimiento en el segundo, no pudo alcanzarlo en el tanteador.\u00a0Por Mercedes anotaron: Agust\u00edn Dell\u00b4 Immagine (un penal, un try y una conversi\u00f3n), Santiago Dans (try) y Mat\u00edas Galiani (try) y por Tigre Diego Colomino (try) y Marcos Casaglia (try).<\/p>\n<\/div>\n<p><img loading=\"lazy\" decoding=\"async\" data-attachment-id=\"52172\" data-permalink=\"https:\/\/www.hoymercedes.com.ar\/principal\/2016\/07\/08\/52170\/captura-de-pantalla-2016-07-06-15-27-56\/#main\" data-orig-file=\"https:\/\/www.hoymercedes.com.ar\/principal\/wp-content\/uploads\/2016\/07\/Captura-de-pantalla-2016-07-06-15.27.56.png\" data-orig-size=\"546,601\" data-comments-opened=\"1\" data-image-meta=\"{&quot;aperture&quot;:&quot;0&quot;,&quot;credit&quot;:&quot;&quot;,&quot;camera&quot;:&quot;&quot;,&quot;caption&quot;:&quot;&quot;,&quot;created_timestamp&quot;:&quot;0&quot;,&quot;copyright&quot;:&quot;&quot;,&quot;focal_length&quot;:&quot;0&quot;,&quot;iso&quot;:&quot;0&quot;,&quot;shutter_speed&quot;:&quot;0&quot;,&quot;title&quot;:&quot;&quot;,&quot;orientation&quot;:&quot;0&quot;}\" data-image-title=\"Captura de pantalla 2016-07-06 15.27.56\" data-image-description=\"\" data-image-caption=\"\" data-large-file=\"https:\/\/www.hoymercedes.com.ar\/principal\/wp-content\/uploads\/2016\/07\/Captura-de-pantalla-2016-07-06-15.27.56.png\" class=\"aligncenter size-full wp-image-52172\" src=\"https:\/\/www.hoymercedes.com.ar\/principal\/wp-content\/uploads\/2016\/07\/Captura-de-pantalla-2016-07-06-15.27.56.png\" alt=\"Captura de pantalla 2016-07-06 15.27.56\" width=\"546\" height=\"601\" srcset=\"https:\/\/www.hoymercedes.com.ar\/principal\/wp-content\/uploads\/2016\/07\/Captura-de-pantalla-2016-07-06-15.27.56.png 546w, https:\/\/www.hoymercedes.com.ar\/principal\/wp-content\/uploads\/2016\/07\/Captura-de-pantalla-2016-07-06-15.27.56-136x150.png 136w\" sizes=\"auto, (max-width: 546px) 100vw, 546px\" \/><\/p>\n","protected":false},"excerpt":{"rendered":"<p>Por Diego C\u00e1rdenas. Con una muy buena actuaci\u00f3n, venci\u00f3 a Tigre Rugby Club 29 a 11. En Intermedia tambi\u00e9n gan\u00f3 &#8230; <a title=\"MRC derrot\u00f3 a Tigre y sue\u00f1a\" class=\"read-more\" href=\"https:\/\/www.hoymercedes.com.ar\/principal\/2016\/07\/08\/52170\/\" aria-label=\"Leer m\u00e1s sobre MRC derrot\u00f3 a Tigre y sue\u00f1a\">Leer m\u00e1s<\/a><\/p>\n","protected":false},"author":1,"featured_media":52171,"comment_status":"open","ping_status":"open","sticky":false,"template":"","format":"standard","meta":{"_monsterinsights_skip_tracking":false,"_monsterinsights_sitenote_active":false,"_monsterinsights_sitenote_note":"","_monsterinsights_sitenote_category":0,"jetpack_post_was_ever_published":false,"_jetpack_newsletter_access":"","_jetpack_dont_email_post_to_subs":false,"_jetpack_newsletter_tier_id":0,"_jetpack_memberships_contains_paywalled_content":false,"_jetpack_memberships_contains_paid_content":false,"footnotes":"","jetpack_publicize_message":"","jetpack_publicize_feature_enabled":true,"jetpack_social_post_already_shared":true,"jetpack_social_options":{"image_generator_settings":{"template":"highway","default_image_id":0,"font":"","enabled":false},"version":2},"_wpas_customize_per_network":false},"categories":[21],"tags":[7084,9098,9661,9660,9600],"class_list":["post-52170","post","type-post","status-publish","format-standard","has-post-thumbnail","hentry","category-deportes","tag-mercedes-rugby-club","tag-mrc","tag-reubicacion-iii","tag-tigre","tag-urba","generate-columns","tablet-grid-50","mobile-grid-100","grid-parent","grid-50"],"jetpack_publicize_connections":[],"jetpack_featured_media_url":"https:\/\/www.hoymercedes.com.ar\/principal\/wp-content\/uploads\/2016\/07\/MRCVsTigre-ReubicGIII-2016-15-730x485.jpg","wps_subtitle":"Reubicaci\u00f3n Grupo III","jetpack_sharing_enabled":true,"_links":{"self":[{"href":"https:\/\/www.hoymercedes.com.ar\/principal\/wp-json\/wp\/v2\/posts\/52170","targetHints":{"allow":["GET"]}}],"collection":[{"href":"https:\/\/www.hoymercedes.com.ar\/principal\/wp-json\/wp\/v2\/posts"}],"about":[{"href":"https:\/\/www.hoymercedes.com.ar\/principal\/wp-json\/wp\/v2\/types\/post"}],"author":[{"embeddable":true,"href":"https:\/\/www.hoymercedes.com.ar\/principal\/wp-json\/wp\/v2\/users\/1"}],"replies":[{"embeddable":true,"href":"https:\/\/www.hoymercedes.com.ar\/principal\/wp-json\/wp\/v2\/comments?post=52170"}],"version-history":[{"count":0,"href":"https:\/\/www.hoymercedes.com.ar\/principal\/wp-json\/wp\/v2\/posts\/52170\/revisions"}],"wp:featuredmedia":[{"embeddable":true,"href":"https:\/\/www.hoymercedes.com.ar\/principal\/wp-json\/wp\/v2\/media\/52171"}],"wp:attachment":[{"href":"https:\/\/www.hoymercedes.com.ar\/principal\/wp-json\/wp\/v2\/media?parent=52170"}],"wp:term":[{"taxonomy":"category","embeddable":true,"href":"https:\/\/www.hoymercedes.com.ar\/principal\/wp-json\/wp\/v2\/categories?post=52170"},{"taxonomy":"post_tag","embeddable":true,"href":"https:\/\/www.hoymercedes.com.ar\/principal\/wp-json\/wp\/v2\/tags?post=52170"}],"curies":[{"name":"wp","href":"https:\/\/api.w.org\/{rel}","templated":true}]}}