{"id":5218,"date":"2011-06-24T05:37:00","date_gmt":"2011-06-24T05:37:00","guid":{"rendered":"http:\/\/www.hoymercedes.com.ar\/principal\/?p=5218"},"modified":"2011-06-24T04:39:31","modified_gmt":"2011-06-24T04:39:31","slug":"carlos-selva-presenta-quienes-lo-acompanaran-en-las-proximas-elecciones","status":"publish","type":"post","link":"https:\/\/www.hoymercedes.com.ar\/principal\/2011\/06\/24\/carlos-selva-presenta-quienes-lo-acompanaran-en-las-proximas-elecciones\/","title":{"rendered":"Carlos Selva presenta quienes lo acompa\u00f1ar\u00e1n en las pr\u00f3ximas elecciones"},"content":{"rendered":"<p>Hoy a partir de las 20.00 se llevar\u00e1  a cabo ebn la avenida 29 entre 20 y 22, es decir frente al local del Partido Justicialista el acto en el cual el actual intendente Carlos Selva dar\u00e1 a conocer oficialmente los nombres de quienes lo acompa\u00f1ar\u00e1n en la lista que encabeza para las pr\u00f3ximas elecciones internas del 14 de agosto.<\/p>\n<p>En por ahora precandidato para intentar una nueva gesti\u00f3n de gobierno sostuvo \u201chemos presentado como corresponde toda la documentaci\u00f3n necesaria para poder participar como se debe en las internas abiertas, simult\u00e1neas y obligatorias del 14 de agosto porque en mi car\u00e1cter de presidente del Partido Justicialista de Mercedes estoy en condiciones m\u00e1s que suficientes para poder volver a postularme m\u00e1s all\u00e1 que todos aquellos que hayan armado una lista tambi\u00e9n puedan silo creen oportuno poder hacerlo.<\/p>\n<p>Entiendo que es un deber para con toda la comunidad decir quienes somos los que leg\u00edtimamente pretendemos continuar con esta gesti\u00f3n que ha hecho tanto por nuestra ciudad en los \u00faltimos siete a\u00f1os y medio sabiendo que ya hemos demostrado que tenemos la capacidad necesaria para que Mercedes siga creciendo como lo ha hecho en los \u00faltimos tiempos.<\/p>\n<p>El Partido Justicialista es uno delos cinco que integra el Frente para la Victoria y soy el leg\u00edtimo representante de dicho partido en esta interna y reci\u00e9n una vez pasadas las mismas reci\u00e9n adoptaremos el nombre de Frente para la Victoria con miras a las generales de octubre.<\/p>\n","protected":false},"excerpt":{"rendered":"<p>Hoy a partir de las 20.00 se llevar\u00e1 a cabo ebn la avenida 29 entre 20 y 22, es decir &#8230; <a title=\"Carlos Selva presenta quienes lo acompa\u00f1ar\u00e1n en las pr\u00f3ximas elecciones\" class=\"read-more\" href=\"https:\/\/www.hoymercedes.com.ar\/principal\/2011\/06\/24\/carlos-selva-presenta-quienes-lo-acompanaran-en-las-proximas-elecciones\/\" aria-label=\"Leer m\u00e1s sobre Carlos Selva presenta quienes lo acompa\u00f1ar\u00e1n en las pr\u00f3ximas elecciones\">Leer m\u00e1s<\/a><\/p>\n","protected":false},"author":1,"featured_media":0,"comment_status":"open","ping_status":"open","sticky":false,"template":"","format":"standard","meta":{"_monsterinsights_skip_tracking":false,"_monsterinsights_sitenote_active":false,"_monsterinsights_sitenote_note":"","_monsterinsights_sitenote_category":0,"jetpack_post_was_ever_published":false,"_jetpack_newsletter_access":"","_jetpack_dont_email_post_to_subs":false,"_jetpack_newsletter_tier_id":0,"_jetpack_memberships_contains_paywalled_content":false,"_jetpack_memberships_contains_paid_content":false,"footnotes":"","jetpack_publicize_message":"","jetpack_publicize_feature_enabled":true,"jetpack_social_post_already_shared":false,"jetpack_social_options":{"image_generator_settings":{"template":"highway","default_image_id":0,"font":"","enabled":false},"version":2},"_wpas_customize_per_network":false},"categories":[5],"tags":[957,18],"class_list":["post-5218","post","type-post","status-publish","format-standard","hentry","category-politica","tag-elecciones-2011-2","tag-selva","generate-columns","tablet-grid-50","mobile-grid-100","grid-parent","grid-50"],"jetpack_publicize_connections":[],"jetpack_featured_media_url":"","wps_subtitle":"","jetpack_sharing_enabled":true,"_links":{"self":[{"href":"https:\/\/www.hoymercedes.com.ar\/principal\/wp-json\/wp\/v2\/posts\/5218","targetHints":{"allow":["GET"]}}],"collection":[{"href":"https:\/\/www.hoymercedes.com.ar\/principal\/wp-json\/wp\/v2\/posts"}],"about":[{"href":"https:\/\/www.hoymercedes.com.ar\/principal\/wp-json\/wp\/v2\/types\/post"}],"author":[{"embeddable":true,"href":"https:\/\/www.hoymercedes.com.ar\/principal\/wp-json\/wp\/v2\/users\/1"}],"replies":[{"embeddable":true,"href":"https:\/\/www.hoymercedes.com.ar\/principal\/wp-json\/wp\/v2\/comments?post=5218"}],"version-history":[{"count":0,"href":"https:\/\/www.hoymercedes.com.ar\/principal\/wp-json\/wp\/v2\/posts\/5218\/revisions"}],"wp:attachment":[{"href":"https:\/\/www.hoymercedes.com.ar\/principal\/wp-json\/wp\/v2\/media?parent=5218"}],"wp:term":[{"taxonomy":"category","embeddable":true,"href":"https:\/\/www.hoymercedes.com.ar\/principal\/wp-json\/wp\/v2\/categories?post=5218"},{"taxonomy":"post_tag","embeddable":true,"href":"https:\/\/www.hoymercedes.com.ar\/principal\/wp-json\/wp\/v2\/tags?post=5218"}],"curies":[{"name":"wp","href":"https:\/\/api.w.org\/{rel}","templated":true}]}}