{"id":52201,"date":"2016-07-06T21:04:03","date_gmt":"2016-07-07T00:04:03","guid":{"rendered":"http:\/\/www.hoymercedes.com.ar\/principal\/?p=52201"},"modified":"2016-07-06T21:04:03","modified_gmt":"2016-07-07T00:04:03","slug":"encuentros-con-la-historia-del-bicentenario","status":"publish","type":"post","link":"https:\/\/www.hoymercedes.com.ar\/principal\/2016\/07\/06\/encuentros-con-la-historia-del-bicentenario\/","title":{"rendered":"Encuentros con la historia del Bicentenario"},"content":{"rendered":"<p>En el marco de los festejos por el Bicentenario de la Declaraci\u00f3n de la Independencia de la Rep\u00fablica Argentina, que llevar\u00e1 adelante la Municipalidad de Mercedes, el Museo Hist\u00f3rico Municipal \u201cV\u00edctor M\u00edguez\u201d, estar\u00e1 desarrollando un ciclo de charlas hist\u00f3ricas, en el sal\u00f3n del Honorable Concejo Deliberante.<\/p>\n<p>Por eso el Intendente Municipal Dr. Juan Ignacio Ustarroz, concret\u00f3 una conferencia de prensa junto al Profesor Ricardo Tabossi y el historiador Alejandro Molle, invitando a la poblaci\u00f3n\u00a0a\u00a0poder disfrutar de los encuentros con la historia que destacados vecinos estar\u00e1n desarrollando a trav\u00e9s de sus disertaciones.<\/p>\n<p>El cronograma de charlas para el viernes 8 y s\u00e1bado 9 de julio:<\/p>\n<p>16 horas. Alejandro Molle, Consultor del Archivo Hist\u00f3rico Judicial e historiador.<\/p>\n<p>17 horas. Dra. Marisa Requiere<\/p>\n<p>18 horas. Profesor Ricardo Tabossi, representando al Instituto Juan Manuel de Rosas. Presentar\u00e1 su libreo\u00a0\u201cHasta cuando Inglaterra\u201d.<\/p>\n<p>El s\u00e1bado los disertantes ser\u00e1n la profesora M\u00f3nica Brown, por el Instituto Belgraniano, y cerrar\u00e1 el Licenciado Federico Belzunces.<\/p>\n<p>&nbsp;<\/p>\n","protected":false},"excerpt":{"rendered":"<p>En el marco de los festejos por el Bicentenario de la Declaraci\u00f3n de la Independencia de la Rep\u00fablica Argentina, que &#8230; <a title=\"Encuentros con la historia del Bicentenario\" class=\"read-more\" href=\"https:\/\/www.hoymercedes.com.ar\/principal\/2016\/07\/06\/encuentros-con-la-historia-del-bicentenario\/\" aria-label=\"Leer m\u00e1s sobre Encuentros con la historia del Bicentenario\">Leer m\u00e1s<\/a><\/p>\n","protected":false},"author":1,"featured_media":52202,"comment_status":"open","ping_status":"open","sticky":false,"template":"","format":"standard","meta":{"_monsterinsights_skip_tracking":false,"_monsterinsights_sitenote_active":false,"_monsterinsights_sitenote_note":"","_monsterinsights_sitenote_category":0,"jetpack_post_was_ever_published":false,"_jetpack_newsletter_access":"","_jetpack_dont_email_post_to_subs":false,"_jetpack_newsletter_tier_id":0,"_jetpack_memberships_contains_paywalled_content":false,"_jetpack_memberships_contains_paid_content":false,"footnotes":"","jetpack_publicize_message":"","jetpack_publicize_feature_enabled":true,"jetpack_social_post_already_shared":true,"jetpack_social_options":{"image_generator_settings":{"template":"highway","default_image_id":0,"font":"","enabled":false},"version":2},"_wpas_customize_per_network":false},"categories":[30],"tags":[9642,9670,244],"class_list":["post-52201","post","type-post","status-publish","format-standard","has-post-thumbnail","hentry","category-municipio","tag-bicentenario-de-la-independencia-argentina","tag-charlas-historia","tag-municipio-2","generate-columns","tablet-grid-50","mobile-grid-100","grid-parent","grid-50"],"jetpack_publicize_connections":[],"jetpack_featured_media_url":"https:\/\/www.hoymercedes.com.ar\/principal\/wp-content\/uploads\/2016\/07\/07-bicentenario-charlas.jpg","wps_subtitle":"Charlas en los festejos","jetpack_sharing_enabled":true,"_links":{"self":[{"href":"https:\/\/www.hoymercedes.com.ar\/principal\/wp-json\/wp\/v2\/posts\/52201","targetHints":{"allow":["GET"]}}],"collection":[{"href":"https:\/\/www.hoymercedes.com.ar\/principal\/wp-json\/wp\/v2\/posts"}],"about":[{"href":"https:\/\/www.hoymercedes.com.ar\/principal\/wp-json\/wp\/v2\/types\/post"}],"author":[{"embeddable":true,"href":"https:\/\/www.hoymercedes.com.ar\/principal\/wp-json\/wp\/v2\/users\/1"}],"replies":[{"embeddable":true,"href":"https:\/\/www.hoymercedes.com.ar\/principal\/wp-json\/wp\/v2\/comments?post=52201"}],"version-history":[{"count":0,"href":"https:\/\/www.hoymercedes.com.ar\/principal\/wp-json\/wp\/v2\/posts\/52201\/revisions"}],"wp:featuredmedia":[{"embeddable":true,"href":"https:\/\/www.hoymercedes.com.ar\/principal\/wp-json\/wp\/v2\/media\/52202"}],"wp:attachment":[{"href":"https:\/\/www.hoymercedes.com.ar\/principal\/wp-json\/wp\/v2\/media?parent=52201"}],"wp:term":[{"taxonomy":"category","embeddable":true,"href":"https:\/\/www.hoymercedes.com.ar\/principal\/wp-json\/wp\/v2\/categories?post=52201"},{"taxonomy":"post_tag","embeddable":true,"href":"https:\/\/www.hoymercedes.com.ar\/principal\/wp-json\/wp\/v2\/tags?post=52201"}],"curies":[{"name":"wp","href":"https:\/\/api.w.org\/{rel}","templated":true}]}}