{"id":52221,"date":"2016-07-07T09:55:03","date_gmt":"2016-07-07T12:55:03","guid":{"rendered":"http:\/\/www.hoymercedes.com.ar\/principal\/?p=52221"},"modified":"2016-07-06T22:57:51","modified_gmt":"2016-07-07T01:57:51","slug":"pediran-la-banca-participativa-en-el-hcd","status":"publish","type":"post","link":"https:\/\/www.hoymercedes.com.ar\/principal\/2016\/07\/07\/pediran-la-banca-participativa-en-el-hcd\/","title":{"rendered":"Pedir\u00e1n la banca participativa en el HCD"},"content":{"rendered":"<p>En la tarde de ayer, convocados por la Multisectorial MADRe y el Partido Obrero, y t<a href=\"https:\/\/www.hoymercedes.com.ar\/principal\/2016\/07\/01\/marcharon-contra-el-tarifazo\/\" target=\"_blank\">al como lo hicieron la semana pasada<\/a>, volvi\u00f3 a realizarse una marcha contra el tarifazo que se refleja en los servicios de energ\u00eda el\u00e9ctrica y gas natural. El objetivo era mantener el reclamo m\u00e1s all\u00e1 de la presentaci\u00f3n judicial que hizo la comuna y sumar a m\u00e1s vecinos al reclamo.<\/p>\n<p><img loading=\"lazy\" decoding=\"async\" data-attachment-id=\"52198\" data-permalink=\"https:\/\/www.hoymercedes.com.ar\/principal\/2016\/07\/07\/sos-habitat-piden-que-las-obras-no-causen-danos-irreparables\/07-tarifazo\/#main\" data-orig-file=\"https:\/\/www.hoymercedes.com.ar\/principal\/wp-content\/uploads\/2016\/07\/07-tarifazo.jpg\" data-orig-size=\"448,299\" data-comments-opened=\"1\" data-image-meta=\"{&quot;aperture&quot;:&quot;3.5&quot;,&quot;credit&quot;:&quot;&quot;,&quot;camera&quot;:&quot;NIKON D3100&quot;,&quot;caption&quot;:&quot;????????????????????????????????????&quot;,&quot;created_timestamp&quot;:&quot;1467833736&quot;,&quot;copyright&quot;:&quot;&quot;,&quot;focal_length&quot;:&quot;18&quot;,&quot;iso&quot;:&quot;2800&quot;,&quot;shutter_speed&quot;:&quot;0.016666666666667&quot;,&quot;title&quot;:&quot;&quot;,&quot;orientation&quot;:&quot;1&quot;}\" data-image-title=\"07 tarifazo\" data-image-description=\"\" data-image-caption=\"\" data-large-file=\"https:\/\/www.hoymercedes.com.ar\/principal\/wp-content\/uploads\/2016\/07\/07-tarifazo.jpg\" class=\"aligncenter size-full wp-image-52198\" src=\"https:\/\/www.hoymercedes.com.ar\/principal\/wp-content\/uploads\/2016\/07\/07-tarifazo.jpg\" alt=\"07 tarifazo\" width=\"448\" height=\"299\" srcset=\"https:\/\/www.hoymercedes.com.ar\/principal\/wp-content\/uploads\/2016\/07\/07-tarifazo.jpg 448w, https:\/\/www.hoymercedes.com.ar\/principal\/wp-content\/uploads\/2016\/07\/07-tarifazo-150x100.jpg 150w, https:\/\/www.hoymercedes.com.ar\/principal\/wp-content\/uploads\/2016\/07\/07-tarifazo-300x200.jpg 300w\" sizes=\"auto, (max-width: 448px) 100vw, 448px\" \/><\/p>\n<p>\u201cLos tarifazos se aplican a todos los servicios p\u00fablicos privatizados, que en nuestra ciudad lo prestan en caso de la luz y el gas a las empresas y cooperativas. Estas facturas est\u00e1n llegando con ajustes totalmente salvajes que llegan al 1200% en el caso del gas y al 400% en la luz. A muchos de los ciudadanos les es imposible pagar las tarifas y como consecuencia las empresas les podr\u00edan cobrar los servicios por falta de pago\u201d, dijeron en el encuentro.<\/p>\n<p>\u201cEn la actualidad hay disparidad de criterio en el gobierno. La provincia de Buenos Aires, con el gobierno de Vidal, llama audiencia p\u00fablica en la ciudad de Mar del Plata, para cumplir con uno de los requisitos que se requiere para autorizar los aumentos en las tarifas seg\u00fan lo marca la ley ya que en varios Municipios prosperaron los recursos de amparos. Pero ante esta incertidumbre los ciudadanos no saben qu\u00e9 hacer, ni c\u00f3mo actuar si paga o espera los fallos definitivo por parte de la Corte Suprema de Justicia\u201d, agregan.<\/p>\n<p>\u201cEste jueves a la ma\u00f1ana, vamos a ir al Concejo Deliberante para acordar con todos los bloques para que sancionen un proyecto de resoluci\u00f3n dirigido a las empresas y cooperativas para que hasta tanto no se resuelva el tema de fondo sobre los tarifazos no interrumpan los servicios de luz y gas\u201d, destacaron.<\/p>\n<p>Es as\u00ed este jueves, a la hora 11, se har\u00e1n presentes en el Concejo Deliberante para pedir formalmente la banca participativa para la sesi\u00f3n del lunes pr\u00f3ximo y pedir que, en ese mismo encuentro, se redacte la resoluci\u00f3n final para presentar a las empresas concesionarias de los servicios p\u00fablicos.<\/p>\n","protected":false},"excerpt":{"rendered":"<p>En la tarde de ayer, convocados por la Multisectorial MADRe y el Partido Obrero, y tal como lo hicieron la &#8230; <a title=\"Pedir\u00e1n la banca participativa en el HCD\" class=\"read-more\" href=\"https:\/\/www.hoymercedes.com.ar\/principal\/2016\/07\/07\/pediran-la-banca-participativa-en-el-hcd\/\" aria-label=\"Leer m\u00e1s sobre Pedir\u00e1n la banca participativa en el HCD\">Leer m\u00e1s<\/a><\/p>\n","protected":false},"author":1,"featured_media":52198,"comment_status":"open","ping_status":"open","sticky":false,"template":"","format":"standard","meta":{"_monsterinsights_skip_tracking":false,"_monsterinsights_sitenote_active":false,"_monsterinsights_sitenote_note":"","_monsterinsights_sitenote_category":0,"jetpack_post_was_ever_published":false,"_jetpack_newsletter_access":"","_jetpack_dont_email_post_to_subs":false,"_jetpack_newsletter_tier_id":0,"_jetpack_memberships_contains_paywalled_content":false,"_jetpack_memberships_contains_paid_content":false,"footnotes":"","jetpack_publicize_message":"","jetpack_publicize_feature_enabled":true,"jetpack_social_post_already_shared":true,"jetpack_social_options":{"image_generator_settings":{"template":"highway","default_image_id":0,"font":"","enabled":false},"version":2},"_wpas_customize_per_network":false},"categories":[8],"tags":[8510,1045,9490],"class_list":["post-52221","post","type-post","status-publish","format-standard","has-post-thumbnail","hentry","category-sociedad","tag-madre","tag-partido-obrero","tag-tarifazo","generate-columns","tablet-grid-50","mobile-grid-100","grid-parent","grid-50"],"jetpack_publicize_connections":[],"jetpack_featured_media_url":"https:\/\/www.hoymercedes.com.ar\/principal\/wp-content\/uploads\/2016\/07\/07-tarifazo.jpg","wps_subtitle":"Contra el tarifazo","jetpack_sharing_enabled":true,"_links":{"self":[{"href":"https:\/\/www.hoymercedes.com.ar\/principal\/wp-json\/wp\/v2\/posts\/52221","targetHints":{"allow":["GET"]}}],"collection":[{"href":"https:\/\/www.hoymercedes.com.ar\/principal\/wp-json\/wp\/v2\/posts"}],"about":[{"href":"https:\/\/www.hoymercedes.com.ar\/principal\/wp-json\/wp\/v2\/types\/post"}],"author":[{"embeddable":true,"href":"https:\/\/www.hoymercedes.com.ar\/principal\/wp-json\/wp\/v2\/users\/1"}],"replies":[{"embeddable":true,"href":"https:\/\/www.hoymercedes.com.ar\/principal\/wp-json\/wp\/v2\/comments?post=52221"}],"version-history":[{"count":0,"href":"https:\/\/www.hoymercedes.com.ar\/principal\/wp-json\/wp\/v2\/posts\/52221\/revisions"}],"wp:featuredmedia":[{"embeddable":true,"href":"https:\/\/www.hoymercedes.com.ar\/principal\/wp-json\/wp\/v2\/media\/52198"}],"wp:attachment":[{"href":"https:\/\/www.hoymercedes.com.ar\/principal\/wp-json\/wp\/v2\/media?parent=52221"}],"wp:term":[{"taxonomy":"category","embeddable":true,"href":"https:\/\/www.hoymercedes.com.ar\/principal\/wp-json\/wp\/v2\/categories?post=52221"},{"taxonomy":"post_tag","embeddable":true,"href":"https:\/\/www.hoymercedes.com.ar\/principal\/wp-json\/wp\/v2\/tags?post=52221"}],"curies":[{"name":"wp","href":"https:\/\/api.w.org\/{rel}","templated":true}]}}