{"id":5225,"date":"2011-06-25T03:01:10","date_gmt":"2011-06-25T03:01:10","guid":{"rendered":"http:\/\/www.hoymercedes.com.ar\/principal\/?p=5225"},"modified":"2011-06-25T03:01:10","modified_gmt":"2011-06-25T03:01:10","slug":"el-frente-progresista-cerro-sus-listas","status":"publish","type":"post","link":"https:\/\/www.hoymercedes.com.ar\/principal\/2011\/06\/25\/el-frente-progresista-cerro-sus-listas\/","title":{"rendered":"El Frente Progresista cerr\u00f3 sus listas"},"content":{"rendered":"<p>En la jornada de hoy el  Frente Amplio Progresista que en el orden nacional lleva como Candidatos a Pte. y vice a Hermes Binner  y Norma Morandini y en la Provincia como candidata a Gobernadora a Margarita Stolbizer, cerr\u00f3 su lista en el orden local, la misma es encabezada como candidato a Intendente por Luis Colao y lleva como Concejales a:<\/p>\n<p>1\u00ba- Hugo Bonafina;<\/p>\n<p>2\u00ba Carlos Calloni;<\/p>\n<p>3\u00ba Susana Lombardo;<\/p>\n<p>4\u00ba Pablo Sana;<\/p>\n<p>5\u00ba Alfredo Olivella;<\/p>\n<p>6\u00ba Laura Badano;<\/p>\n<p>7\u00ba Rolando Garcia;<\/p>\n<p>8\u00ba M\u00f3nica Tirone;<\/p>\n<p>9\u00ba Gabriel Cotognini.<\/p>\n<p>Mientras que los consejeros escolares son:<\/p>\n<p>1\u00ba Julio Beltrami,<\/p>\n<p>2\u00ba Gisela Becker;<\/p>\n<p>3\u00ba Maria Troncoso.<\/p>\n<p>Consultado el candidato a Intendente Luis Colao, manifest\u00f3 la satisfacci\u00f3n por el acuerdo alcanzado que refleja no solo la paridad de las fuerzas que integran el Frente, que son el Gen, el Socialismo y Unidad Popular, sino el acompa\u00f1amiento de figuras que no provienen de la militancia partidaria y  se suman a esta construcci\u00f3n pluralista  y con una mirada distinta sobre la ciudad.<\/p>\n<p>Creemos que el nacimiento del Frente Amplio le da a la pol\u00edtica una verdadera alternativa de cambio, no entrampada entre el bipartidismo ni los mesianismos, sino con profunda raigambre democr\u00e1tica y participativa, el Frente no es un rejunte en contra de nadie, es una construcci\u00f3n plural, abierta y ser\u00e1 el canal por el cual los vecinos podr\u00e1n  revertir la frustraci\u00f3n en la cual hoy se encuentran.<\/p>\n<p>Ofrecemos, coherencia, experiencia, conducta y una programa de gobierno posible, cerr\u00f3  el candidato a Intendente, qui\u00e9n confirm\u00f3 tambi\u00e9n que a mediados de la pr\u00f3xima semana har\u00e1n la presentaci\u00f3n formal.<\/p>\n<p>&nbsp;<\/p>\n","protected":false},"excerpt":{"rendered":"<p>En la jornada de hoy el Frente Amplio Progresista que en el orden nacional lleva como Candidatos a Pte. y &#8230; <a title=\"El Frente Progresista cerr\u00f3 sus listas\" class=\"read-more\" href=\"https:\/\/www.hoymercedes.com.ar\/principal\/2011\/06\/25\/el-frente-progresista-cerro-sus-listas\/\" aria-label=\"Leer m\u00e1s sobre El Frente Progresista cerr\u00f3 sus listas\">Leer m\u00e1s<\/a><\/p>\n","protected":false},"author":1,"featured_media":0,"comment_status":"open","ping_status":"open","sticky":false,"template":"","format":"standard","meta":{"_monsterinsights_skip_tracking":false,"_monsterinsights_sitenote_active":false,"_monsterinsights_sitenote_note":"","_monsterinsights_sitenote_category":0,"jetpack_post_was_ever_published":false,"_jetpack_newsletter_access":"","_jetpack_dont_email_post_to_subs":false,"_jetpack_newsletter_tier_id":0,"_jetpack_memberships_contains_paywalled_content":false,"_jetpack_memberships_contains_paid_content":false,"footnotes":"","jetpack_publicize_message":"","jetpack_publicize_feature_enabled":true,"jetpack_social_post_already_shared":false,"jetpack_social_options":{"image_generator_settings":{"template":"highway","default_image_id":0,"font":"","enabled":false},"version":2},"_wpas_customize_per_network":false},"categories":[5],"tags":[959],"class_list":["post-5225","post","type-post","status-publish","format-standard","hentry","category-politica","tag-frente-progresista-mercedes","generate-columns","tablet-grid-50","mobile-grid-100","grid-parent","grid-50"],"jetpack_publicize_connections":[],"jetpack_featured_media_url":"","wps_subtitle":"","jetpack_sharing_enabled":true,"_links":{"self":[{"href":"https:\/\/www.hoymercedes.com.ar\/principal\/wp-json\/wp\/v2\/posts\/5225","targetHints":{"allow":["GET"]}}],"collection":[{"href":"https:\/\/www.hoymercedes.com.ar\/principal\/wp-json\/wp\/v2\/posts"}],"about":[{"href":"https:\/\/www.hoymercedes.com.ar\/principal\/wp-json\/wp\/v2\/types\/post"}],"author":[{"embeddable":true,"href":"https:\/\/www.hoymercedes.com.ar\/principal\/wp-json\/wp\/v2\/users\/1"}],"replies":[{"embeddable":true,"href":"https:\/\/www.hoymercedes.com.ar\/principal\/wp-json\/wp\/v2\/comments?post=5225"}],"version-history":[{"count":0,"href":"https:\/\/www.hoymercedes.com.ar\/principal\/wp-json\/wp\/v2\/posts\/5225\/revisions"}],"wp:attachment":[{"href":"https:\/\/www.hoymercedes.com.ar\/principal\/wp-json\/wp\/v2\/media?parent=5225"}],"wp:term":[{"taxonomy":"category","embeddable":true,"href":"https:\/\/www.hoymercedes.com.ar\/principal\/wp-json\/wp\/v2\/categories?post=5225"},{"taxonomy":"post_tag","embeddable":true,"href":"https:\/\/www.hoymercedes.com.ar\/principal\/wp-json\/wp\/v2\/tags?post=5225"}],"curies":[{"name":"wp","href":"https:\/\/api.w.org\/{rel}","templated":true}]}}