{"id":5228,"date":"2011-06-25T03:14:47","date_gmt":"2011-06-25T03:14:47","guid":{"rendered":"http:\/\/www.hoymercedes.com.ar\/principal\/?p=5228"},"modified":"2011-06-25T03:14:47","modified_gmt":"2011-06-25T03:14:47","slug":"lanzamiento-de-carlos-selva-2011","status":"publish","type":"post","link":"https:\/\/www.hoymercedes.com.ar\/principal\/2011\/06\/25\/lanzamiento-de-carlos-selva-2011\/","title":{"rendered":"Lanzamiento de Carlos Selva 2011"},"content":{"rendered":"<p>Les dejamos a continuaci\u00f3n una selecci\u00f3n de im\u00e1genes del acto donde el intendente Carlos Selva se present\u00f3 como candidato para las elecciones de octubre donde buscar\u00e1 su tercer mandato frente a la comuna local.<br \/>\nEl acto se realiz\u00f3 con un importante marco de p\u00fablico en avenida 29 entre 20 y 22 frente al local partidario de la agrupaci\u00f3n que preside.<\/p>\n<p><a href=\"https:\/\/www.hoymercedes.com.ar\/principal\/wp-content\/uploads\/2011\/06\/selva2011lanzamiento001.jpg\"><img loading=\"lazy\" decoding=\"async\" data-attachment-id=\"5230\" data-permalink=\"https:\/\/www.hoymercedes.com.ar\/principal\/2011\/06\/25\/lanzamiento-de-carlos-selva-2011\/selva2011lanzamiento001\/#main\" data-orig-file=\"https:\/\/www.hoymercedes.com.ar\/principal\/wp-content\/uploads\/2011\/06\/selva2011lanzamiento001.jpg\" data-orig-size=\"610,458\" data-comments-opened=\"1\" data-image-meta=\"{&quot;aperture&quot;:&quot;2.8&quot;,&quot;credit&quot;:&quot;&quot;,&quot;camera&quot;:&quot;COOLPIX L10&quot;,&quot;caption&quot;:&quot;&quot;,&quot;created_timestamp&quot;:&quot;1308756226&quot;,&quot;copyright&quot;:&quot;Copyright 2006&quot;,&quot;focal_length&quot;:&quot;6.2&quot;,&quot;iso&quot;:&quot;400&quot;,&quot;shutter_speed&quot;:&quot;0.016666666666667&quot;,&quot;title&quot;:&quot;&quot;}\" data-image-title=\"selva2011lanzamiento001\" data-image-description=\"\" data-image-caption=\"\" data-large-file=\"https:\/\/www.hoymercedes.com.ar\/principal\/wp-content\/uploads\/2011\/06\/selva2011lanzamiento001.jpg\" class=\"aligncenter size-full wp-image-5230\" title=\"selva2011lanzamiento001\" src=\"https:\/\/www.hoymercedes.com.ar\/principal\/wp-content\/uploads\/2011\/06\/selva2011lanzamiento001.jpg\" alt=\"\" width=\"610\" height=\"458\" \/><\/a><\/p>\n<p><a href=\"https:\/\/www.hoymercedes.com.ar\/principal\/wp-content\/uploads\/2011\/06\/selva2011lanzamiento001.jpg\"><img loading=\"lazy\" decoding=\"async\" data-attachment-id=\"5230\" data-permalink=\"https:\/\/www.hoymercedes.com.ar\/principal\/2011\/06\/25\/lanzamiento-de-carlos-selva-2011\/selva2011lanzamiento001\/#main\" data-orig-file=\"https:\/\/www.hoymercedes.com.ar\/principal\/wp-content\/uploads\/2011\/06\/selva2011lanzamiento001.jpg\" data-orig-size=\"610,458\" data-comments-opened=\"1\" data-image-meta=\"{&quot;aperture&quot;:&quot;2.8&quot;,&quot;credit&quot;:&quot;&quot;,&quot;camera&quot;:&quot;COOLPIX L10&quot;,&quot;caption&quot;:&quot;&quot;,&quot;created_timestamp&quot;:&quot;1308756226&quot;,&quot;copyright&quot;:&quot;Copyright 2006&quot;,&quot;focal_length&quot;:&quot;6.2&quot;,&quot;iso&quot;:&quot;400&quot;,&quot;shutter_speed&quot;:&quot;0.016666666666667&quot;,&quot;title&quot;:&quot;&quot;}\" data-image-title=\"selva2011lanzamiento001\" data-image-description=\"\" data-image-caption=\"\" data-large-file=\"https:\/\/www.hoymercedes.com.ar\/principal\/wp-content\/uploads\/2011\/06\/selva2011lanzamiento001.jpg\" class=\"aligncenter size-full wp-image-5230\" title=\"selva2011lanzamiento001\" src=\"https:\/\/www.hoymercedes.com.ar\/principal\/wp-content\/uploads\/2011\/06\/selva2011lanzamiento001.jpg\" alt=\"\" width=\"610\" height=\"458\" \/><\/a><\/p>\n<p><a href=\"https:\/\/www.hoymercedes.com.ar\/principal\/wp-content\/uploads\/2011\/06\/selva2011lanzamiento002.jpg\"><img loading=\"lazy\" decoding=\"async\" data-attachment-id=\"5230\" data-permalink=\"https:\/\/www.hoymercedes.com.ar\/principal\/2011\/06\/25\/lanzamiento-de-carlos-selva-2011\/selva2011lanzamiento001\/#main\" data-orig-file=\"https:\/\/www.hoymercedes.com.ar\/principal\/wp-content\/uploads\/2011\/06\/selva2011lanzamiento001.jpg\" data-orig-size=\"610,458\" data-comments-opened=\"1\" data-image-meta=\"{&quot;aperture&quot;:&quot;2.8&quot;,&quot;credit&quot;:&quot;&quot;,&quot;camera&quot;:&quot;COOLPIX L10&quot;,&quot;caption&quot;:&quot;&quot;,&quot;created_timestamp&quot;:&quot;1308756226&quot;,&quot;copyright&quot;:&quot;Copyright 2006&quot;,&quot;focal_length&quot;:&quot;6.2&quot;,&quot;iso&quot;:&quot;400&quot;,&quot;shutter_speed&quot;:&quot;0.016666666666667&quot;,&quot;title&quot;:&quot;&quot;}\" data-image-title=\"selva2011lanzamiento001\" data-image-description=\"\" data-image-caption=\"\" data-large-file=\"https:\/\/www.hoymercedes.com.ar\/principal\/wp-content\/uploads\/2011\/06\/selva2011lanzamiento001.jpg\" class=\"aligncenter size-full wp-image-5230\" title=\"selva2011lanzamiento001\" src=\"https:\/\/www.hoymercedes.com.ar\/principal\/wp-content\/uploads\/2011\/06\/selva2011lanzamiento002.jpg\" alt=\"\" width=\"610\" height=\"458\" \/><\/a><\/p>\n<p><a href=\"https:\/\/www.hoymercedes.com.ar\/principal\/wp-content\/uploads\/2011\/06\/selva2011lanzamiento003.jpg\"><img loading=\"lazy\" decoding=\"async\" data-attachment-id=\"5230\" data-permalink=\"https:\/\/www.hoymercedes.com.ar\/principal\/2011\/06\/25\/lanzamiento-de-carlos-selva-2011\/selva2011lanzamiento001\/#main\" data-orig-file=\"https:\/\/www.hoymercedes.com.ar\/principal\/wp-content\/uploads\/2011\/06\/selva2011lanzamiento001.jpg\" data-orig-size=\"610,458\" data-comments-opened=\"1\" data-image-meta=\"{&quot;aperture&quot;:&quot;2.8&quot;,&quot;credit&quot;:&quot;&quot;,&quot;camera&quot;:&quot;COOLPIX L10&quot;,&quot;caption&quot;:&quot;&quot;,&quot;created_timestamp&quot;:&quot;1308756226&quot;,&quot;copyright&quot;:&quot;Copyright 2006&quot;,&quot;focal_length&quot;:&quot;6.2&quot;,&quot;iso&quot;:&quot;400&quot;,&quot;shutter_speed&quot;:&quot;0.016666666666667&quot;,&quot;title&quot;:&quot;&quot;}\" data-image-title=\"selva2011lanzamiento001\" data-image-description=\"\" data-image-caption=\"\" data-large-file=\"https:\/\/www.hoymercedes.com.ar\/principal\/wp-content\/uploads\/2011\/06\/selva2011lanzamiento001.jpg\" class=\"aligncenter size-full wp-image-5230\" title=\"selva2011lanzamiento001\" src=\"https:\/\/www.hoymercedes.com.ar\/principal\/wp-content\/uploads\/2011\/06\/selva2011lanzamiento003.jpg\" alt=\"\" width=\"610\" height=\"458\" \/><\/a><\/p>\n<p><a href=\"https:\/\/www.hoymercedes.com.ar\/principal\/wp-content\/uploads\/2011\/06\/selva2011lanzamiento004.jpg\"><img loading=\"lazy\" decoding=\"async\" data-attachment-id=\"5230\" data-permalink=\"https:\/\/www.hoymercedes.com.ar\/principal\/2011\/06\/25\/lanzamiento-de-carlos-selva-2011\/selva2011lanzamiento001\/#main\" data-orig-file=\"https:\/\/www.hoymercedes.com.ar\/principal\/wp-content\/uploads\/2011\/06\/selva2011lanzamiento001.jpg\" data-orig-size=\"610,458\" data-comments-opened=\"1\" data-image-meta=\"{&quot;aperture&quot;:&quot;2.8&quot;,&quot;credit&quot;:&quot;&quot;,&quot;camera&quot;:&quot;COOLPIX L10&quot;,&quot;caption&quot;:&quot;&quot;,&quot;created_timestamp&quot;:&quot;1308756226&quot;,&quot;copyright&quot;:&quot;Copyright 2006&quot;,&quot;focal_length&quot;:&quot;6.2&quot;,&quot;iso&quot;:&quot;400&quot;,&quot;shutter_speed&quot;:&quot;0.016666666666667&quot;,&quot;title&quot;:&quot;&quot;}\" data-image-title=\"selva2011lanzamiento001\" data-image-description=\"\" data-image-caption=\"\" data-large-file=\"https:\/\/www.hoymercedes.com.ar\/principal\/wp-content\/uploads\/2011\/06\/selva2011lanzamiento001.jpg\" class=\"aligncenter size-full wp-image-5230\" title=\"selva2011lanzamiento001\" src=\"https:\/\/www.hoymercedes.com.ar\/principal\/wp-content\/uploads\/2011\/06\/selva2011lanzamiento004.jpg\" alt=\"\" width=\"610\" height=\"458\" \/><\/a><\/p>\n<p><a href=\"https:\/\/www.hoymercedes.com.ar\/principal\/wp-content\/uploads\/2011\/06\/selva2011lanzamiento005.jpg\"><img loading=\"lazy\" decoding=\"async\" data-attachment-id=\"5230\" data-permalink=\"https:\/\/www.hoymercedes.com.ar\/principal\/2011\/06\/25\/lanzamiento-de-carlos-selva-2011\/selva2011lanzamiento001\/#main\" data-orig-file=\"https:\/\/www.hoymercedes.com.ar\/principal\/wp-content\/uploads\/2011\/06\/selva2011lanzamiento001.jpg\" data-orig-size=\"610,458\" data-comments-opened=\"1\" data-image-meta=\"{&quot;aperture&quot;:&quot;2.8&quot;,&quot;credit&quot;:&quot;&quot;,&quot;camera&quot;:&quot;COOLPIX L10&quot;,&quot;caption&quot;:&quot;&quot;,&quot;created_timestamp&quot;:&quot;1308756226&quot;,&quot;copyright&quot;:&quot;Copyright 2006&quot;,&quot;focal_length&quot;:&quot;6.2&quot;,&quot;iso&quot;:&quot;400&quot;,&quot;shutter_speed&quot;:&quot;0.016666666666667&quot;,&quot;title&quot;:&quot;&quot;}\" data-image-title=\"selva2011lanzamiento001\" data-image-description=\"\" data-image-caption=\"\" data-large-file=\"https:\/\/www.hoymercedes.com.ar\/principal\/wp-content\/uploads\/2011\/06\/selva2011lanzamiento001.jpg\" class=\"aligncenter size-full wp-image-5230\" title=\"selva2011lanzamiento001\" src=\"https:\/\/www.hoymercedes.com.ar\/principal\/wp-content\/uploads\/2011\/06\/selva2011lanzamiento005.jpg\" alt=\"\" width=\"610\" height=\"458\" \/><\/a><\/p>\n<p><a href=\"https:\/\/www.hoymercedes.com.ar\/principal\/wp-content\/uploads\/2011\/06\/selva2011lanzamiento006.jpg\"><img loading=\"lazy\" decoding=\"async\" data-attachment-id=\"5230\" data-permalink=\"https:\/\/www.hoymercedes.com.ar\/principal\/2011\/06\/25\/lanzamiento-de-carlos-selva-2011\/selva2011lanzamiento001\/#main\" data-orig-file=\"https:\/\/www.hoymercedes.com.ar\/principal\/wp-content\/uploads\/2011\/06\/selva2011lanzamiento001.jpg\" data-orig-size=\"610,458\" data-comments-opened=\"1\" data-image-meta=\"{&quot;aperture&quot;:&quot;2.8&quot;,&quot;credit&quot;:&quot;&quot;,&quot;camera&quot;:&quot;COOLPIX L10&quot;,&quot;caption&quot;:&quot;&quot;,&quot;created_timestamp&quot;:&quot;1308756226&quot;,&quot;copyright&quot;:&quot;Copyright 2006&quot;,&quot;focal_length&quot;:&quot;6.2&quot;,&quot;iso&quot;:&quot;400&quot;,&quot;shutter_speed&quot;:&quot;0.016666666666667&quot;,&quot;title&quot;:&quot;&quot;}\" data-image-title=\"selva2011lanzamiento001\" data-image-description=\"\" data-image-caption=\"\" data-large-file=\"https:\/\/www.hoymercedes.com.ar\/principal\/wp-content\/uploads\/2011\/06\/selva2011lanzamiento001.jpg\" class=\"aligncenter size-full wp-image-5230\" title=\"selva2011lanzamiento001\" src=\"https:\/\/www.hoymercedes.com.ar\/principal\/wp-content\/uploads\/2011\/06\/selva2011lanzamiento006.jpg\" alt=\"\" width=\"610\" height=\"458\" \/><\/a><\/p>\n<p><a href=\"https:\/\/www.hoymercedes.com.ar\/principal\/wp-content\/uploads\/2011\/06\/selva2011lanzamiento007.jpg\"><img loading=\"lazy\" decoding=\"async\" data-attachment-id=\"5230\" data-permalink=\"https:\/\/www.hoymercedes.com.ar\/principal\/2011\/06\/25\/lanzamiento-de-carlos-selva-2011\/selva2011lanzamiento001\/#main\" data-orig-file=\"https:\/\/www.hoymercedes.com.ar\/principal\/wp-content\/uploads\/2011\/06\/selva2011lanzamiento001.jpg\" data-orig-size=\"610,458\" data-comments-opened=\"1\" data-image-meta=\"{&quot;aperture&quot;:&quot;2.8&quot;,&quot;credit&quot;:&quot;&quot;,&quot;camera&quot;:&quot;COOLPIX L10&quot;,&quot;caption&quot;:&quot;&quot;,&quot;created_timestamp&quot;:&quot;1308756226&quot;,&quot;copyright&quot;:&quot;Copyright 2006&quot;,&quot;focal_length&quot;:&quot;6.2&quot;,&quot;iso&quot;:&quot;400&quot;,&quot;shutter_speed&quot;:&quot;0.016666666666667&quot;,&quot;title&quot;:&quot;&quot;}\" data-image-title=\"selva2011lanzamiento001\" data-image-description=\"\" data-image-caption=\"\" data-large-file=\"https:\/\/www.hoymercedes.com.ar\/principal\/wp-content\/uploads\/2011\/06\/selva2011lanzamiento001.jpg\" class=\"aligncenter size-full wp-image-5230\" title=\"selva2011lanzamiento001\" src=\"https:\/\/www.hoymercedes.com.ar\/principal\/wp-content\/uploads\/2011\/06\/selva2011lanzamiento007.jpg\" alt=\"\" width=\"610\" height=\"458\" \/><\/a><\/p>\n<p><a href=\"https:\/\/www.hoymercedes.com.ar\/principal\/wp-content\/uploads\/2011\/06\/selva2011lanzamiento008.jpg\"><img loading=\"lazy\" decoding=\"async\" data-attachment-id=\"5230\" data-permalink=\"https:\/\/www.hoymercedes.com.ar\/principal\/2011\/06\/25\/lanzamiento-de-carlos-selva-2011\/selva2011lanzamiento001\/#main\" data-orig-file=\"https:\/\/www.hoymercedes.com.ar\/principal\/wp-content\/uploads\/2011\/06\/selva2011lanzamiento001.jpg\" data-orig-size=\"610,458\" data-comments-opened=\"1\" data-image-meta=\"{&quot;aperture&quot;:&quot;2.8&quot;,&quot;credit&quot;:&quot;&quot;,&quot;camera&quot;:&quot;COOLPIX L10&quot;,&quot;caption&quot;:&quot;&quot;,&quot;created_timestamp&quot;:&quot;1308756226&quot;,&quot;copyright&quot;:&quot;Copyright 2006&quot;,&quot;focal_length&quot;:&quot;6.2&quot;,&quot;iso&quot;:&quot;400&quot;,&quot;shutter_speed&quot;:&quot;0.016666666666667&quot;,&quot;title&quot;:&quot;&quot;}\" data-image-title=\"selva2011lanzamiento001\" data-image-description=\"\" data-image-caption=\"\" data-large-file=\"https:\/\/www.hoymercedes.com.ar\/principal\/wp-content\/uploads\/2011\/06\/selva2011lanzamiento001.jpg\" class=\"aligncenter size-full wp-image-5230\" title=\"selva2011lanzamiento001\" src=\"https:\/\/www.hoymercedes.com.ar\/principal\/wp-content\/uploads\/2011\/06\/selva2011lanzamiento008.jpg\" alt=\"\" width=\"610\" height=\"458\" \/><\/a><\/p>\n<p><a href=\"https:\/\/www.hoymercedes.com.ar\/principal\/wp-content\/uploads\/2011\/06\/selva2011lanzamiento009.jpg\"><img loading=\"lazy\" decoding=\"async\" data-attachment-id=\"5230\" data-permalink=\"https:\/\/www.hoymercedes.com.ar\/principal\/2011\/06\/25\/lanzamiento-de-carlos-selva-2011\/selva2011lanzamiento001\/#main\" data-orig-file=\"https:\/\/www.hoymercedes.com.ar\/principal\/wp-content\/uploads\/2011\/06\/selva2011lanzamiento001.jpg\" data-orig-size=\"610,458\" data-comments-opened=\"1\" data-image-meta=\"{&quot;aperture&quot;:&quot;2.8&quot;,&quot;credit&quot;:&quot;&quot;,&quot;camera&quot;:&quot;COOLPIX L10&quot;,&quot;caption&quot;:&quot;&quot;,&quot;created_timestamp&quot;:&quot;1308756226&quot;,&quot;copyright&quot;:&quot;Copyright 2006&quot;,&quot;focal_length&quot;:&quot;6.2&quot;,&quot;iso&quot;:&quot;400&quot;,&quot;shutter_speed&quot;:&quot;0.016666666666667&quot;,&quot;title&quot;:&quot;&quot;}\" data-image-title=\"selva2011lanzamiento001\" data-image-description=\"\" data-image-caption=\"\" data-large-file=\"https:\/\/www.hoymercedes.com.ar\/principal\/wp-content\/uploads\/2011\/06\/selva2011lanzamiento001.jpg\" class=\"aligncenter size-full wp-image-5230\" title=\"selva2011lanzamiento001\" src=\"https:\/\/www.hoymercedes.com.ar\/principal\/wp-content\/uploads\/2011\/06\/selva2011lanzamiento009.jpg\" alt=\"\" width=\"610\" height=\"458\" \/><\/a><\/p>\n<p><a href=\"https:\/\/www.hoymercedes.com.ar\/principal\/wp-content\/uploads\/2011\/06\/selva2011lanzamiento011.jpg\"><img loading=\"lazy\" decoding=\"async\" data-attachment-id=\"5230\" data-permalink=\"https:\/\/www.hoymercedes.com.ar\/principal\/2011\/06\/25\/lanzamiento-de-carlos-selva-2011\/selva2011lanzamiento001\/#main\" data-orig-file=\"https:\/\/www.hoymercedes.com.ar\/principal\/wp-content\/uploads\/2011\/06\/selva2011lanzamiento001.jpg\" data-orig-size=\"610,458\" data-comments-opened=\"1\" data-image-meta=\"{&quot;aperture&quot;:&quot;2.8&quot;,&quot;credit&quot;:&quot;&quot;,&quot;camera&quot;:&quot;COOLPIX L10&quot;,&quot;caption&quot;:&quot;&quot;,&quot;created_timestamp&quot;:&quot;1308756226&quot;,&quot;copyright&quot;:&quot;Copyright 2006&quot;,&quot;focal_length&quot;:&quot;6.2&quot;,&quot;iso&quot;:&quot;400&quot;,&quot;shutter_speed&quot;:&quot;0.016666666666667&quot;,&quot;title&quot;:&quot;&quot;}\" data-image-title=\"selva2011lanzamiento001\" data-image-description=\"\" data-image-caption=\"\" data-large-file=\"https:\/\/www.hoymercedes.com.ar\/principal\/wp-content\/uploads\/2011\/06\/selva2011lanzamiento001.jpg\" class=\"aligncenter size-full wp-image-5230\" title=\"selva2011lanzamiento001\" src=\"https:\/\/www.hoymercedes.com.ar\/principal\/wp-content\/uploads\/2011\/06\/selva2011lanzamiento011.jpg\" alt=\"\" width=\"610\" height=\"458\" \/><\/a><\/p>\n<p><a href=\"https:\/\/www.hoymercedes.com.ar\/principal\/wp-content\/uploads\/2011\/06\/selva2011lanzamiento012.jpg\"><img loading=\"lazy\" decoding=\"async\" data-attachment-id=\"5230\" data-permalink=\"https:\/\/www.hoymercedes.com.ar\/principal\/2011\/06\/25\/lanzamiento-de-carlos-selva-2011\/selva2011lanzamiento001\/#main\" data-orig-file=\"https:\/\/www.hoymercedes.com.ar\/principal\/wp-content\/uploads\/2011\/06\/selva2011lanzamiento001.jpg\" data-orig-size=\"610,458\" data-comments-opened=\"1\" data-image-meta=\"{&quot;aperture&quot;:&quot;2.8&quot;,&quot;credit&quot;:&quot;&quot;,&quot;camera&quot;:&quot;COOLPIX L10&quot;,&quot;caption&quot;:&quot;&quot;,&quot;created_timestamp&quot;:&quot;1308756226&quot;,&quot;copyright&quot;:&quot;Copyright 2006&quot;,&quot;focal_length&quot;:&quot;6.2&quot;,&quot;iso&quot;:&quot;400&quot;,&quot;shutter_speed&quot;:&quot;0.016666666666667&quot;,&quot;title&quot;:&quot;&quot;}\" data-image-title=\"selva2011lanzamiento001\" data-image-description=\"\" data-image-caption=\"\" data-large-file=\"https:\/\/www.hoymercedes.com.ar\/principal\/wp-content\/uploads\/2011\/06\/selva2011lanzamiento001.jpg\" class=\"aligncenter size-full wp-image-5230\" title=\"selva2011lanzamiento001\" src=\"https:\/\/www.hoymercedes.com.ar\/principal\/wp-content\/uploads\/2011\/06\/selva2011lanzamiento012.jpg\" alt=\"\" width=\"610\" height=\"458\" \/><\/a><\/p>\n<p><a href=\"https:\/\/www.hoymercedes.com.ar\/principal\/wp-content\/uploads\/2011\/06\/selva2011lanzamiento013.jpg\"><img loading=\"lazy\" decoding=\"async\" data-attachment-id=\"5230\" data-permalink=\"https:\/\/www.hoymercedes.com.ar\/principal\/2011\/06\/25\/lanzamiento-de-carlos-selva-2011\/selva2011lanzamiento001\/#main\" data-orig-file=\"https:\/\/www.hoymercedes.com.ar\/principal\/wp-content\/uploads\/2011\/06\/selva2011lanzamiento001.jpg\" data-orig-size=\"610,458\" data-comments-opened=\"1\" data-image-meta=\"{&quot;aperture&quot;:&quot;2.8&quot;,&quot;credit&quot;:&quot;&quot;,&quot;camera&quot;:&quot;COOLPIX L10&quot;,&quot;caption&quot;:&quot;&quot;,&quot;created_timestamp&quot;:&quot;1308756226&quot;,&quot;copyright&quot;:&quot;Copyright 2006&quot;,&quot;focal_length&quot;:&quot;6.2&quot;,&quot;iso&quot;:&quot;400&quot;,&quot;shutter_speed&quot;:&quot;0.016666666666667&quot;,&quot;title&quot;:&quot;&quot;}\" data-image-title=\"selva2011lanzamiento001\" data-image-description=\"\" data-image-caption=\"\" data-large-file=\"https:\/\/www.hoymercedes.com.ar\/principal\/wp-content\/uploads\/2011\/06\/selva2011lanzamiento001.jpg\" class=\"aligncenter size-full wp-image-5230\" title=\"selva2011lanzamiento001\" src=\"https:\/\/www.hoymercedes.com.ar\/principal\/wp-content\/uploads\/2011\/06\/selva2011lanzamiento013.jpg\" alt=\"\" width=\"610\" height=\"458\" \/><\/a><\/p>\n","protected":false},"excerpt":{"rendered":"<p>Les dejamos a continuaci\u00f3n una selecci\u00f3n de im\u00e1genes del acto donde el intendente Carlos Selva se present\u00f3 como candidato para &#8230; <a title=\"Lanzamiento de Carlos Selva 2011\" class=\"read-more\" href=\"https:\/\/www.hoymercedes.com.ar\/principal\/2011\/06\/25\/lanzamiento-de-carlos-selva-2011\/\" aria-label=\"Leer m\u00e1s sobre Lanzamiento de Carlos Selva 2011\">Leer m\u00e1s<\/a><\/p>\n","protected":false},"author":1,"featured_media":0,"comment_status":"open","ping_status":"open","sticky":false,"template":"","format":"standard","meta":{"_monsterinsights_skip_tracking":false,"_monsterinsights_sitenote_active":false,"_monsterinsights_sitenote_note":"","_monsterinsights_sitenote_category":0,"jetpack_post_was_ever_published":false,"_jetpack_newsletter_access":"","_jetpack_dont_email_post_to_subs":false,"_jetpack_newsletter_tier_id":0,"_jetpack_memberships_contains_paywalled_content":false,"_jetpack_memberships_contains_paid_content":false,"footnotes":"","jetpack_publicize_message":"","jetpack_publicize_feature_enabled":true,"jetpack_social_post_already_shared":false,"jetpack_social_options":{"image_generator_settings":{"template":"highway","default_image_id":0,"font":"","enabled":false},"version":2},"_wpas_customize_per_network":false},"categories":[5],"tags":[930],"class_list":["post-5228","post","type-post","status-publish","format-standard","hentry","category-politica","tag-selva-2011","generate-columns","tablet-grid-50","mobile-grid-100","grid-parent","grid-50"],"jetpack_publicize_connections":[],"jetpack_featured_media_url":"","wps_subtitle":"","jetpack_sharing_enabled":true,"_links":{"self":[{"href":"https:\/\/www.hoymercedes.com.ar\/principal\/wp-json\/wp\/v2\/posts\/5228","targetHints":{"allow":["GET"]}}],"collection":[{"href":"https:\/\/www.hoymercedes.com.ar\/principal\/wp-json\/wp\/v2\/posts"}],"about":[{"href":"https:\/\/www.hoymercedes.com.ar\/principal\/wp-json\/wp\/v2\/types\/post"}],"author":[{"embeddable":true,"href":"https:\/\/www.hoymercedes.com.ar\/principal\/wp-json\/wp\/v2\/users\/1"}],"replies":[{"embeddable":true,"href":"https:\/\/www.hoymercedes.com.ar\/principal\/wp-json\/wp\/v2\/comments?post=5228"}],"version-history":[{"count":0,"href":"https:\/\/www.hoymercedes.com.ar\/principal\/wp-json\/wp\/v2\/posts\/5228\/revisions"}],"wp:attachment":[{"href":"https:\/\/www.hoymercedes.com.ar\/principal\/wp-json\/wp\/v2\/media?parent=5228"}],"wp:term":[{"taxonomy":"category","embeddable":true,"href":"https:\/\/www.hoymercedes.com.ar\/principal\/wp-json\/wp\/v2\/categories?post=5228"},{"taxonomy":"post_tag","embeddable":true,"href":"https:\/\/www.hoymercedes.com.ar\/principal\/wp-json\/wp\/v2\/tags?post=5228"}],"curies":[{"name":"wp","href":"https:\/\/api.w.org\/{rel}","templated":true}]}}