{"id":52380,"date":"2016-07-11T16:33:43","date_gmt":"2016-07-11T19:33:43","guid":{"rendered":"http:\/\/www.hoymercedes.com.ar\/principal\/?p=52380"},"modified":"2016-07-27T20:58:46","modified_gmt":"2016-07-27T23:58:46","slug":"omic-informacion-sobre-el-gas-y-como-actuar","status":"publish","type":"post","link":"https:\/\/www.hoymercedes.com.ar\/principal\/2016\/07\/11\/omic-informacion-sobre-el-gas-y-como-actuar\/","title":{"rendered":"OMIC: informaci\u00f3n sobre el gas y c\u00f3mo actuar"},"content":{"rendered":"<p>Desde la OMIC (Oficina Municipal de Informaci\u00f3n al Consumidor) dan cuenta de qu\u00e9 le conviene hacer a los usuarios en cuanto a las tarifas de gas y a la nulidad dictada por la C\u00e1mara de La Plata. Cualquier duda llamar a la OMIC de 8 a 14 horas al tel\u00e9fono 427645<\/p>\n<p><strong>\u00bfQu\u00e9 esta vigente?<\/strong><\/p>\n<p>La sala II de la C\u00e1mara Federal de La Plata orden\u00f3 al Estado nacional la \u00abnulidad de las resoluciones 28 y 31 del ministerio de Energ\u00eda\u00bb, que eran las que reglaban la suba de tarifas.<\/p>\n<p>A nivel local, en la tarde del mi\u00e9rcoles lleg\u00f3 la notificaci\u00f3n oficial al municipio donde se inform\u00f3 que luego de presentar varios amparos junto a los vecinos y en representaci\u00f3n de la totalidad de los usuarios de la ciudad de Mercedes, el juez Marcelo Giacoia \u2013a cargo de dictar el fallo por sorteo- y el Tribunal de Trabajo de nuestra ciudad hicieron lugar a la medida cautelar solicitada en favor de los vecinos<\/p>\n<p><strong>\u00bfQu\u00e9 puede pasar?<\/strong><br \/>\nEl Gobierno Nacional del Ing. Macri, podr\u00e1 apelar esa medida. (Esto se dar\u00eda a conocer en las \u00faltimas horas de la tarde de este lunes). Seg\u00fan se esta informando, el Poder Ejecutivo Nacional presentar\u00eda un \u00abrecurso extraordinario\u00bb ante la C\u00e1mara platense para apelar ese fallo. Ese tribunal tiene que resolverlo en el d\u00eda. Si la C\u00e1mara lo rechaza, el Gobierno ir\u00e1 a la Corte Suprema de Justicia con un recurso de \u00abqueja\u00bb.\u00a0En este caso, la decisi\u00f3n final en torno al tema reci\u00e9n se conocer\u00eda en agosto pr\u00f3ximo, tras el receso judicial de invierno que comienza la pr\u00f3xima semana. La OMIC\u00a0aclara que son \u00abtodos trascendidos\u00bb y no hay informaci\u00f3n oficial m\u00e1s all\u00e1 de que se espere la comunicaci\u00f3n en las pr\u00f3ximas horas.<\/p>\n<p><strong>\u00bfPago la factura de gas?<\/strong><\/p>\n<p>Cada factura tiene su l\u00f3gica y lectura, y atento a la falta de informaci\u00f3n, aconsejamos desde la OMIC esperar unos d\u00edas para pagar, hasta tanto podamos tener un mejor panorama para informar de manera cierta y clara a los usuarios.<br \/>\nPara cortar el suministro deben notificarte con anticipaci\u00f3n y el retraso por unos d\u00edas (mi\u00e9rcoles o jueves de la presente semana) no va afectarte. Salvo que tengas alg\u00fan problema anterior a las facturas con vencimiento entre la semana pasada y la actual, por lo que ah\u00ed si deber\u00edas abonarla.<\/p>\n<p><strong>\u00bfQu\u00e9 pasa si ya pague?<\/strong><br \/>\nHasta tanto no conozcamos si el gobierno Nacional apel\u00f3 y en este caso la resoluci\u00f3n de la Corte, no podemos informarte de manera cierta que va a pasar.<\/p>\n<p>&nbsp;<\/p>\n","protected":false},"excerpt":{"rendered":"<p>Desde la OMIC (Oficina Municipal de Informaci\u00f3n al Consumidor) dan cuenta de qu\u00e9 le conviene hacer a los usuarios en &#8230; <a title=\"OMIC: informaci\u00f3n sobre el gas y c\u00f3mo actuar\" class=\"read-more\" href=\"https:\/\/www.hoymercedes.com.ar\/principal\/2016\/07\/11\/omic-informacion-sobre-el-gas-y-como-actuar\/\" aria-label=\"Leer m\u00e1s sobre OMIC: informaci\u00f3n sobre el gas y c\u00f3mo actuar\">Leer m\u00e1s<\/a><\/p>\n","protected":false},"author":1,"featured_media":0,"comment_status":"open","ping_status":"open","sticky":false,"template":"","format":"standard","meta":{"_monsterinsights_skip_tracking":false,"_monsterinsights_sitenote_active":false,"_monsterinsights_sitenote_note":"","_monsterinsights_sitenote_category":0,"jetpack_post_was_ever_published":false,"_jetpack_newsletter_access":"","_jetpack_dont_email_post_to_subs":false,"_jetpack_newsletter_tier_id":0,"_jetpack_memberships_contains_paywalled_content":false,"_jetpack_memberships_contains_paid_content":false,"footnotes":"","jetpack_publicize_message":"","jetpack_publicize_feature_enabled":true,"jetpack_social_post_already_shared":true,"jetpack_social_options":{"image_generator_settings":{"template":"highway","default_image_id":0,"font":"","enabled":false},"version":2},"_wpas_customize_per_network":false},"categories":[30],"tags":[1734,9389,9490],"class_list":["post-52380","post","type-post","status-publish","format-standard","hentry","category-municipio","tag-ciudad-2","tag-gas","tag-tarifazo","generate-columns","tablet-grid-50","mobile-grid-100","grid-parent","grid-50"],"jetpack_publicize_connections":[],"jetpack_featured_media_url":"","wps_subtitle":"","jetpack_sharing_enabled":true,"_links":{"self":[{"href":"https:\/\/www.hoymercedes.com.ar\/principal\/wp-json\/wp\/v2\/posts\/52380","targetHints":{"allow":["GET"]}}],"collection":[{"href":"https:\/\/www.hoymercedes.com.ar\/principal\/wp-json\/wp\/v2\/posts"}],"about":[{"href":"https:\/\/www.hoymercedes.com.ar\/principal\/wp-json\/wp\/v2\/types\/post"}],"author":[{"embeddable":true,"href":"https:\/\/www.hoymercedes.com.ar\/principal\/wp-json\/wp\/v2\/users\/1"}],"replies":[{"embeddable":true,"href":"https:\/\/www.hoymercedes.com.ar\/principal\/wp-json\/wp\/v2\/comments?post=52380"}],"version-history":[{"count":0,"href":"https:\/\/www.hoymercedes.com.ar\/principal\/wp-json\/wp\/v2\/posts\/52380\/revisions"}],"wp:attachment":[{"href":"https:\/\/www.hoymercedes.com.ar\/principal\/wp-json\/wp\/v2\/media?parent=52380"}],"wp:term":[{"taxonomy":"category","embeddable":true,"href":"https:\/\/www.hoymercedes.com.ar\/principal\/wp-json\/wp\/v2\/categories?post=52380"},{"taxonomy":"post_tag","embeddable":true,"href":"https:\/\/www.hoymercedes.com.ar\/principal\/wp-json\/wp\/v2\/tags?post=52380"}],"curies":[{"name":"wp","href":"https:\/\/api.w.org\/{rel}","templated":true}]}}