{"id":52399,"date":"2016-07-12T09:25:58","date_gmt":"2016-07-12T12:25:58","guid":{"rendered":"http:\/\/www.hoymercedes.com.ar\/principal\/?p=52399"},"modified":"2016-07-12T13:43:49","modified_gmt":"2016-07-12T16:43:49","slug":"vecinos-se-expresaron-en-banca-participativa-contra-el-tarifazo","status":"publish","type":"post","link":"https:\/\/www.hoymercedes.com.ar\/principal\/2016\/07\/12\/vecinos-se-expresaron-en-banca-participativa-contra-el-tarifazo\/","title":{"rendered":"Vecinos se expresaron en banca participativa contra el tarifazo"},"content":{"rendered":"<p>Luego de la marcha realizada el <a href=\"https:\/\/www.hoymercedes.com.ar\/principal\/2016\/07\/07\/pediran-la-banca-participativa-en-el-hcd\/\" target=\"_blank\">mi\u00e9rcoles pasado<\/a>, la segunda contra el tarifazo, los vecinos reunidos en la Multisectorial MADRe y el Partido Obrero, solicitaron el uso de la banca participativa en la sesi\u00f3n del Concejo Deliberante del lunes \u00faltimo.<\/p>\n<p><img loading=\"lazy\" decoding=\"async\" data-attachment-id=\"52400\" data-permalink=\"https:\/\/www.hoymercedes.com.ar\/principal\/2016\/07\/12\/vecinos-se-expresaron-en-banca-participativa-contra-el-tarifazo\/12-hcd-banca-tarifazo-2\/#main\" data-orig-file=\"https:\/\/www.hoymercedes.com.ar\/principal\/wp-content\/uploads\/2016\/07\/12-HCD-banca-tarifazo-2.jpg\" data-orig-size=\"448,299\" data-comments-opened=\"1\" data-image-meta=\"{&quot;aperture&quot;:&quot;4&quot;,&quot;credit&quot;:&quot;&quot;,&quot;camera&quot;:&quot;NIKON D3100&quot;,&quot;caption&quot;:&quot;&quot;,&quot;created_timestamp&quot;:&quot;1468265120&quot;,&quot;copyright&quot;:&quot;&quot;,&quot;focal_length&quot;:&quot;26&quot;,&quot;iso&quot;:&quot;2500&quot;,&quot;shutter_speed&quot;:&quot;0.016666666666667&quot;,&quot;title&quot;:&quot;&quot;,&quot;orientation&quot;:&quot;1&quot;}\" data-image-title=\"12 HCD banca tarifazo 2\" data-image-description=\"\" data-image-caption=\"\" data-large-file=\"https:\/\/www.hoymercedes.com.ar\/principal\/wp-content\/uploads\/2016\/07\/12-HCD-banca-tarifazo-2.jpg\" class=\"aligncenter size-full wp-image-52400\" src=\"https:\/\/www.hoymercedes.com.ar\/principal\/wp-content\/uploads\/2016\/07\/12-HCD-banca-tarifazo-2.jpg\" alt=\"12 HCD banca tarifazo 2\" width=\"448\" height=\"299\" srcset=\"https:\/\/www.hoymercedes.com.ar\/principal\/wp-content\/uploads\/2016\/07\/12-HCD-banca-tarifazo-2.jpg 448w, https:\/\/www.hoymercedes.com.ar\/principal\/wp-content\/uploads\/2016\/07\/12-HCD-banca-tarifazo-2-150x100.jpg 150w, https:\/\/www.hoymercedes.com.ar\/principal\/wp-content\/uploads\/2016\/07\/12-HCD-banca-tarifazo-2-300x200.jpg 300w\" sizes=\"auto, (max-width: 448px) 100vw, 448px\" \/><\/p>\n<p>El presidente del cuerpo legislativo, Mat\u00edas Dematei, dio pie al pedido del concejal Santiago Altube que pidi\u00f3 el cambio de lo establecido para darles a los vecinos la banca participativa.\u00a0 Es as\u00ed que el sindicalista Miguel Ver\u00f3n, y ex concejal, hizo uso de los cinco minutos programados para expresar el pedido de las agrupaciones pol\u00edticas y sociales.<\/p>\n<p>\u201cEstamos preocupados por el tema de las tarifas. Consideramos que el aumento fue excesivo y no se implement\u00f3 lo reglamentado por la ley vigente, ya que deber\u00eda haberse realizado una audiencia p\u00fablica previa. A su vez, no se dio a conocer un cuadro de inversi\u00f3n. No sabemos qu\u00e9 inversiones har\u00e1n. Esos son los requisitos m\u00ednimos para poder aplicar nuevas tarifas\u201d, dijo Ver\u00f3n.<\/p>\n<p><span class=\"embed-youtube\" style=\"text-align:center; display: block;\"><iframe loading=\"lazy\" class=\"youtube-player\" width=\"1200\" height=\"675\" src=\"https:\/\/www.youtube.com\/embed\/O-OHh4kWvTM?version=3&#038;rel=1&#038;showsearch=0&#038;showinfo=1&#038;iv_load_policy=1&#038;fs=1&#038;hl=es-ES&#038;autohide=2&#038;wmode=transparent\" allowfullscreen=\"true\" style=\"border:0;\" sandbox=\"allow-scripts allow-same-origin allow-popups allow-presentation allow-popups-to-escape-sandbox\"><\/iframe><\/span><\/p>\n<p>\u201cEn Mercedes vimos c\u00f3mo los vecinos se acercaron con facturas que llegaban a un aumento del mil por ciento en caso del gas y del 400% en caso de la luz. Hay vecinos que tienen que destinar un sueldo para pagar las tarifas. Entendemos que es preocupante. Mucha gente no podr\u00e1 pagar el servicio, algunos con sacrificios tal vez, s\u00ed. Pero hay sectores a los que les ser\u00e1 imposible pagarlo\u201d, agreg\u00f3 el sindicalista.<\/p>\n<p>\u201cQueremos solicitarles a los bloques de Concejales que integran el HCD para que sancionen un Proyecto de Resoluci\u00f3n dirigido a las empresas Gas Natural Ban-Fenosa, EDEN S.A. y Cooperativa Lev\u00edn, para que hasta tanto no se resuelva el tema de fondo sobre los aumentos de las tarifas, las empresas no procedan a cortar el suministro de luz y gas a ning\u00fan hogar. Por \u00faltimo, tambi\u00e9n solicitamos que este HCD se pronuncie en contra de los tarifazoz, medida que ver\u00eda con agrado la mayor\u00eda de la comunidad\u201d, agreg\u00f3 Ver\u00f3n antes de retirarse del recinto.<\/p>\n<p>La sesi\u00f3n continu\u00f3 de acuerdo al orden del d\u00eda. No obstante, los vecinos incluidos en el reclamo comenzaron a los gritos desde la barra reclamando la respuesta del Concejo Deliberante. El reglamento interno, no les permite a los legisladores opinar o dialogar sobre lo expuesto por quien hace uso de la banca participativa. Se toma lo expuesto y se analiza las medidas a seguir.<\/p>\n<p>Ante el insistente reclamo de los vecinos teniendo en cuenta la posible intervenci\u00f3n de la Corte Suprema y las \u201cnuevas resoluciones\u201d tomadas por el Gobierno Nacional, los concejales cortaron el tratamiento de uno de los temas y expresaron que en el orden del d\u00eda se tratar\u00eda el tema con posterioridad. Sin embargo, fueron los concejales Carlos Milhomme, Oscar Albini y Carlos Garro que explicaron que el Concejo se expidi\u00f3 contra el tarifazo en una sesi\u00f3n anterior por unanimidad.<\/p>\n<p>\u201cEl tratamiento de un proyecto similar hemos tratado en una sesi\u00f3n anterior. El concejo ha legislado sobre este tema y all\u00ed hemos expresados nuestras posturas.\u201d, dijo Milhomme. Por su parte, el radical Albini dijo que \u201cel cuerpo se expres\u00f3 por unanimidad en contra del tarifazo y hemos adherido a las presentaciones que hicieron para que se revean los cuadros tarifarios y a otras resoluciones presentadas por otros Concejos Deliberantes\u201d. Finalmente, del FMPV, Garro, destac\u00f3 que en el orden del d\u00eda estaba entre los proyectos presentados una adhesi\u00f3n a las actuaciones realizadas por el Intendente Municipal en materia del incremento de las tarifas del gas natural.<\/p>\n","protected":false},"excerpt":{"rendered":"<p>Luego de la marcha realizada el mi\u00e9rcoles pasado, la segunda contra el tarifazo, los vecinos reunidos en la Multisectorial MADRe &#8230; <a title=\"Vecinos se expresaron en banca participativa contra el tarifazo\" class=\"read-more\" href=\"https:\/\/www.hoymercedes.com.ar\/principal\/2016\/07\/12\/vecinos-se-expresaron-en-banca-participativa-contra-el-tarifazo\/\" aria-label=\"Leer m\u00e1s sobre Vecinos se expresaron en banca participativa contra el tarifazo\">Leer m\u00e1s<\/a><\/p>\n","protected":false},"author":1,"featured_media":52400,"comment_status":"open","ping_status":"open","sticky":false,"template":"","format":"standard","meta":{"_monsterinsights_skip_tracking":false,"_monsterinsights_sitenote_active":false,"_monsterinsights_sitenote_note":"","_monsterinsights_sitenote_category":0,"jetpack_post_was_ever_published":false,"_jetpack_newsletter_access":"","_jetpack_dont_email_post_to_subs":false,"_jetpack_newsletter_tier_id":0,"_jetpack_memberships_contains_paywalled_content":false,"_jetpack_memberships_contains_paid_content":false,"footnotes":"","jetpack_publicize_message":"","jetpack_publicize_feature_enabled":true,"jetpack_social_post_already_shared":true,"jetpack_social_options":{"image_generator_settings":{"template":"highway","default_image_id":0,"font":"","enabled":false},"version":2},"_wpas_customize_per_network":false},"categories":[8],"tags":[15,8510,1045,9095,9490],"class_list":["post-52399","post","type-post","status-publish","format-standard","has-post-thumbnail","hentry","category-sociedad","tag-hcd","tag-madre","tag-partido-obrero","tag-sesion","tag-tarifazo","generate-columns","tablet-grid-50","mobile-grid-100","grid-parent","grid-50"],"jetpack_publicize_connections":[],"jetpack_featured_media_url":"https:\/\/www.hoymercedes.com.ar\/principal\/wp-content\/uploads\/2016\/07\/12-HCD-banca-tarifazo-2.jpg","wps_subtitle":"En la sesi\u00f3n del HCD","jetpack_sharing_enabled":true,"_links":{"self":[{"href":"https:\/\/www.hoymercedes.com.ar\/principal\/wp-json\/wp\/v2\/posts\/52399","targetHints":{"allow":["GET"]}}],"collection":[{"href":"https:\/\/www.hoymercedes.com.ar\/principal\/wp-json\/wp\/v2\/posts"}],"about":[{"href":"https:\/\/www.hoymercedes.com.ar\/principal\/wp-json\/wp\/v2\/types\/post"}],"author":[{"embeddable":true,"href":"https:\/\/www.hoymercedes.com.ar\/principal\/wp-json\/wp\/v2\/users\/1"}],"replies":[{"embeddable":true,"href":"https:\/\/www.hoymercedes.com.ar\/principal\/wp-json\/wp\/v2\/comments?post=52399"}],"version-history":[{"count":0,"href":"https:\/\/www.hoymercedes.com.ar\/principal\/wp-json\/wp\/v2\/posts\/52399\/revisions"}],"wp:featuredmedia":[{"embeddable":true,"href":"https:\/\/www.hoymercedes.com.ar\/principal\/wp-json\/wp\/v2\/media\/52400"}],"wp:attachment":[{"href":"https:\/\/www.hoymercedes.com.ar\/principal\/wp-json\/wp\/v2\/media?parent=52399"}],"wp:term":[{"taxonomy":"category","embeddable":true,"href":"https:\/\/www.hoymercedes.com.ar\/principal\/wp-json\/wp\/v2\/categories?post=52399"},{"taxonomy":"post_tag","embeddable":true,"href":"https:\/\/www.hoymercedes.com.ar\/principal\/wp-json\/wp\/v2\/tags?post=52399"}],"curies":[{"name":"wp","href":"https:\/\/api.w.org\/{rel}","templated":true}]}}