{"id":52407,"date":"2016-07-12T17:02:04","date_gmt":"2016-07-12T20:02:04","guid":{"rendered":"http:\/\/www.hoymercedes.com.ar\/principal\/?p=52407"},"modified":"2016-07-12T14:17:49","modified_gmt":"2016-07-12T17:17:49","slug":"diferentes-actividades-para-vacaciones-de-invierno","status":"publish","type":"post","link":"https:\/\/www.hoymercedes.com.ar\/principal\/2016\/07\/12\/diferentes-actividades-para-vacaciones-de-invierno\/","title":{"rendered":"Diferentes actividades para Vacaciones de Invierno"},"content":{"rendered":"<p>El Museo de Arte Municipalidad de Mercedes (MAMM) comenz\u00f3 con la difusi\u00f3n de las actividades que realizar\u00e1 las dos semanas de vacaciones de invierno. Ser\u00e1n varias las propuestas para los m\u00e1s peque\u00f1os que podr\u00e1n disfrutar de distintas disciplinas art\u00edsticas. Todas libres y gratuitas aunque requieren de inscripci\u00f3n previa. Cronograma:<\/p>\n<p><strong>Lunes 18 y 25<\/strong><\/p>\n<p>&#8211; Taller de Origami, con Mar\u00eda Eugenia Russi \u2013 16 a 17:30 horas.<br \/>\nPara ni\u00f1os de 8 a 13 a\u00f1os. Cupo 10 ni\u00f1os.<\/p>\n<p>&#8211; Taller de poes\u00eda y narrativa para ni\u00f1os \u201cCazadores de Palabras\u201d, con Eliana Ramponi \u2013 18:30 a 20 horas. Para ni\u00f1os de 6 a 10 a\u00f1os. Cupo 15 ni\u00f1os.<\/p>\n<p><img loading=\"lazy\" decoding=\"async\" data-attachment-id=\"52409\" data-permalink=\"https:\/\/www.hoymercedes.com.ar\/principal\/2016\/07\/12\/diferentes-actividades-para-vacaciones-de-invierno\/12-mamm-invierno-2\/#main\" data-orig-file=\"https:\/\/www.hoymercedes.com.ar\/principal\/wp-content\/uploads\/2016\/07\/12-MAMM-invierno-2.jpg\" data-orig-size=\"448,298\" data-comments-opened=\"1\" data-image-meta=\"{&quot;aperture&quot;:&quot;0&quot;,&quot;credit&quot;:&quot;&quot;,&quot;camera&quot;:&quot;&quot;,&quot;caption&quot;:&quot;&quot;,&quot;created_timestamp&quot;:&quot;0&quot;,&quot;copyright&quot;:&quot;&quot;,&quot;focal_length&quot;:&quot;0&quot;,&quot;iso&quot;:&quot;0&quot;,&quot;shutter_speed&quot;:&quot;0&quot;,&quot;title&quot;:&quot;&quot;,&quot;orientation&quot;:&quot;0&quot;}\" data-image-title=\"12 MAMM invierno 2\" data-image-description=\"\" data-image-caption=\"\" data-large-file=\"https:\/\/www.hoymercedes.com.ar\/principal\/wp-content\/uploads\/2016\/07\/12-MAMM-invierno-2.jpg\" class=\"aligncenter size-medium wp-image-52409\" src=\"https:\/\/www.hoymercedes.com.ar\/principal\/wp-content\/uploads\/2016\/07\/12-MAMM-invierno-2.jpg\" alt=\"12 MAMM invierno 2\" width=\"448\" height=\"298\" srcset=\"https:\/\/www.hoymercedes.com.ar\/principal\/wp-content\/uploads\/2016\/07\/12-MAMM-invierno-2.jpg 448w, https:\/\/www.hoymercedes.com.ar\/principal\/wp-content\/uploads\/2016\/07\/12-MAMM-invierno-2-150x100.jpg 150w, https:\/\/www.hoymercedes.com.ar\/principal\/wp-content\/uploads\/2016\/07\/12-MAMM-invierno-2-300x200.jpg 300w\" sizes=\"auto, (max-width: 448px) 100vw, 448px\" \/><\/p>\n<p><strong>Martes 19 y 26<\/strong><\/p>\n<p>&#8211; Taller de Arte Picasso \u201cReciclar, crear, jugar!!\u201d, con Natalia Ochoa \u2013 14:30 a 16 horas. Para ni\u00f1os de hasta 8 a\u00f1os. Cupo 15 ni\u00f1os.<\/p>\n<p><strong>Mi\u00e9rcoles 20<\/strong><\/p>\n<p>&#8211; Pantomima (lenguaje corporal y gestual) \u201cSin decir una palabra\u201d, con Marina Pilia \u2013 16 a 17:30 horas. Para ni\u00f1os de 9 a 11 a\u00f1os. Cupo 15 ni\u00f1os.<\/p>\n<p><strong>Mi\u00e9rcoles 20 y 27<\/strong><\/p>\n<p>&#8211; Arte y Medio Ambiente (elaboraci\u00f3n de papel artesanal y reciclado), con Laura Parras \u2013 10 a 12 horas. Para ni\u00f1os de 6 a 12 a\u00f1os. Cupo 15 ni\u00f1os<\/p>\n<p><strong>Mi\u00e9rcoles 27<\/strong><\/p>\n<p>&#8211; \u201cT\u00edteres de papel\u201d, con Vero Durand \u2013 15 horas. Para ni\u00f1os de 5 a 12 a\u00f1os. Cupo 15 ni\u00f1os<\/p>\n<p><strong>Jueves 21 y 28<\/strong><\/p>\n<p>&#8211; Taller de fotograf\u00eda estenopeica \u201cEstenocaciones\u201d, Estenopo Escuela\/El Estudio con Mariano Fuaz \u2013 10:30 horas. Para ni\u00f1os de 8 a\u00f1os en adelante. Cupo 15 ni\u00f1os.<\/p>\n<p>&#8211; Cine Infantil \u2013 Proyecci\u00f3n de pel\u00edculas. 15 horas.<\/p>\n<p><strong>Viernes 22<\/strong><\/p>\n<p>&#8211; \u201cT\u00edteres de papel\u201d, con Vero Durand \u2013 15 horas. Para ni\u00f1os de 5 a 12 a\u00f1os. Cupo 15 ni\u00f1os<\/p>\n<p><strong>Viernes 29<\/strong><\/p>\n<p>&#8211; Clases de Danza Moderna, con Luciana Oss\u00e9s y Mar\u00eda Eugenia Fraiese de MOVE Estudio de Danza y Arte. Para ni\u00f1os de 9 a 13 a\u00f1os \u2013 16 a 17:30 horass.<br \/>\n&#8211; Clases de Danza JAZZ. Para adolescentes y adultos \u2013 17:30 a 19 horas.<\/p>\n<p><strong>S\u00e1bado 23 y 30<\/strong><\/p>\n<p>&#8211; Taller de Arte Picasso \u201cReciclar, crear, jugar!!\u201d, con Natalia Ochoa \u2013 14:30 a 16 horas. Para ni\u00f1os de hasta 8 a\u00f1os. Cupo 15 ni\u00f1os.<\/p>\n<p><strong>Domingo 24 y 31<\/strong><\/p>\n<p>&#8211; Actuaci\u00f3n del payaso Arturello Di P\u00f3polo, \u201cAlegre divertimento\u201d, con Arturo Chillida- 15 horas. Para todas las edades.<\/p>\n<p><img loading=\"lazy\" decoding=\"async\" data-attachment-id=\"52408\" data-permalink=\"https:\/\/www.hoymercedes.com.ar\/principal\/2016\/07\/12\/diferentes-actividades-para-vacaciones-de-invierno\/12-mamm-invierno-1\/#main\" data-orig-file=\"https:\/\/www.hoymercedes.com.ar\/principal\/wp-content\/uploads\/2016\/07\/12-MAMM-invierno-1.jpg\" data-orig-size=\"448,298\" data-comments-opened=\"1\" data-image-meta=\"{&quot;aperture&quot;:&quot;0&quot;,&quot;credit&quot;:&quot;&quot;,&quot;camera&quot;:&quot;&quot;,&quot;caption&quot;:&quot;&quot;,&quot;created_timestamp&quot;:&quot;0&quot;,&quot;copyright&quot;:&quot;&quot;,&quot;focal_length&quot;:&quot;0&quot;,&quot;iso&quot;:&quot;0&quot;,&quot;shutter_speed&quot;:&quot;0&quot;,&quot;title&quot;:&quot;&quot;,&quot;orientation&quot;:&quot;0&quot;}\" data-image-title=\"12 MAMM invierno 1\" data-image-description=\"\" data-image-caption=\"\" data-large-file=\"https:\/\/www.hoymercedes.com.ar\/principal\/wp-content\/uploads\/2016\/07\/12-MAMM-invierno-1.jpg\" class=\"aligncenter size-full wp-image-52408\" src=\"https:\/\/www.hoymercedes.com.ar\/principal\/wp-content\/uploads\/2016\/07\/12-MAMM-invierno-1.jpg\" alt=\"12 MAMM invierno 1\" width=\"448\" height=\"298\" srcset=\"https:\/\/www.hoymercedes.com.ar\/principal\/wp-content\/uploads\/2016\/07\/12-MAMM-invierno-1.jpg 448w, https:\/\/www.hoymercedes.com.ar\/principal\/wp-content\/uploads\/2016\/07\/12-MAMM-invierno-1-150x100.jpg 150w, https:\/\/www.hoymercedes.com.ar\/principal\/wp-content\/uploads\/2016\/07\/12-MAMM-invierno-1-300x200.jpg 300w\" sizes=\"auto, (max-width: 448px) 100vw, 448px\" \/><\/p>\n<p>En todos los casos (exceptuando el show del payaso Arturello Di P\u00f3polo y el Cine Infantil), se requiere de inscripci\u00f3n previa para cada una de las actividades. Las inscripciones se realizan personalmente en el Museo de Arte (Calle 23 N\u00ba 383) o a trav\u00e9s del tel\u00e9fono (02324) 435368<\/p>\n<p>Horarios de atenci\u00f3n: Lunes a Viernes de 8:30 a 18:50 horas. y\u00a0S\u00e1bados, domingos y feriados de 16 a 20 horas.<\/p>\n","protected":false},"excerpt":{"rendered":"<p>El Museo de Arte Municipalidad de Mercedes (MAMM) comenz\u00f3 con la difusi\u00f3n de las actividades que realizar\u00e1 las dos semanas &#8230; <a title=\"Diferentes actividades para Vacaciones de Invierno\" class=\"read-more\" href=\"https:\/\/www.hoymercedes.com.ar\/principal\/2016\/07\/12\/diferentes-actividades-para-vacaciones-de-invierno\/\" aria-label=\"Leer m\u00e1s sobre Diferentes actividades para Vacaciones de Invierno\">Leer m\u00e1s<\/a><\/p>\n","protected":false},"author":1,"featured_media":52408,"comment_status":"open","ping_status":"open","sticky":false,"template":"","format":"standard","meta":{"_monsterinsights_skip_tracking":false,"_monsterinsights_sitenote_active":false,"_monsterinsights_sitenote_note":"","_monsterinsights_sitenote_category":0,"jetpack_post_was_ever_published":false,"_jetpack_newsletter_access":"","_jetpack_dont_email_post_to_subs":false,"_jetpack_newsletter_tier_id":0,"_jetpack_memberships_contains_paywalled_content":false,"_jetpack_memberships_contains_paid_content":false,"footnotes":"","jetpack_publicize_message":"","jetpack_publicize_feature_enabled":true,"jetpack_social_post_already_shared":true,"jetpack_social_options":{"image_generator_settings":{"template":"highway","default_image_id":0,"font":"","enabled":false},"version":2},"_wpas_customize_per_network":false},"categories":[104],"tags":[8618,7805,8674,7629],"class_list":["post-52407","post","type-post","status-publish","format-standard","has-post-thumbnail","hentry","category-cultura","tag-cronograma","tag-cultura","tag-mamm","tag-vacaciones-de-invierno","generate-columns","tablet-grid-50","mobile-grid-100","grid-parent","grid-50"],"jetpack_publicize_connections":[],"jetpack_featured_media_url":"https:\/\/www.hoymercedes.com.ar\/principal\/wp-content\/uploads\/2016\/07\/12-MAMM-invierno-1.jpg","wps_subtitle":"Armando la agenda ","jetpack_sharing_enabled":true,"_links":{"self":[{"href":"https:\/\/www.hoymercedes.com.ar\/principal\/wp-json\/wp\/v2\/posts\/52407","targetHints":{"allow":["GET"]}}],"collection":[{"href":"https:\/\/www.hoymercedes.com.ar\/principal\/wp-json\/wp\/v2\/posts"}],"about":[{"href":"https:\/\/www.hoymercedes.com.ar\/principal\/wp-json\/wp\/v2\/types\/post"}],"author":[{"embeddable":true,"href":"https:\/\/www.hoymercedes.com.ar\/principal\/wp-json\/wp\/v2\/users\/1"}],"replies":[{"embeddable":true,"href":"https:\/\/www.hoymercedes.com.ar\/principal\/wp-json\/wp\/v2\/comments?post=52407"}],"version-history":[{"count":0,"href":"https:\/\/www.hoymercedes.com.ar\/principal\/wp-json\/wp\/v2\/posts\/52407\/revisions"}],"wp:featuredmedia":[{"embeddable":true,"href":"https:\/\/www.hoymercedes.com.ar\/principal\/wp-json\/wp\/v2\/media\/52408"}],"wp:attachment":[{"href":"https:\/\/www.hoymercedes.com.ar\/principal\/wp-json\/wp\/v2\/media?parent=52407"}],"wp:term":[{"taxonomy":"category","embeddable":true,"href":"https:\/\/www.hoymercedes.com.ar\/principal\/wp-json\/wp\/v2\/categories?post=52407"},{"taxonomy":"post_tag","embeddable":true,"href":"https:\/\/www.hoymercedes.com.ar\/principal\/wp-json\/wp\/v2\/tags?post=52407"}],"curies":[{"name":"wp","href":"https:\/\/api.w.org\/{rel}","templated":true}]}}