{"id":52415,"date":"2016-07-12T13:56:06","date_gmt":"2016-07-12T16:56:06","guid":{"rendered":"http:\/\/www.hoymercedes.com.ar\/principal\/?p=52415"},"modified":"2016-07-13T19:24:51","modified_gmt":"2016-07-13T22:24:51","slug":"nos-enorgullece-tener-policias-asi","status":"publish","type":"post","link":"https:\/\/www.hoymercedes.com.ar\/principal\/2016\/07\/12\/nos-enorgullece-tener-policias-asi\/","title":{"rendered":"\u00abNos enorgullece tener polic\u00edas as\u00ed\u00bb"},"content":{"rendered":"<p>A nuestra redacci\u00f3n lleg\u00f3 un mensaje de parte de una de las lectoras para hacer p\u00fablico la felicitaci\u00f3n a dos polic\u00edas que actuaron ante la descompensaci\u00f3n de un hombre en la esquina de 14 y 33. A continuaci\u00f3n, trascribimos el mensaje:<\/p>\n<p>\u00abSiendo la hora 14 40, en la parada de plaza Belgrano, se nos acerca una mujer\u00a0d\u00e1ndonos aviso de que un hombre\u00a0se encontraba tirada sobre la vereda de calle 14 y 33. En el\u00a0lugar nos percatamos que aparentemente ten\u00eda un ataque cardio respiratorio. Vamos al Hospital\u00a0a dar aviso para que mande una ambulancia, por consiguiente se toma los signos vitales del mismo, percat\u00e1ndonos de que no los ten\u00eda, le realizan RCP logrando reanimarlo. Esperando a que llegue la la ambulancia y lo traslada al Hospital. Quienes actuaron fueron los oficiales Mat\u00edas Defeliche (leg 484712) y Gladys Spinelli (leg 489530).\u00a0Nos enorgullece tener polic\u00edas as\u00ed\u00bb<\/p>\n","protected":false},"excerpt":{"rendered":"<p>A nuestra redacci\u00f3n lleg\u00f3 un mensaje de parte de una de las lectoras para hacer p\u00fablico la felicitaci\u00f3n a dos &#8230; <a title=\"\u00abNos enorgullece tener polic\u00edas as\u00ed\u00bb\" class=\"read-more\" href=\"https:\/\/www.hoymercedes.com.ar\/principal\/2016\/07\/12\/nos-enorgullece-tener-policias-asi\/\" aria-label=\"Leer m\u00e1s sobre \u00abNos enorgullece tener polic\u00edas as\u00ed\u00bb\">Leer m\u00e1s<\/a><\/p>\n","protected":false},"author":1,"featured_media":0,"comment_status":"open","ping_status":"open","sticky":false,"template":"","format":"standard","meta":{"_monsterinsights_skip_tracking":false,"_monsterinsights_sitenote_active":false,"_monsterinsights_sitenote_note":"","_monsterinsights_sitenote_category":0,"jetpack_post_was_ever_published":false,"_jetpack_newsletter_access":"","_jetpack_dont_email_post_to_subs":false,"_jetpack_newsletter_tier_id":0,"_jetpack_memberships_contains_paywalled_content":false,"_jetpack_memberships_contains_paid_content":false,"footnotes":"","jetpack_publicize_message":"","jetpack_publicize_feature_enabled":true,"jetpack_social_post_already_shared":true,"jetpack_social_options":{"image_generator_settings":{"template":"highway","default_image_id":0,"font":"","enabled":false},"version":2},"_wpas_customize_per_network":false},"categories":[11],"tags":[10,83],"class_list":["post-52415","post","type-post","status-publish","format-standard","hentry","category-ciudad","tag-mercedes","tag-policia","generate-columns","tablet-grid-50","mobile-grid-100","grid-parent","grid-50"],"jetpack_publicize_connections":[],"jetpack_featured_media_url":"","wps_subtitle":"","jetpack_sharing_enabled":true,"_links":{"self":[{"href":"https:\/\/www.hoymercedes.com.ar\/principal\/wp-json\/wp\/v2\/posts\/52415","targetHints":{"allow":["GET"]}}],"collection":[{"href":"https:\/\/www.hoymercedes.com.ar\/principal\/wp-json\/wp\/v2\/posts"}],"about":[{"href":"https:\/\/www.hoymercedes.com.ar\/principal\/wp-json\/wp\/v2\/types\/post"}],"author":[{"embeddable":true,"href":"https:\/\/www.hoymercedes.com.ar\/principal\/wp-json\/wp\/v2\/users\/1"}],"replies":[{"embeddable":true,"href":"https:\/\/www.hoymercedes.com.ar\/principal\/wp-json\/wp\/v2\/comments?post=52415"}],"version-history":[{"count":0,"href":"https:\/\/www.hoymercedes.com.ar\/principal\/wp-json\/wp\/v2\/posts\/52415\/revisions"}],"wp:attachment":[{"href":"https:\/\/www.hoymercedes.com.ar\/principal\/wp-json\/wp\/v2\/media?parent=52415"}],"wp:term":[{"taxonomy":"category","embeddable":true,"href":"https:\/\/www.hoymercedes.com.ar\/principal\/wp-json\/wp\/v2\/categories?post=52415"},{"taxonomy":"post_tag","embeddable":true,"href":"https:\/\/www.hoymercedes.com.ar\/principal\/wp-json\/wp\/v2\/tags?post=52415"}],"curies":[{"name":"wp","href":"https:\/\/api.w.org\/{rel}","templated":true}]}}