{"id":52428,"date":"2016-07-13T20:25:07","date_gmt":"2016-07-13T23:25:07","guid":{"rendered":"http:\/\/www.hoymercedes.com.ar\/principal\/?p=52428"},"modified":"2016-07-12T21:00:47","modified_gmt":"2016-07-13T00:00:47","slug":"fabian-schenone-estoy-orgulloso-de-mis-jugadores","status":"publish","type":"post","link":"https:\/\/www.hoymercedes.com.ar\/principal\/2016\/07\/13\/fabian-schenone-estoy-orgulloso-de-mis-jugadores\/","title":{"rendered":"Fabi\u00e1n Schenone: \u00abEstoy orgulloso de mis jugadores\u00bb"},"content":{"rendered":"<p><em><strong>En el torneo de Reserva de la Liga Mercedina de F\u00fatbol, Trocha viene haciendo una campa\u00f1a impecable: gan\u00f3 los 13 partidos que jug\u00f3, convirtiendo 44 goles y recibiendo 11. Adem\u00e1s, tiene al goleador del torneo, Mauro Sigona, que adem\u00e1s tambi\u00e9n la mete en Primera.<\/strong><\/em><\/p>\n<p><img loading=\"lazy\" decoding=\"async\" data-attachment-id=\"52432\" data-permalink=\"https:\/\/www.hoymercedes.com.ar\/principal\/2016\/07\/13\/fabian-schenone-estoy-orgulloso-de-mis-jugadores\/fabian-schenone-2\/#main\" data-orig-file=\"https:\/\/www.hoymercedes.com.ar\/principal\/wp-content\/uploads\/2016\/07\/Fabian-Schenone-1.jpg\" data-orig-size=\"480,626\" data-comments-opened=\"1\" data-image-meta=\"{&quot;aperture&quot;:&quot;0&quot;,&quot;credit&quot;:&quot;&quot;,&quot;camera&quot;:&quot;&quot;,&quot;caption&quot;:&quot;&quot;,&quot;created_timestamp&quot;:&quot;0&quot;,&quot;copyright&quot;:&quot;&quot;,&quot;focal_length&quot;:&quot;0&quot;,&quot;iso&quot;:&quot;0&quot;,&quot;shutter_speed&quot;:&quot;0&quot;,&quot;title&quot;:&quot;&quot;,&quot;orientation&quot;:&quot;1&quot;}\" data-image-title=\"Fabian Schenone\" data-image-description=\"\" data-image-caption=\"\" data-large-file=\"https:\/\/www.hoymercedes.com.ar\/principal\/wp-content\/uploads\/2016\/07\/Fabian-Schenone-1.jpg\" class=\"aligncenter size-medium wp-image-52432\" src=\"https:\/\/www.hoymercedes.com.ar\/principal\/wp-content\/uploads\/2016\/07\/Fabian-Schenone-1-475x620.jpg\" alt=\"Fabian Schenone\" width=\"475\" height=\"620\" srcset=\"https:\/\/www.hoymercedes.com.ar\/principal\/wp-content\/uploads\/2016\/07\/Fabian-Schenone-1-475x620.jpg 475w, https:\/\/www.hoymercedes.com.ar\/principal\/wp-content\/uploads\/2016\/07\/Fabian-Schenone-1-115x150.jpg 115w, https:\/\/www.hoymercedes.com.ar\/principal\/wp-content\/uploads\/2016\/07\/Fabian-Schenone-1.jpg 480w\" sizes=\"auto, (max-width: 475px) 100vw, 475px\" \/><\/p>\n<p>&nbsp;<\/p>\n<p>En una entrevista con El Pulso, que se emite de lunes a viernes de 8 a 12 por FM La Tribuna 103.5, su entrenador, Fabi\u00e1n Schenone, coment\u00f3 c\u00f3mo fue el proceso para poder llegar a tan preciado panorama: \u00abcuando empezamos en junio del a\u00f1o pasado hicimos una prueba en el Sindicato de la Carne para jugar en Reserva y nos cost\u00f3 bastante, nos tuvimos que adaptar y a partir de este a\u00f1o hablamos con la gente del CIFA para poder tener jugadores de ellos, que eran los que quedaban afuera de la Primera Divisi\u00f3n e hicimos una mezcla con los que eran de Mercedes. Fue una decisi\u00f3n dif\u00edcil porque hubo que dejar gente afuera, pero por suerte pudimos armar un grupo bueno y unido, ya que incluso los viernes quedan concentrando en la ciudad para jugar el s\u00e1bado. Se nos dio de poder ganar hasta ahora todos los partidos del torneo, batiendo un record que hab\u00eda en la ciudad y es un premio para el esfuerzo que los jugadores hacen porque se lo tomaron con mucha seriedad\u00bb.<\/p>\n<p>Schenone agreg\u00f3 que \u00abde esa manera, podemos tener a todos los jugadores en actividad, es por eso y tenemos la actualidad de pibes como Sigona, goleador en Reserva y con varios tantos en Primera, o de Garr\u00e9, el hijo del \u00abMago\u00bb, que este fin de semana debut\u00f3 en Primera y que tiene experiencia en clubes como Ferro y Almagro y que tiene unas condiciones b\u00e1rbaras\u00bb.<\/p>\n<p>Respecto a tener en el plantel al hijo de Oscar Garr\u00e9, campe\u00f3n del Mundo en M\u00e9xico 86, se\u00f1al\u00f3: \u00abLo que destaco de Garr\u00e9 padre e hijo es la humildad que tienen y que tienen una gran personalidad y hacen muy bien al grupo\u00bb.<\/p>\n<p>Por \u00faltimo, cerr\u00f3 diciendo que est\u00e1 \u00abagradecido a la gente del CIFA, encabezada por Sergio Orsini. Cuando surgi\u00f3 la posibilidad de jugar con Reseva, nos pusimos a buscar t\u00e9cnico, porque yo estaba bastante retirado y no quer\u00eda saber nada y al no conseguir lo que busc\u00e1bamos y se nos complic\u00f3. Estoy orgulloso del equipo que tengo porque tambi\u00e9n cuando todos pueden, incluso los mercedinos, viajan a Moreno a entrenar y gracias a Dios se ven los frutos\u00bb.<\/p>\n","protected":false},"excerpt":{"rendered":"<p>En el torneo de Reserva de la Liga Mercedina de F\u00fatbol, Trocha viene haciendo una campa\u00f1a impecable: gan\u00f3 los 13 &#8230; <a title=\"Fabi\u00e1n Schenone: \u00abEstoy orgulloso de mis jugadores\u00bb\" class=\"read-more\" href=\"https:\/\/www.hoymercedes.com.ar\/principal\/2016\/07\/13\/fabian-schenone-estoy-orgulloso-de-mis-jugadores\/\" aria-label=\"Leer m\u00e1s sobre Fabi\u00e1n Schenone: \u00abEstoy orgulloso de mis jugadores\u00bb\">Leer m\u00e1s<\/a><\/p>\n","protected":false},"author":1,"featured_media":52432,"comment_status":"open","ping_status":"open","sticky":false,"template":"","format":"standard","meta":{"_monsterinsights_skip_tracking":false,"_monsterinsights_sitenote_active":false,"_monsterinsights_sitenote_note":"","_monsterinsights_sitenote_category":0,"jetpack_post_was_ever_published":false,"_jetpack_newsletter_access":"","_jetpack_dont_email_post_to_subs":false,"_jetpack_newsletter_tier_id":0,"_jetpack_memberships_contains_paywalled_content":false,"_jetpack_memberships_contains_paid_content":false,"footnotes":"","jetpack_publicize_message":"","jetpack_publicize_feature_enabled":true,"jetpack_social_post_already_shared":true,"jetpack_social_options":{"image_generator_settings":{"template":"highway","default_image_id":0,"font":"","enabled":false},"version":2},"_wpas_customize_per_network":false},"categories":[21],"tags":[9708,9707,1003,1901,8775,1379],"class_list":["post-52428","post","type-post","status-publish","format-standard","has-post-thumbnail","hentry","category-deportes","tag-cifa","tag-fabian-schenone","tag-futbol","tag-liga-mercedina","tag-reserva","tag-trocha","generate-columns","tablet-grid-50","mobile-grid-100","grid-parent","grid-50"],"jetpack_publicize_connections":[],"jetpack_featured_media_url":"https:\/\/www.hoymercedes.com.ar\/principal\/wp-content\/uploads\/2016\/07\/Fabian-Schenone-1.jpg","wps_subtitle":"El DT del l\u00edder de la Reserva","jetpack_sharing_enabled":true,"_links":{"self":[{"href":"https:\/\/www.hoymercedes.com.ar\/principal\/wp-json\/wp\/v2\/posts\/52428","targetHints":{"allow":["GET"]}}],"collection":[{"href":"https:\/\/www.hoymercedes.com.ar\/principal\/wp-json\/wp\/v2\/posts"}],"about":[{"href":"https:\/\/www.hoymercedes.com.ar\/principal\/wp-json\/wp\/v2\/types\/post"}],"author":[{"embeddable":true,"href":"https:\/\/www.hoymercedes.com.ar\/principal\/wp-json\/wp\/v2\/users\/1"}],"replies":[{"embeddable":true,"href":"https:\/\/www.hoymercedes.com.ar\/principal\/wp-json\/wp\/v2\/comments?post=52428"}],"version-history":[{"count":0,"href":"https:\/\/www.hoymercedes.com.ar\/principal\/wp-json\/wp\/v2\/posts\/52428\/revisions"}],"wp:featuredmedia":[{"embeddable":true,"href":"https:\/\/www.hoymercedes.com.ar\/principal\/wp-json\/wp\/v2\/media\/52432"}],"wp:attachment":[{"href":"https:\/\/www.hoymercedes.com.ar\/principal\/wp-json\/wp\/v2\/media?parent=52428"}],"wp:term":[{"taxonomy":"category","embeddable":true,"href":"https:\/\/www.hoymercedes.com.ar\/principal\/wp-json\/wp\/v2\/categories?post=52428"},{"taxonomy":"post_tag","embeddable":true,"href":"https:\/\/www.hoymercedes.com.ar\/principal\/wp-json\/wp\/v2\/tags?post=52428"}],"curies":[{"name":"wp","href":"https:\/\/api.w.org\/{rel}","templated":true}]}}